{"id":1253,"date":"2020-02-21T11:12:00","date_gmt":"2020-02-21T10:12:00","guid":{"rendered":"https:\/\/cistime-fasady.sk\/?p=1253"},"modified":"2024-08-13T12:31:24","modified_gmt":"2024-08-13T10:31:24","slug":"umyvanie-fasady","status":"publish","type":"post","link":"https:\/\/cistime-fasady.sk\/cz\/umyvanie-fasady\/","title":{"rendered":"Um\u00fdvanie fas\u00e1dy \u2013 va\u0161a fas\u00e1da bude op\u00e4\u0165 ako nov\u00e1"},"content":{"rendered":"<p><em>\u0160pinav\u00e1 fas\u00e1da m\u00f4\u017ee ma\u0165 nespo\u010detn\u00e9 mno\u017estvo pr\u00ed\u010din. Medzi tie naj\u010dastej\u0161ie patr\u00ed zne\u010distenie prachom a smogom. D\u00f4vodom v\u0161ak m\u00f4\u017eu by\u0165 napr\u00edklad aj plesne a&nbsp;riasy, ktor\u00e9 sa na va\u0161ej fas\u00e1de \u201eudom\u00e1cnili\u201c. \u010castokr\u00e1t teda nejde len o&nbsp;estetick\u00fd probl\u00e9m v\u00e1\u0161ho domu \u010di bytu, ale m\u00f4\u017ee \u00eds\u0165 aj o&nbsp;zdravotn\u00e9 riziko pre v\u00e1s a&nbsp;va\u0161u rodinu. Existuje v\u0161ak jednoduch\u00e9 rie\u0161enie &#8211; um\u00fdvanie fas\u00e1dy.<\/em><\/p>\n\n\n\n<div style=\"height:30px\" aria-hidden=\"true\" class=\"wp-block-spacer\"><\/div>\n\n\n\n<h2 class=\"wp-block-heading\"><strong>Profesion\u00e1lne um\u00fdvanie fas\u00e1dy v\u00e1m pom\u00f4\u017ee zbavi\u0165 sa probl\u00e9mu naozaj do h\u013abky<\/strong><\/h2>\n\n\n\n<p>Toto v\u0161etko v\u0161ak dok\u00e1\u017eete vyrie\u0161i\u0165 ve\u013emi jednoducho. Najvhodnej\u0161\u00edm a&nbsp;finan\u010dne najmenej n\u00e1ro\u010dn\u00fdm rie\u0161en\u00edm je profesion\u00e1lne&nbsp;<strong>um\u00fdvanie fas\u00e1dy<\/strong>, ktor\u00e9 v\u00e1m pon\u00fakame. V\u010faka jedine\u010dn\u00fdm technol\u00f3gi\u00e1m, ktor\u00e9 pri svojej pr\u00e1ci pou\u017e\u00edvame, sa m\u00f4\u017eete spo\u013eahn\u00fa\u0165 na to, \u017ee va\u0161u fas\u00e1du vy\u010dist\u00edme a\u017e do h\u013abky a&nbsp;t\u00fdm zabr\u00e1nime \u0161\u00edreniu plesn\u00ed \u010di rias aj do bud\u00facnosti. Navy\u0161e, toto rie\u0161enie v\u00e1m u\u0161etr\u00ed a\u017e 70% n\u00e1kladov oproti napr\u00edklad nov\u00e9mu n\u00e1teru fas\u00e1dy.<\/p>\n\n\n\n<div style=\"height:30px\" aria-hidden=\"true\" class=\"wp-block-spacer\"><\/div>\n\n\n\n<h3 class=\"wp-block-heading\"><strong><strong><strong>Na celom Slovensku m\u00e1te <a href=\"\/cz\/#formular\">mo\u017enos\u0165 bezplatnej sk\u00fa\u0161obnej plochy priamo u v\u00e1s doma<\/a>.<\/strong><\/strong><\/strong><\/h3>\n\n\n\n<div style=\"height:30px\" aria-hidden=\"true\" class=\"wp-block-spacer\"><\/div>\n\n\n\n<figure class=\"wp-block-gallery has-nested-images columns-default is-cropped wp-block-gallery-1 is-layout-flex wp-block-gallery-is-layout-flex\">\n<figure class=\"wp-block-image size-large\"><img fetchpriority=\"high\" decoding=\"async\" width=\"1024\" height=\"768\" data-id=\"1003\" src=\"https:\/\/cistime-fasady.sk\/wp-content\/uploads\/2024\/06\/89.webp\" alt=\"um\u00fdvanie fas\u00e1dy\" class=\"wp-image-1003\" srcset=\"https:\/\/cistime-fasady.sk\/wp-content\/uploads\/2024\/06\/89.webp 1024w, https:\/\/cistime-fasady.sk\/wp-content\/uploads\/2024\/06\/89-300x225.webp 300w, https:\/\/cistime-fasady.sk\/wp-content\/uploads\/2024\/06\/89-768x576.webp 768w\" sizes=\"(max-width: 1024px) 100vw, 1024px\" \/><\/figure>\n\n\n\n<figure class=\"wp-block-image size-large\"><img decoding=\"async\" width=\"1024\" height=\"768\" data-id=\"1004\" src=\"https:\/\/cistime-fasady.sk\/wp-content\/uploads\/2024\/06\/90.webp\" alt=\"umyvanie fasady\" class=\"wp-image-1004\" srcset=\"https:\/\/cistime-fasady.sk\/wp-content\/uploads\/2024\/06\/90.webp 1024w, https:\/\/cistime-fasady.sk\/wp-content\/uploads\/2024\/06\/90-300x225.webp 300w, https:\/\/cistime-fasady.sk\/wp-content\/uploads\/2024\/06\/90-768x576.webp 768w\" sizes=\"(max-width: 1024px) 100vw, 1024px\" \/><\/figure>\n<\/figure>\n\n\n\n<p><\/p>","protected":false},"excerpt":{"rendered":"<p>\u0160pinav\u00e1 fas\u00e1da m\u00f4\u017ee ma\u0165 nespo\u010detn\u00e9 mno\u017estvo pr\u00ed\u010din. Medzi tie naj\u010dastej\u0161ie patr\u00ed zne\u010distenie prachom a smogom. D\u00f4vodom v\u0161ak m\u00f4\u017eu by\u0165 napr\u00edklad aj plesne a\u00a0riasy, ktor\u00e9 sa na va\u0161ej fas\u00e1de \u201eudom\u00e1cnili\u201c. \u010castokr\u00e1t teda nejde len o\u00a0estetick\u00fd probl\u00e9m v\u00e1\u0161ho domu \u010di bytu, ale m\u00f4\u017ee \u00eds\u0165 aj o\u00a0zdravotn\u00e9 riziko pre v\u00e1s a\u00a0va\u0161u rodinu. Existuje v\u0161ak jednoduch\u00e9 rie\u0161enie &#8211; um\u00fdvanie fas\u00e1dy.<\/p>","protected":false},"author":1,"featured_media":1003,"comment_status":"closed","ping_status":"open","sticky":false,"template":"","format":"standard","meta":{"footnotes":""},"categories":[1],"tags":[],"class_list":["post-1253","post","type-post","status-publish","format-standard","has-post-thumbnail","hentry","category-nezaradene"],"yoast_head":"<!-- This site is optimized with the Yoast SEO plugin v23.1 - https:\/\/yoast.com\/wordpress\/plugins\/seo\/ -->\n<title>Um\u00fdvanie fas\u00e1dy \u2013 va\u0161a fas\u00e1da bude op\u00e4\u0165 ako nov\u00e1 | \u010cist\u00edme Fas\u00e1dy<\/title>\n<meta name=\"description\" content=\"Profesion\u00e1lne um\u00fdvanie fas\u00e1dy, ktor\u00e9 v\u00e1m pom\u00f4\u017ee odstr\u00e1ni\u0165 z va\u0161ej fas\u00e1dy v\u0161etky ne\u010distoty. Vysk\u00fa\u0161ajte uk\u00e1\u017eku zdarma priamo u v\u00e1s doma.\" \/>\n<meta name=\"robots\" content=\"index, follow, max-snippet:-1, max-image-preview:large, max-video-preview:-1\" \/>\n<link rel=\"canonical\" href=\"https:\/\/cistime-fasady.sk\/cz\/umyvanie-fasady\/\" \/>\n<meta property=\"og:locale\" content=\"cs_CZ\" \/>\n<meta property=\"og:type\" content=\"article\" \/>\n<meta property=\"og:title\" content=\"Um\u00fdvanie fas\u00e1dy \u2013 va\u0161a fas\u00e1da bude op\u00e4\u0165 ako nov\u00e1 | \u010cist\u00edme Fas\u00e1dy\" \/>\n<meta property=\"og:description\" content=\"Profesion\u00e1lne um\u00fdvanie fas\u00e1dy, ktor\u00e9 v\u00e1m pom\u00f4\u017ee odstr\u00e1ni\u0165 z va\u0161ej fas\u00e1dy v\u0161etky ne\u010distoty. Vysk\u00fa\u0161ajte uk\u00e1\u017eku zdarma priamo u v\u00e1s doma.\" \/>\n<meta property=\"og:url\" content=\"https:\/\/cistime-fasady.sk\/cz\/umyvanie-fasady\/\" \/>\n<meta property=\"og:site_name\" content=\"\u010cist\u00edme Fas\u00e1dy\" \/>\n<meta property=\"article:publisher\" content=\"https:\/\/www.facebook.com\/cisteniefasadvalmax\/\" \/>\n<meta property=\"article:published_time\" content=\"2020-02-21T10:12:00+00:00\" \/>\n<meta property=\"article:modified_time\" content=\"2024-08-13T10:31:24+00:00\" \/>\n<meta property=\"og:image\" content=\"https:\/\/cistime-fasady.sk\/wp-content\/uploads\/2024\/06\/89.webp\" \/>\n\t<meta property=\"og:image:width\" content=\"1024\" \/>\n\t<meta property=\"og:image:height\" content=\"768\" \/>\n\t<meta property=\"og:image:type\" content=\"image\/jpeg\" \/>\n<meta name=\"author\" content=\"RAKETING\" \/>\n<meta name=\"twitter:card\" content=\"summary_large_image\" \/>\n<meta name=\"twitter:label1\" content=\"Napsal(a)\" \/>\n\t<meta name=\"twitter:data1\" content=\"RAKETING\" \/>\n\t<meta name=\"twitter:label2\" content=\"Odhadovan\u00e1 doba \u010dten\u00ed\" \/>\n\t<meta name=\"twitter:data2\" content=\"2 minuty\" \/>\n<script type=\"application\/ld+json\" class=\"yoast-schema-graph\">{\"@context\":\"https:\/\/schema.org\",\"@graph\":[{\"@type\":\"Article\",\"@id\":\"https:\/\/cistime-fasady.sk\/umyvanie-fasady\/#article\",\"isPartOf\":{\"@id\":\"https:\/\/cistime-fasady.sk\/umyvanie-fasady\/\"},\"author\":{\"name\":\"RAKETING\",\"@id\":\"https:\/\/cistime-fasady.sk\/#\/schema\/person\/18a2e8eb3e0dbe04479779b3ac0c9865\"},\"headline\":\"Um\u00fdvanie fas\u00e1dy \u2013 va\u0161a fas\u00e1da bude op\u00e4\u0165 ako nov\u00e1\",\"datePublished\":\"2020-02-21T10:12:00+00:00\",\"dateModified\":\"2024-08-13T10:31:24+00:00\",\"mainEntityOfPage\":{\"@id\":\"https:\/\/cistime-fasady.sk\/umyvanie-fasady\/\"},\"wordCount\":243,\"publisher\":{\"@id\":\"https:\/\/cistime-fasady.sk\/#organization\"},\"image\":{\"@id\":\"https:\/\/cistime-fasady.sk\/umyvanie-fasady\/#primaryimage\"},\"thumbnailUrl\":\"https:\/\/cistime-fasady.sk\/wp-content\/uploads\/2024\/06\/89.webp\",\"articleSection\":[\"Nezaraden\u00e9\"],\"inLanguage\":\"cs\"},{\"@type\":\"WebPage\",\"@id\":\"https:\/\/cistime-fasady.sk\/umyvanie-fasady\/\",\"url\":\"https:\/\/cistime-fasady.sk\/umyvanie-fasady\/\",\"name\":\"Um\u00fdvanie fas\u00e1dy \u2013 va\u0161a fas\u00e1da bude op\u00e4\u0165 ako nov\u00e1 | \u010cist\u00edme Fas\u00e1dy\",\"isPartOf\":{\"@id\":\"https:\/\/cistime-fasady.sk\/#website\"},\"primaryImageOfPage\":{\"@id\":\"https:\/\/cistime-fasady.sk\/umyvanie-fasady\/#primaryimage\"},\"image\":{\"@id\":\"https:\/\/cistime-fasady.sk\/umyvanie-fasady\/#primaryimage\"},\"thumbnailUrl\":\"https:\/\/cistime-fasady.sk\/wp-content\/uploads\/2024\/06\/89.webp\",\"datePublished\":\"2020-02-21T10:12:00+00:00\",\"dateModified\":\"2024-08-13T10:31:24+00:00\",\"description\":\"Profesion\u00e1lne um\u00fdvanie fas\u00e1dy, ktor\u00e9 v\u00e1m pom\u00f4\u017ee odstr\u00e1ni\u0165 z va\u0161ej fas\u00e1dy v\u0161etky ne\u010distoty. Vysk\u00fa\u0161ajte uk\u00e1\u017eku zdarma priamo u v\u00e1s doma.\",\"breadcrumb\":{\"@id\":\"https:\/\/cistime-fasady.sk\/umyvanie-fasady\/#breadcrumb\"},\"inLanguage\":\"cs\",\"potentialAction\":[{\"@type\":\"ReadAction\",\"target\":[\"https:\/\/cistime-fasady.sk\/umyvanie-fasady\/\"]}]},{\"@type\":\"ImageObject\",\"inLanguage\":\"cs\",\"@id\":\"https:\/\/cistime-fasady.sk\/umyvanie-fasady\/#primaryimage\",\"url\":\"https:\/\/cistime-fasady.sk\/wp-content\/uploads\/2024\/06\/89.webp\",\"contentUrl\":\"https:\/\/cistime-fasady.sk\/wp-content\/uploads\/2024\/06\/89.webp\",\"width\":1024,\"height\":768,\"caption\":\"89\"},{\"@type\":\"BreadcrumbList\",\"@id\":\"https:\/\/cistime-fasady.sk\/umyvanie-fasady\/#breadcrumb\",\"itemListElement\":[{\"@type\":\"ListItem\",\"position\":1,\"name\":\"Domovsk\u00e1 str\u00e1nka\",\"item\":\"https:\/\/cistime-fasady.sk\/\"},{\"@type\":\"ListItem\",\"position\":2,\"name\":\"Um\u00fdvanie fas\u00e1dy \u2013 va\u0161a fas\u00e1da bude op\u00e4\u0165 ako nov\u00e1\"}]},{\"@type\":\"WebSite\",\"@id\":\"https:\/\/cistime-fasady.sk\/#website\",\"url\":\"https:\/\/cistime-fasady.sk\/\",\"name\":\"\u010cist\u00edme Fas\u00e1dy\",\"description\":\"Profesion\u00e1lne \u010distenie fas\u00e1d\",\"publisher\":{\"@id\":\"https:\/\/cistime-fasady.sk\/#organization\"},\"alternateName\":\"\u010cF\",\"potentialAction\":[{\"@type\":\"SearchAction\",\"target\":{\"@type\":\"EntryPoint\",\"urlTemplate\":\"https:\/\/cistime-fasady.sk\/?s={search_term_string}\"},\"query-input\":\"required name=search_term_string\"}],\"inLanguage\":\"cs\"},{\"@type\":\"Organization\",\"@id\":\"https:\/\/cistime-fasady.sk\/#organization\",\"name\":\"Valmax s.r.o.\",\"alternateName\":\"Valmax s.r.o.\",\"url\":\"https:\/\/cistime-fasady.sk\/\",\"logo\":{\"@type\":\"ImageObject\",\"inLanguage\":\"cs\",\"@id\":\"https:\/\/cistime-fasady.sk\/#\/schema\/logo\/image\/\",\"url\":\"https:\/\/cistime-fasady.sk\/wp-content\/uploads\/2024\/03\/313207521_617400896841873_42847256823662438_n.jpg\",\"contentUrl\":\"https:\/\/cistime-fasady.sk\/wp-content\/uploads\/2024\/03\/313207521_617400896841873_42847256823662438_n.jpg\",\"width\":971,\"height\":971,\"caption\":\"Valmax s.r.o.\"},\"image\":{\"@id\":\"https:\/\/cistime-fasady.sk\/#\/schema\/logo\/image\/\"},\"sameAs\":[\"https:\/\/www.facebook.com\/cisteniefasadvalmax\/\",\"https:\/\/www.instagram.com\/valmax_cisteniefasad\/\"]},{\"@type\":\"Person\",\"@id\":\"https:\/\/cistime-fasady.sk\/#\/schema\/person\/18a2e8eb3e0dbe04479779b3ac0c9865\",\"name\":\"RAKETING\",\"image\":{\"@type\":\"ImageObject\",\"inLanguage\":\"cs\",\"@id\":\"https:\/\/cistime-fasady.sk\/#\/schema\/person\/image\/\",\"url\":\"https:\/\/secure.gravatar.com\/avatar\/7c3caac6c6527a5588ed6ed3aa8a1560b2c5f42cf1b704448b0ba30756aecfbc?s=96&d=mm&r=g\",\"contentUrl\":\"https:\/\/secure.gravatar.com\/avatar\/7c3caac6c6527a5588ed6ed3aa8a1560b2c5f42cf1b704448b0ba30756aecfbc?s=96&d=mm&r=g\",\"caption\":\"RAKETING\"},\"sameAs\":[\"https:\/\/cistime-fasady.sk\"],\"url\":\"https:\/\/cistime-fasady.sk\/cz\/author\/test02\/\"}]}<\/script>\n<!-- \/ Yoast SEO plugin. -->","yoast_head_json":{"title":"Um\u00fdvanie fas\u00e1dy \u2013 va\u0161a fas\u00e1da bude op\u00e4\u0165 ako nov\u00e1 | \u010cist\u00edme Fas\u00e1dy","description":"Profesion\u00e1lne um\u00fdvanie fas\u00e1dy, ktor\u00e9 v\u00e1m pom\u00f4\u017ee odstr\u00e1ni\u0165 z va\u0161ej fas\u00e1dy v\u0161etky ne\u010distoty. Vysk\u00fa\u0161ajte uk\u00e1\u017eku zdarma priamo u v\u00e1s doma.","robots":{"index":"index","follow":"follow","max-snippet":"max-snippet:-1","max-image-preview":"max-image-preview:large","max-video-preview":"max-video-preview:-1"},"canonical":"https:\/\/cistime-fasady.sk\/cz\/umyvanie-fasady\/","og_locale":"cs_CZ","og_type":"article","og_title":"Um\u00fdvanie fas\u00e1dy \u2013 va\u0161a fas\u00e1da bude op\u00e4\u0165 ako nov\u00e1 | \u010cist\u00edme Fas\u00e1dy","og_description":"Profesion\u00e1lne um\u00fdvanie fas\u00e1dy, ktor\u00e9 v\u00e1m pom\u00f4\u017ee odstr\u00e1ni\u0165 z va\u0161ej fas\u00e1dy v\u0161etky ne\u010distoty. Vysk\u00fa\u0161ajte uk\u00e1\u017eku zdarma priamo u v\u00e1s doma.","og_url":"https:\/\/cistime-fasady.sk\/cz\/umyvanie-fasady\/","og_site_name":"\u010cist\u00edme Fas\u00e1dy","article_publisher":"https:\/\/www.facebook.com\/cisteniefasadvalmax\/","article_published_time":"2020-02-21T10:12:00+00:00","article_modified_time":"2024-08-13T10:31:24+00:00","og_image":[{"width":1024,"height":768,"url":"https:\/\/cistime-fasady.sk\/wp-content\/uploads\/2024\/06\/89.webp","type":"image\/jpeg"}],"author":"RAKETING","twitter_card":"summary_large_image","twitter_misc":{"Napsal(a)":"RAKETING","Odhadovan\u00e1 doba \u010dten\u00ed":"2 minuty"},"schema":{"@context":"https:\/\/schema.org","@graph":[{"@type":"Article","@id":"https:\/\/cistime-fasady.sk\/umyvanie-fasady\/#article","isPartOf":{"@id":"https:\/\/cistime-fasady.sk\/umyvanie-fasady\/"},"author":{"name":"RAKETING","@id":"https:\/\/cistime-fasady.sk\/#\/schema\/person\/18a2e8eb3e0dbe04479779b3ac0c9865"},"headline":"Um\u00fdvanie fas\u00e1dy \u2013 va\u0161a fas\u00e1da bude op\u00e4\u0165 ako nov\u00e1","datePublished":"2020-02-21T10:12:00+00:00","dateModified":"2024-08-13T10:31:24+00:00","mainEntityOfPage":{"@id":"https:\/\/cistime-fasady.sk\/umyvanie-fasady\/"},"wordCount":243,"publisher":{"@id":"https:\/\/cistime-fasady.sk\/#organization"},"image":{"@id":"https:\/\/cistime-fasady.sk\/umyvanie-fasady\/#primaryimage"},"thumbnailUrl":"https:\/\/cistime-fasady.sk\/wp-content\/uploads\/2024\/06\/89.webp","articleSection":["Nezaraden\u00e9"],"inLanguage":"cs"},{"@type":"WebPage","@id":"https:\/\/cistime-fasady.sk\/umyvanie-fasady\/","url":"https:\/\/cistime-fasady.sk\/umyvanie-fasady\/","name":"Um\u00fdvanie fas\u00e1dy \u2013 va\u0161a fas\u00e1da bude op\u00e4\u0165 ako nov\u00e1 | \u010cist\u00edme Fas\u00e1dy","isPartOf":{"@id":"https:\/\/cistime-fasady.sk\/#website"},"primaryImageOfPage":{"@id":"https:\/\/cistime-fasady.sk\/umyvanie-fasady\/#primaryimage"},"image":{"@id":"https:\/\/cistime-fasady.sk\/umyvanie-fasady\/#primaryimage"},"thumbnailUrl":"https:\/\/cistime-fasady.sk\/wp-content\/uploads\/2024\/06\/89.webp","datePublished":"2020-02-21T10:12:00+00:00","dateModified":"2024-08-13T10:31:24+00:00","description":"Profesion\u00e1lne um\u00fdvanie fas\u00e1dy, ktor\u00e9 v\u00e1m pom\u00f4\u017ee odstr\u00e1ni\u0165 z va\u0161ej fas\u00e1dy v\u0161etky ne\u010distoty. Vysk\u00fa\u0161ajte uk\u00e1\u017eku zdarma priamo u v\u00e1s doma.","breadcrumb":{"@id":"https:\/\/cistime-fasady.sk\/umyvanie-fasady\/#breadcrumb"},"inLanguage":"cs","potentialAction":[{"@type":"ReadAction","target":["https:\/\/cistime-fasady.sk\/umyvanie-fasady\/"]}]},{"@type":"ImageObject","inLanguage":"cs","@id":"https:\/\/cistime-fasady.sk\/umyvanie-fasady\/#primaryimage","url":"https:\/\/cistime-fasady.sk\/wp-content\/uploads\/2024\/06\/89.webp","contentUrl":"https:\/\/cistime-fasady.sk\/wp-content\/uploads\/2024\/06\/89.webp","width":1024,"height":768,"caption":"89"},{"@type":"BreadcrumbList","@id":"https:\/\/cistime-fasady.sk\/umyvanie-fasady\/#breadcrumb","itemListElement":[{"@type":"ListItem","position":1,"name":"Domovsk\u00e1 str\u00e1nka","item":"https:\/\/cistime-fasady.sk\/"},{"@type":"ListItem","position":2,"name":"Um\u00fdvanie fas\u00e1dy \u2013 va\u0161a fas\u00e1da bude op\u00e4\u0165 ako nov\u00e1"}]},{"@type":"WebSite","@id":"https:\/\/cistime-fasady.sk\/#website","url":"https:\/\/cistime-fasady.sk\/","name":"\u010cist\u00edme Fas\u00e1dy","description":"Profesion\u00e1lne \u010distenie fas\u00e1d","publisher":{"@id":"https:\/\/cistime-fasady.sk\/#organization"},"alternateName":"\u010cF","potentialAction":[{"@type":"SearchAction","target":{"@type":"EntryPoint","urlTemplate":"https:\/\/cistime-fasady.sk\/?s={search_term_string}"},"query-input":"required name=search_term_string"}],"inLanguage":"cs"},{"@type":"Organization","@id":"https:\/\/cistime-fasady.sk\/#organization","name":"Valmax s.r.o.","alternateName":"Valmax s.r.o.","url":"https:\/\/cistime-fasady.sk\/","logo":{"@type":"ImageObject","inLanguage":"cs","@id":"https:\/\/cistime-fasady.sk\/#\/schema\/logo\/image\/","url":"https:\/\/cistime-fasady.sk\/wp-content\/uploads\/2024\/03\/313207521_617400896841873_42847256823662438_n.jpg","contentUrl":"https:\/\/cistime-fasady.sk\/wp-content\/uploads\/2024\/03\/313207521_617400896841873_42847256823662438_n.jpg","width":971,"height":971,"caption":"Valmax s.r.o."},"image":{"@id":"https:\/\/cistime-fasady.sk\/#\/schema\/logo\/image\/"},"sameAs":["https:\/\/www.facebook.com\/cisteniefasadvalmax\/","https:\/\/www.instagram.com\/valmax_cisteniefasad\/"]},{"@type":"Person","@id":"https:\/\/cistime-fasady.sk\/#\/schema\/person\/18a2e8eb3e0dbe04479779b3ac0c9865","name":"RAKETING","image":{"@type":"ImageObject","inLanguage":"cs","@id":"https:\/\/cistime-fasady.sk\/#\/schema\/person\/image\/","url":"https:\/\/secure.gravatar.com\/avatar\/7c3caac6c6527a5588ed6ed3aa8a1560b2c5f42cf1b704448b0ba30756aecfbc?s=96&d=mm&r=g","contentUrl":"https:\/\/secure.gravatar.com\/avatar\/7c3caac6c6527a5588ed6ed3aa8a1560b2c5f42cf1b704448b0ba30756aecfbc?s=96&d=mm&r=g","caption":"RAKETING"},"sameAs":["https:\/\/cistime-fasady.sk"],"url":"https:\/\/cistime-fasady.sk\/cz\/author\/test02\/"}]}},"_links":{"self":[{"href":"https:\/\/cistime-fasady.sk\/cz\/wp-json\/wp\/v2\/posts\/1253","targetHints":{"allow":["GET"]}}],"collection":[{"href":"https:\/\/cistime-fasady.sk\/cz\/wp-json\/wp\/v2\/posts"}],"about":[{"href":"https:\/\/cistime-fasady.sk\/cz\/wp-json\/wp\/v2\/types\/post"}],"author":[{"embeddable":true,"href":"https:\/\/cistime-fasady.sk\/cz\/wp-json\/wp\/v2\/users\/1"}],"replies":[{"embeddable":true,"href":"https:\/\/cistime-fasady.sk\/cz\/wp-json\/wp\/v2\/comments?post=1253"}],"version-history":[{"count":5,"href":"https:\/\/cistime-fasady.sk\/cz\/wp-json\/wp\/v2\/posts\/1253\/revisions"}],"predecessor-version":[{"id":1645,"href":"https:\/\/cistime-fasady.sk\/cz\/wp-json\/wp\/v2\/posts\/1253\/revisions\/1645"}],"wp:featuredmedia":[{"embeddable":true,"href":"https:\/\/cistime-fasady.sk\/cz\/wp-json\/wp\/v2\/media\/1003"}],"wp:attachment":[{"href":"https:\/\/cistime-fasady.sk\/cz\/wp-json\/wp\/v2\/media?parent=1253"}],"wp:term":[{"taxonomy":"category","embeddable":true,"href":"https:\/\/cistime-fasady.sk\/cz\/wp-json\/wp\/v2\/categories?post=1253"},{"taxonomy":"post_tag","embeddable":true,"href":"https:\/\/cistime-fasady.sk\/cz\/wp-json\/wp\/v2\/tags?post=1253"}],"curies":[{"name":"wp","href":"https:\/\/api.w.org\/{rel}","templated":true}]}}