{"id":1250,"date":"2018-05-01T10:45:00","date_gmt":"2018-05-01T08:45:00","guid":{"rendered":"https:\/\/cistime-fasady.sk\/?p=1250"},"modified":"2024-06-26T10:57:16","modified_gmt":"2024-06-26T08:57:16","slug":"ako-vam-vycistime-fasadu-za-jeden-den","status":"publish","type":"post","link":"https:\/\/cistime-fasady.sk\/cz\/ako-vam-vycistime-fasadu-za-jeden-den\/","title":{"rendered":"Ako v\u00e1m vy\u010dist\u00edme fas\u00e1du za jeden de\u0148."},"content":{"rendered":"<p><em>Pred ka\u017ed\u00fdm \u010disten\u00edm fas\u00e1dy v\u00e1m pon\u00fakneme sk\u00fa\u0161obn\u00fa vzorku priamo na Va\u0161ej fas\u00e1de.<\/em><\/p>\n\n\n\n<div style=\"height:30px\" aria-hidden=\"true\" class=\"wp-block-spacer\"><\/div>\n\n\n\n<h2 class=\"wp-block-heading\"><strong><strong>KROK 1: Uk\u00e1\u017eky vy\u010distenia fas\u00e1dy priamo u V\u00e1s \/ Vzorka povrchu<\/strong><\/strong><\/h2>\n\n\n\n<p>Sk\u00fa\u0161obn\u00fa vzorku rob\u00edme bezplatne a m\u00f4\u017eete si ju vy\u017eiada\u0165 telefonicky alebo prostredn\u00edctvom n\u00e1\u0161ho kontaktn\u00e9ho formul\u00e1ru.<\/p>\n\n\n\n<p>Prostredn\u00edctvom vzorovej plochy m\u00f4\u017eete okam\u017eite vidie\u0165 v\u00fdsledok vy\u010distenia Va\u0161ej fas\u00e1dy a z\u00e1rove\u0148 V\u00e1m priamo predlo\u017e\u00edme predbe\u017en\u00fa cenov\u00fa ponuku na vy\u010distenie celej fas\u00e1dy.<\/p>\n\n\n\n<figure class=\"wp-block-image size-full\"><img fetchpriority=\"high\" decoding=\"async\" width=\"800\" height=\"483\" src=\"https:\/\/cistime-fasady.sk\/wp-content\/uploads\/2024\/06\/Cistenie-fasad-Krok-1.jpg\" alt=\"\" class=\"wp-image-644\" srcset=\"https:\/\/cistime-fasady.sk\/wp-content\/uploads\/2024\/06\/Cistenie-fasad-Krok-1.jpg 800w, https:\/\/cistime-fasady.sk\/wp-content\/uploads\/2024\/06\/Cistenie-fasad-Krok-1-300x181.jpg 300w, https:\/\/cistime-fasady.sk\/wp-content\/uploads\/2024\/06\/Cistenie-fasad-Krok-1-768x464.jpg 768w\" sizes=\"(max-width: 800px) 100vw, 800px\" \/><\/figure>\n\n\n\n<div style=\"height:30px\" aria-hidden=\"true\" class=\"wp-block-spacer\"><\/div>\n\n\n\n<h2 class=\"wp-block-heading\"><strong><strong>KROK 2: Z\u00e1chytn\u00e1 va\u0148a na ods\u00e1vanie ne\u010dist\u00f4t<\/strong><\/strong><\/h2>\n\n\n\n<p>Z\u00e1chytn\u00e1 va\u0148a sa prisp\u00f4sob\u00ed pozd\u013a\u017e fas\u00e1dy a tvaruje sa do vane so svorkami. Syst\u00e9m sa optim\u00e1lne prisp\u00f4sob\u00ed ka\u017edej budove a ka\u017edej fas\u00e1dnej \u0161trukt\u00fare. V\u0161etka zne\u010disten\u00e9 voda sa n\u00e1sledne ods\u00e1va a likviduje predp\u00edsan\u00fdm sp\u00f4sobom, \u0161etrn\u00fdm k \u017eivotn\u00e9mu prostrediu.<\/p>\n\n\n\n<figure class=\"wp-block-image size-full\"><img decoding=\"async\" width=\"800\" height=\"483\" src=\"https:\/\/cistime-fasady.sk\/wp-content\/uploads\/2024\/06\/Cistenie-fasad-Krok-2.jpg\" alt=\"\" class=\"wp-image-643\" srcset=\"https:\/\/cistime-fasady.sk\/wp-content\/uploads\/2024\/06\/Cistenie-fasad-Krok-2.jpg 800w, https:\/\/cistime-fasady.sk\/wp-content\/uploads\/2024\/06\/Cistenie-fasad-Krok-2-300x181.jpg 300w, https:\/\/cistime-fasady.sk\/wp-content\/uploads\/2024\/06\/Cistenie-fasad-Krok-2-768x464.jpg 768w\" sizes=\"(max-width: 800px) 100vw, 800px\" \/><\/figure>\n\n\n\n<div style=\"height:30px\" aria-hidden=\"true\" class=\"wp-block-spacer\"><\/div>\n\n\n\n<h2 class=\"wp-block-heading\"><strong><strong>KROK 3: Dezinfekcia fas\u00e1dy \/ nan\u00e1\u0161anie \u010distiaceho prostriedku<\/strong><\/strong><\/h2>\n\n\n\n<p>Na Va\u0161u fas\u00e1du bude nan\u00e1\u0161an\u00fd \u0161peci\u00e1lne vyvinut\u00fd dezinfek\u010dn\u00fd a \u010distiaci pr\u00edpravok \u201eValmax \u00ae PLUS\u201c. \u010cistiaci prostriedok v kr\u00e1tkom \u010dase p\u00f4sob\u00ed a rozp\u00fa\u0161\u0165a plesne aj riasy na fas\u00e1de a dost\u00e1va sa do h\u013abky p\u00f3rov. T\u00e1to met\u00f3da je ve\u013emi jemn\u00e1 a \u0161etrn\u00e1 vo\u010di Va\u0161ej fas\u00e1de a odstra\u0148uje v\u0161etky be\u017en\u00e9 ne\u010distoty.<\/p>\n\n\n\n<figure class=\"wp-block-image size-full\"><img decoding=\"async\" width=\"800\" height=\"483\" src=\"https:\/\/cistime-fasady.sk\/wp-content\/uploads\/2024\/06\/Cistenie-fasad-Krok-3.jpg\" alt=\"\" class=\"wp-image-642\" srcset=\"https:\/\/cistime-fasady.sk\/wp-content\/uploads\/2024\/06\/Cistenie-fasad-Krok-3.jpg 800w, https:\/\/cistime-fasady.sk\/wp-content\/uploads\/2024\/06\/Cistenie-fasad-Krok-3-300x181.jpg 300w, https:\/\/cistime-fasady.sk\/wp-content\/uploads\/2024\/06\/Cistenie-fasad-Krok-3-768x464.jpg 768w\" sizes=\"(max-width: 800px) 100vw, 800px\" \/><\/figure>\n\n\n\n<div style=\"height:30px\" aria-hidden=\"true\" class=\"wp-block-spacer\"><\/div>\n\n\n\n<h2 class=\"wp-block-heading\"><strong><strong><strong>KROK 4: Opl\u00e1chnutie<\/strong><\/strong><\/strong><\/h2>\n\n\n\n<p>Po nanesen\u00ed \u010distiaceho prostriedku m\u00f4\u017eeme za\u010da\u0165 s oplachovan\u00edm fas\u00e1dy. V\u0161etky absorbovan\u00e9 riasy, machy a ne\u010distoty jemne opl\u00e1chneme teplou vodou a \u0161peci\u00e1lnou tryskou so \u0161irok\u00fdm rozptylom, ktor\u00e1 je ve\u013emi \u0161etrn\u00e1 vo\u010di fas\u00e1de.<\/p>\n\n\n\n<figure class=\"wp-block-image size-full\"><img loading=\"lazy\" decoding=\"async\" width=\"800\" height=\"483\" src=\"https:\/\/cistime-fasady.sk\/wp-content\/uploads\/2024\/06\/Cistenie-fasad-Krok-4.jpg\" alt=\"\" class=\"wp-image-641\" srcset=\"https:\/\/cistime-fasady.sk\/wp-content\/uploads\/2024\/06\/Cistenie-fasad-Krok-4.jpg 800w, https:\/\/cistime-fasady.sk\/wp-content\/uploads\/2024\/06\/Cistenie-fasad-Krok-4-300x181.jpg 300w, https:\/\/cistime-fasady.sk\/wp-content\/uploads\/2024\/06\/Cistenie-fasad-Krok-4-768x464.jpg 768w\" sizes=\"(max-width: 800px) 100vw, 800px\" \/><\/figure>\n\n\n\n<div style=\"height:30px\" aria-hidden=\"true\" class=\"wp-block-spacer\"><\/div>\n\n\n\n<h2 class=\"wp-block-heading\"><strong><strong><strong>KROK 5: Ods\u00e1vanie zne\u010distenej vody a jej recykl\u00e1cia<\/strong><\/strong><\/strong><\/h2>\n\n\n\n<p>Po umyt\u00ed fas\u00e1dy sa odpadov\u00e1 voda hromad\u00ed v z\u00e1chytnej vani, n\u00e1sledne sa odsaje a likvidujeme patentov\u00fdm sp\u00f4sobom v s\u00falade so z\u00e1konn\u00fdmi ustanoveniami. V\u010faka tomu nedoch\u00e1dza k zne\u010disteniu ani vsakovaniu \u0161pinavej vody do zeme.<\/p>\n\n\n\n<figure class=\"wp-block-image size-full\"><img loading=\"lazy\" decoding=\"async\" width=\"800\" height=\"483\" src=\"https:\/\/cistime-fasady.sk\/wp-content\/uploads\/2024\/06\/Cistenie-fasad-Krok-5.jpg\" alt=\"\" class=\"wp-image-640\" srcset=\"https:\/\/cistime-fasady.sk\/wp-content\/uploads\/2024\/06\/Cistenie-fasad-Krok-5.jpg 800w, https:\/\/cistime-fasady.sk\/wp-content\/uploads\/2024\/06\/Cistenie-fasad-Krok-5-300x181.jpg 300w, https:\/\/cistime-fasady.sk\/wp-content\/uploads\/2024\/06\/Cistenie-fasad-Krok-5-768x464.jpg 768w\" sizes=\"(max-width: 800px) 100vw, 800px\" \/><\/figure>\n\n\n\n<div style=\"height:30px\" aria-hidden=\"true\" class=\"wp-block-spacer\"><\/div>\n\n\n\n<h2 class=\"wp-block-heading\"><strong><strong><strong><strong>KROK 6: Ochrana fas\u00e1dy \/ nan\u00e1\u0161anie ochrann\u00e9ho prostriedku<\/strong><\/strong><\/strong><\/strong><\/h2>\n\n\n\n<p>Na vy\u010disten\u00fa fas\u00e1dy sa nan\u00e1\u0161a ochrann\u00fd prostriedok \u201eValmax\u00ae proofing\u201c.<\/p>\n\n\n\n<figure class=\"wp-block-image size-full\"><img loading=\"lazy\" decoding=\"async\" width=\"800\" height=\"483\" src=\"https:\/\/cistime-fasady.sk\/wp-content\/uploads\/2024\/06\/Cistenie-fasad-Krok-6.jpg\" alt=\"\" class=\"wp-image-639\" srcset=\"https:\/\/cistime-fasady.sk\/wp-content\/uploads\/2024\/06\/Cistenie-fasad-Krok-6.jpg 800w, https:\/\/cistime-fasady.sk\/wp-content\/uploads\/2024\/06\/Cistenie-fasad-Krok-6-300x181.jpg 300w, https:\/\/cistime-fasady.sk\/wp-content\/uploads\/2024\/06\/Cistenie-fasad-Krok-6-768x464.jpg 768w\" sizes=\"(max-width: 800px) 100vw, 800px\" \/><figcaption class=\"wp-element-caption\">\u201eValmax\u00ae proofing\u201c p\u00f4sob\u00ed proti napadnutiu rias v najbli\u017e\u0161\u00edch rokoch a predl\u017euje efekt \u010distej a zdravej fas\u00e1dy.<\/figcaption><\/figure>","protected":false},"excerpt":{"rendered":"<p>Pred ka\u017ed\u00fdm \u010disten\u00edm fas\u00e1dy v\u00e1m pon\u00fakneme sk\u00fa\u0161obn\u00fa vzorku priamo na Va\u0161ej fas\u00e1de. Sk\u00fa\u0161obn\u00fa vzorku rob\u00edme bezplatne a m\u00f4\u017eete si ju vy\u017eiada\u0165 telefonicky alebo prostredn\u00edctvom n\u00e1\u0161ho kontaktn\u00e9ho formul\u00e1ru. Prostredn\u00edctvom vzorovej plochy m\u00f4\u017eete okam\u017eite vidie\u0165 v\u00fdsledok vy\u010distenia Va\u0161ej fas\u00e1dy a z\u00e1rove\u0148 V\u00e1m priamo predlo\u017e\u00edme predbe\u017en\u00fa cenov\u00fa ponuku na vy\u010distenie celej fas\u00e1dy.<\/p>","protected":false},"author":1,"featured_media":1251,"comment_status":"closed","ping_status":"open","sticky":false,"template":"","format":"standard","meta":{"footnotes":""},"categories":[1],"tags":[],"class_list":["post-1250","post","type-post","status-publish","format-standard","has-post-thumbnail","hentry","category-nezaradene"],"yoast_head":"<!-- This site is optimized with the Yoast SEO plugin v23.1 - https:\/\/yoast.com\/wordpress\/plugins\/seo\/ -->\n<title>Ako v\u00e1m vy\u010dist\u00edme fas\u00e1du za jeden de\u0148. | \u010cist\u00edme Fas\u00e1dy<\/title>\n<meta name=\"robots\" content=\"index, follow, max-snippet:-1, max-image-preview:large, max-video-preview:-1\" \/>\n<link rel=\"canonical\" href=\"https:\/\/cistime-fasady.sk\/cz\/ako-vam-vycistime-fasadu-za-jeden-den\/\" \/>\n<meta property=\"og:locale\" content=\"cs_CZ\" \/>\n<meta property=\"og:type\" content=\"article\" \/>\n<meta property=\"og:title\" content=\"Ako v\u00e1m vy\u010dist\u00edme fas\u00e1du za jeden de\u0148. | \u010cist\u00edme Fas\u00e1dy\" \/>\n<meta property=\"og:description\" content=\"Pred ka\u017ed\u00fdm \u010disten\u00edm fas\u00e1dy v\u00e1m pon\u00fakneme sk\u00fa\u0161obn\u00fa vzorku priamo na Va\u0161ej fas\u00e1de. Sk\u00fa\u0161obn\u00fa vzorku rob\u00edme bezplatne a m\u00f4\u017eete si ju vy\u017eiada\u0165 telefonicky alebo prostredn\u00edctvom n\u00e1\u0161ho kontaktn\u00e9ho formul\u00e1ru. Prostredn\u00edctvom vzorovej plochy m\u00f4\u017eete okam\u017eite vidie\u0165 v\u00fdsledok vy\u010distenia Va\u0161ej fas\u00e1dy a z\u00e1rove\u0148 V\u00e1m priamo predlo\u017e\u00edme predbe\u017en\u00fa cenov\u00fa ponuku na vy\u010distenie celej fas\u00e1dy.\" \/>\n<meta property=\"og:url\" content=\"https:\/\/cistime-fasady.sk\/cz\/ako-vam-vycistime-fasadu-za-jeden-den\/\" \/>\n<meta property=\"og:site_name\" content=\"\u010cist\u00edme Fas\u00e1dy\" \/>\n<meta property=\"article:publisher\" content=\"https:\/\/www.facebook.com\/cisteniefasadvalmax\/\" \/>\n<meta property=\"article:published_time\" content=\"2018-05-01T08:45:00+00:00\" \/>\n<meta property=\"article:modified_time\" content=\"2024-06-26T08:57:16+00:00\" \/>\n<meta property=\"og:image\" content=\"https:\/\/cistime-fasady.sk\/wp-content\/uploads\/2024\/06\/predtym-potom.jpg\" \/>\n\t<meta property=\"og:image:width\" content=\"600\" \/>\n\t<meta property=\"og:image:height\" content=\"350\" \/>\n\t<meta property=\"og:image:type\" content=\"image\/jpeg\" \/>\n<meta name=\"author\" content=\"RAKETING\" \/>\n<meta name=\"twitter:card\" content=\"summary_large_image\" \/>\n<meta name=\"twitter:label1\" content=\"Napsal(a)\" \/>\n\t<meta name=\"twitter:data1\" content=\"RAKETING\" \/>\n\t<meta name=\"twitter:label2\" content=\"Odhadovan\u00e1 doba \u010dten\u00ed\" \/>\n\t<meta name=\"twitter:data2\" content=\"3 minuty\" \/>\n<script type=\"application\/ld+json\" class=\"yoast-schema-graph\">{\"@context\":\"https:\/\/schema.org\",\"@graph\":[{\"@type\":\"Article\",\"@id\":\"https:\/\/cistime-fasady.sk\/ako-vam-vycistime-fasadu-za-jeden-den\/#article\",\"isPartOf\":{\"@id\":\"https:\/\/cistime-fasady.sk\/ako-vam-vycistime-fasadu-za-jeden-den\/\"},\"author\":{\"name\":\"RAKETING\",\"@id\":\"https:\/\/cistime-fasady.sk\/#\/schema\/person\/18a2e8eb3e0dbe04479779b3ac0c9865\"},\"headline\":\"Ako v\u00e1m vy\u010dist\u00edme fas\u00e1du za jeden de\u0148.\",\"datePublished\":\"2018-05-01T08:45:00+00:00\",\"dateModified\":\"2024-06-26T08:57:16+00:00\",\"mainEntityOfPage\":{\"@id\":\"https:\/\/cistime-fasady.sk\/ako-vam-vycistime-fasadu-za-jeden-den\/\"},\"wordCount\":390,\"publisher\":{\"@id\":\"https:\/\/cistime-fasady.sk\/#organization\"},\"image\":{\"@id\":\"https:\/\/cistime-fasady.sk\/ako-vam-vycistime-fasadu-za-jeden-den\/#primaryimage\"},\"thumbnailUrl\":\"https:\/\/cistime-fasady.sk\/wp-content\/uploads\/2024\/06\/predtym-potom.webp\",\"articleSection\":[\"Nezaraden\u00e9\"],\"inLanguage\":\"cs\"},{\"@type\":\"WebPage\",\"@id\":\"https:\/\/cistime-fasady.sk\/ako-vam-vycistime-fasadu-za-jeden-den\/\",\"url\":\"https:\/\/cistime-fasady.sk\/ako-vam-vycistime-fasadu-za-jeden-den\/\",\"name\":\"Ako v\u00e1m vy\u010dist\u00edme fas\u00e1du za jeden de\u0148. | \u010cist\u00edme Fas\u00e1dy\",\"isPartOf\":{\"@id\":\"https:\/\/cistime-fasady.sk\/#website\"},\"primaryImageOfPage\":{\"@id\":\"https:\/\/cistime-fasady.sk\/ako-vam-vycistime-fasadu-za-jeden-den\/#primaryimage\"},\"image\":{\"@id\":\"https:\/\/cistime-fasady.sk\/ako-vam-vycistime-fasadu-za-jeden-den\/#primaryimage\"},\"thumbnailUrl\":\"https:\/\/cistime-fasady.sk\/wp-content\/uploads\/2024\/06\/predtym-potom.webp\",\"datePublished\":\"2018-05-01T08:45:00+00:00\",\"dateModified\":\"2024-06-26T08:57:16+00:00\",\"breadcrumb\":{\"@id\":\"https:\/\/cistime-fasady.sk\/ako-vam-vycistime-fasadu-za-jeden-den\/#breadcrumb\"},\"inLanguage\":\"cs\",\"potentialAction\":[{\"@type\":\"ReadAction\",\"target\":[\"https:\/\/cistime-fasady.sk\/ako-vam-vycistime-fasadu-za-jeden-den\/\"]}]},{\"@type\":\"ImageObject\",\"inLanguage\":\"cs\",\"@id\":\"https:\/\/cistime-fasady.sk\/ako-vam-vycistime-fasadu-za-jeden-den\/#primaryimage\",\"url\":\"https:\/\/cistime-fasady.sk\/wp-content\/uploads\/2024\/06\/predtym-potom.webp\",\"contentUrl\":\"https:\/\/cistime-fasady.sk\/wp-content\/uploads\/2024\/06\/predtym-potom.webp\",\"width\":600,\"height\":350,\"caption\":\"predtym potom\"},{\"@type\":\"BreadcrumbList\",\"@id\":\"https:\/\/cistime-fasady.sk\/ako-vam-vycistime-fasadu-za-jeden-den\/#breadcrumb\",\"itemListElement\":[{\"@type\":\"ListItem\",\"position\":1,\"name\":\"Domovsk\u00e1 str\u00e1nka\",\"item\":\"https:\/\/cistime-fasady.sk\/\"},{\"@type\":\"ListItem\",\"position\":2,\"name\":\"Ako v\u00e1m vy\u010dist\u00edme fas\u00e1du za jeden de\u0148.\"}]},{\"@type\":\"WebSite\",\"@id\":\"https:\/\/cistime-fasady.sk\/#website\",\"url\":\"https:\/\/cistime-fasady.sk\/\",\"name\":\"\u010cist\u00edme Fas\u00e1dy\",\"description\":\"Profesion\u00e1lne \u010distenie fas\u00e1d\",\"publisher\":{\"@id\":\"https:\/\/cistime-fasady.sk\/#organization\"},\"alternateName\":\"\u010cF\",\"potentialAction\":[{\"@type\":\"SearchAction\",\"target\":{\"@type\":\"EntryPoint\",\"urlTemplate\":\"https:\/\/cistime-fasady.sk\/?s={search_term_string}\"},\"query-input\":\"required name=search_term_string\"}],\"inLanguage\":\"cs\"},{\"@type\":\"Organization\",\"@id\":\"https:\/\/cistime-fasady.sk\/#organization\",\"name\":\"Valmax s.r.o.\",\"alternateName\":\"Valmax s.r.o.\",\"url\":\"https:\/\/cistime-fasady.sk\/\",\"logo\":{\"@type\":\"ImageObject\",\"inLanguage\":\"cs\",\"@id\":\"https:\/\/cistime-fasady.sk\/#\/schema\/logo\/image\/\",\"url\":\"https:\/\/cistime-fasady.sk\/wp-content\/uploads\/2024\/03\/313207521_617400896841873_42847256823662438_n.jpg\",\"contentUrl\":\"https:\/\/cistime-fasady.sk\/wp-content\/uploads\/2024\/03\/313207521_617400896841873_42847256823662438_n.jpg\",\"width\":971,\"height\":971,\"caption\":\"Valmax s.r.o.\"},\"image\":{\"@id\":\"https:\/\/cistime-fasady.sk\/#\/schema\/logo\/image\/\"},\"sameAs\":[\"https:\/\/www.facebook.com\/cisteniefasadvalmax\/\",\"https:\/\/www.instagram.com\/valmax_cisteniefasad\/\"]},{\"@type\":\"Person\",\"@id\":\"https:\/\/cistime-fasady.sk\/#\/schema\/person\/18a2e8eb3e0dbe04479779b3ac0c9865\",\"name\":\"RAKETING\",\"image\":{\"@type\":\"ImageObject\",\"inLanguage\":\"cs\",\"@id\":\"https:\/\/cistime-fasady.sk\/#\/schema\/person\/image\/\",\"url\":\"https:\/\/secure.gravatar.com\/avatar\/7c3caac6c6527a5588ed6ed3aa8a1560b2c5f42cf1b704448b0ba30756aecfbc?s=96&d=mm&r=g\",\"contentUrl\":\"https:\/\/secure.gravatar.com\/avatar\/7c3caac6c6527a5588ed6ed3aa8a1560b2c5f42cf1b704448b0ba30756aecfbc?s=96&d=mm&r=g\",\"caption\":\"RAKETING\"},\"sameAs\":[\"https:\/\/cistime-fasady.sk\"],\"url\":\"https:\/\/cistime-fasady.sk\/cz\/author\/test02\/\"}]}<\/script>\n<!-- \/ Yoast SEO plugin. -->","yoast_head_json":{"title":"Ako v\u00e1m vy\u010dist\u00edme fas\u00e1du za jeden de\u0148. | \u010cist\u00edme Fas\u00e1dy","robots":{"index":"index","follow":"follow","max-snippet":"max-snippet:-1","max-image-preview":"max-image-preview:large","max-video-preview":"max-video-preview:-1"},"canonical":"https:\/\/cistime-fasady.sk\/cz\/ako-vam-vycistime-fasadu-za-jeden-den\/","og_locale":"cs_CZ","og_type":"article","og_title":"Ako v\u00e1m vy\u010dist\u00edme fas\u00e1du za jeden de\u0148. | \u010cist\u00edme Fas\u00e1dy","og_description":"Pred ka\u017ed\u00fdm \u010disten\u00edm fas\u00e1dy v\u00e1m pon\u00fakneme sk\u00fa\u0161obn\u00fa vzorku priamo na Va\u0161ej fas\u00e1de. Sk\u00fa\u0161obn\u00fa vzorku rob\u00edme bezplatne a m\u00f4\u017eete si ju vy\u017eiada\u0165 telefonicky alebo prostredn\u00edctvom n\u00e1\u0161ho kontaktn\u00e9ho formul\u00e1ru. Prostredn\u00edctvom vzorovej plochy m\u00f4\u017eete okam\u017eite vidie\u0165 v\u00fdsledok vy\u010distenia Va\u0161ej fas\u00e1dy a z\u00e1rove\u0148 V\u00e1m priamo predlo\u017e\u00edme predbe\u017en\u00fa cenov\u00fa ponuku na vy\u010distenie celej fas\u00e1dy.","og_url":"https:\/\/cistime-fasady.sk\/cz\/ako-vam-vycistime-fasadu-za-jeden-den\/","og_site_name":"\u010cist\u00edme Fas\u00e1dy","article_publisher":"https:\/\/www.facebook.com\/cisteniefasadvalmax\/","article_published_time":"2018-05-01T08:45:00+00:00","article_modified_time":"2024-06-26T08:57:16+00:00","og_image":[{"width":600,"height":350,"url":"https:\/\/cistime-fasady.sk\/wp-content\/uploads\/2024\/06\/predtym-potom.jpg","type":"image\/jpeg"}],"author":"RAKETING","twitter_card":"summary_large_image","twitter_misc":{"Napsal(a)":"RAKETING","Odhadovan\u00e1 doba \u010dten\u00ed":"3 minuty"},"schema":{"@context":"https:\/\/schema.org","@graph":[{"@type":"Article","@id":"https:\/\/cistime-fasady.sk\/ako-vam-vycistime-fasadu-za-jeden-den\/#article","isPartOf":{"@id":"https:\/\/cistime-fasady.sk\/ako-vam-vycistime-fasadu-za-jeden-den\/"},"author":{"name":"RAKETING","@id":"https:\/\/cistime-fasady.sk\/#\/schema\/person\/18a2e8eb3e0dbe04479779b3ac0c9865"},"headline":"Ako v\u00e1m vy\u010dist\u00edme fas\u00e1du za jeden de\u0148.","datePublished":"2018-05-01T08:45:00+00:00","dateModified":"2024-06-26T08:57:16+00:00","mainEntityOfPage":{"@id":"https:\/\/cistime-fasady.sk\/ako-vam-vycistime-fasadu-za-jeden-den\/"},"wordCount":390,"publisher":{"@id":"https:\/\/cistime-fasady.sk\/#organization"},"image":{"@id":"https:\/\/cistime-fasady.sk\/ako-vam-vycistime-fasadu-za-jeden-den\/#primaryimage"},"thumbnailUrl":"https:\/\/cistime-fasady.sk\/wp-content\/uploads\/2024\/06\/predtym-potom.webp","articleSection":["Nezaraden\u00e9"],"inLanguage":"cs"},{"@type":"WebPage","@id":"https:\/\/cistime-fasady.sk\/ako-vam-vycistime-fasadu-za-jeden-den\/","url":"https:\/\/cistime-fasady.sk\/ako-vam-vycistime-fasadu-za-jeden-den\/","name":"Ako v\u00e1m vy\u010dist\u00edme fas\u00e1du za jeden de\u0148. | \u010cist\u00edme Fas\u00e1dy","isPartOf":{"@id":"https:\/\/cistime-fasady.sk\/#website"},"primaryImageOfPage":{"@id":"https:\/\/cistime-fasady.sk\/ako-vam-vycistime-fasadu-za-jeden-den\/#primaryimage"},"image":{"@id":"https:\/\/cistime-fasady.sk\/ako-vam-vycistime-fasadu-za-jeden-den\/#primaryimage"},"thumbnailUrl":"https:\/\/cistime-fasady.sk\/wp-content\/uploads\/2024\/06\/predtym-potom.webp","datePublished":"2018-05-01T08:45:00+00:00","dateModified":"2024-06-26T08:57:16+00:00","breadcrumb":{"@id":"https:\/\/cistime-fasady.sk\/ako-vam-vycistime-fasadu-za-jeden-den\/#breadcrumb"},"inLanguage":"cs","potentialAction":[{"@type":"ReadAction","target":["https:\/\/cistime-fasady.sk\/ako-vam-vycistime-fasadu-za-jeden-den\/"]}]},{"@type":"ImageObject","inLanguage":"cs","@id":"https:\/\/cistime-fasady.sk\/ako-vam-vycistime-fasadu-za-jeden-den\/#primaryimage","url":"https:\/\/cistime-fasady.sk\/wp-content\/uploads\/2024\/06\/predtym-potom.webp","contentUrl":"https:\/\/cistime-fasady.sk\/wp-content\/uploads\/2024\/06\/predtym-potom.webp","width":600,"height":350,"caption":"predtym potom"},{"@type":"BreadcrumbList","@id":"https:\/\/cistime-fasady.sk\/ako-vam-vycistime-fasadu-za-jeden-den\/#breadcrumb","itemListElement":[{"@type":"ListItem","position":1,"name":"Domovsk\u00e1 str\u00e1nka","item":"https:\/\/cistime-fasady.sk\/"},{"@type":"ListItem","position":2,"name":"Ako v\u00e1m vy\u010dist\u00edme fas\u00e1du za jeden de\u0148."}]},{"@type":"WebSite","@id":"https:\/\/cistime-fasady.sk\/#website","url":"https:\/\/cistime-fasady.sk\/","name":"\u010cist\u00edme Fas\u00e1dy","description":"Profesion\u00e1lne \u010distenie fas\u00e1d","publisher":{"@id":"https:\/\/cistime-fasady.sk\/#organization"},"alternateName":"\u010cF","potentialAction":[{"@type":"SearchAction","target":{"@type":"EntryPoint","urlTemplate":"https:\/\/cistime-fasady.sk\/?s={search_term_string}"},"query-input":"required name=search_term_string"}],"inLanguage":"cs"},{"@type":"Organization","@id":"https:\/\/cistime-fasady.sk\/#organization","name":"Valmax s.r.o.","alternateName":"Valmax s.r.o.","url":"https:\/\/cistime-fasady.sk\/","logo":{"@type":"ImageObject","inLanguage":"cs","@id":"https:\/\/cistime-fasady.sk\/#\/schema\/logo\/image\/","url":"https:\/\/cistime-fasady.sk\/wp-content\/uploads\/2024\/03\/313207521_617400896841873_42847256823662438_n.jpg","contentUrl":"https:\/\/cistime-fasady.sk\/wp-content\/uploads\/2024\/03\/313207521_617400896841873_42847256823662438_n.jpg","width":971,"height":971,"caption":"Valmax s.r.o."},"image":{"@id":"https:\/\/cistime-fasady.sk\/#\/schema\/logo\/image\/"},"sameAs":["https:\/\/www.facebook.com\/cisteniefasadvalmax\/","https:\/\/www.instagram.com\/valmax_cisteniefasad\/"]},{"@type":"Person","@id":"https:\/\/cistime-fasady.sk\/#\/schema\/person\/18a2e8eb3e0dbe04479779b3ac0c9865","name":"RAKETING","image":{"@type":"ImageObject","inLanguage":"cs","@id":"https:\/\/cistime-fasady.sk\/#\/schema\/person\/image\/","url":"https:\/\/secure.gravatar.com\/avatar\/7c3caac6c6527a5588ed6ed3aa8a1560b2c5f42cf1b704448b0ba30756aecfbc?s=96&d=mm&r=g","contentUrl":"https:\/\/secure.gravatar.com\/avatar\/7c3caac6c6527a5588ed6ed3aa8a1560b2c5f42cf1b704448b0ba30756aecfbc?s=96&d=mm&r=g","caption":"RAKETING"},"sameAs":["https:\/\/cistime-fasady.sk"],"url":"https:\/\/cistime-fasady.sk\/cz\/author\/test02\/"}]}},"_links":{"self":[{"href":"https:\/\/cistime-fasady.sk\/cz\/wp-json\/wp\/v2\/posts\/1250","targetHints":{"allow":["GET"]}}],"collection":[{"href":"https:\/\/cistime-fasady.sk\/cz\/wp-json\/wp\/v2\/posts"}],"about":[{"href":"https:\/\/cistime-fasady.sk\/cz\/wp-json\/wp\/v2\/types\/post"}],"author":[{"embeddable":true,"href":"https:\/\/cistime-fasady.sk\/cz\/wp-json\/wp\/v2\/users\/1"}],"replies":[{"embeddable":true,"href":"https:\/\/cistime-fasady.sk\/cz\/wp-json\/wp\/v2\/comments?post=1250"}],"version-history":[{"count":1,"href":"https:\/\/cistime-fasady.sk\/cz\/wp-json\/wp\/v2\/posts\/1250\/revisions"}],"predecessor-version":[{"id":1252,"href":"https:\/\/cistime-fasady.sk\/cz\/wp-json\/wp\/v2\/posts\/1250\/revisions\/1252"}],"wp:featuredmedia":[{"embeddable":true,"href":"https:\/\/cistime-fasady.sk\/cz\/wp-json\/wp\/v2\/media\/1251"}],"wp:attachment":[{"href":"https:\/\/cistime-fasady.sk\/cz\/wp-json\/wp\/v2\/media?parent=1250"}],"wp:term":[{"taxonomy":"category","embeddable":true,"href":"https:\/\/cistime-fasady.sk\/cz\/wp-json\/wp\/v2\/categories?post=1250"},{"taxonomy":"post_tag","embeddable":true,"href":"https:\/\/cistime-fasady.sk\/cz\/wp-json\/wp\/v2\/tags?post=1250"}],"curies":[{"name":"wp","href":"https:\/\/api.w.org\/{rel}","templated":true}]}}