{"id":1246,"date":"2019-10-21T10:41:00","date_gmt":"2019-10-21T08:41:00","guid":{"rendered":"https:\/\/cistime-fasady.sk\/?p=1246"},"modified":"2024-06-26T10:42:45","modified_gmt":"2024-06-26T08:42:45","slug":"odpovede-na-dve-zakladne-otazky-pri-cisteni-fasady","status":"publish","type":"post","link":"https:\/\/cistime-fasady.sk\/cz\/odpovede-na-dve-zakladne-otazky-pri-cisteni-fasady\/","title":{"rendered":"Odpovede na dve z\u00e1kladn\u00e9 ot\u00e1zky pri \u010disten\u00ed fas\u00e1dy."},"content":{"rendered":"<p>St\u00e1le sa n\u00e1s p\u00fdtaj\u00fa, pre\u010do sa fas\u00e1dy u\u017e po kr\u00e1tkom \u010dase za\u0161pinia a ak\u00e9 efekt\u00edvnej\u0161ie rie\u0161enie vieme poskytn\u00fa\u0165.<strong>Prv\u00e1 odpove\u010f je v\u017edy jasn\u00e1:<\/strong>&nbsp;Rast plesn\u00ed je fenom\u00e9nom \u017eivotn\u00e9ho prostredia. Samotn\u00e1 \u0161trukt\u00fara fas\u00e1dy sp\u00f4sobuje jej vlhnutie cez noc. Tam, kde je vlhko, prirodzene rast\u00fa a rozmno\u017euj\u00fa sa plesne a huby. S kvalitou a technol\u00f3giou povrchu fas\u00e1dy to nem\u00e1 ni\u010d spolo\u010dn\u00e9.<\/p>\n\n\n\n<p><strong>Na\u0161a druh\u00e1 odpove\u010f:<\/strong>&nbsp;Doteraz sa fas\u00e1dy \u010distili vysokotlakov\u00fdm \u010disti\u010dom. Nielen \u017ee v\u00fdsledky s\u00fa neuspokojiv\u00e9, ale vysok\u00fd tlak naru\u0161uje celistvos\u0165 fas\u00e1dy nielen pri ne\u0161etrnom um\u00fdvan\u00ed. Vysok\u00fd tlak odstra\u0148uje aj ochrann\u00fa zlo\u017eku ka\u017edej fas\u00e1dy a vytv\u00e1ra podmienky pre zr\u00fdchlen\u00fd rast plesn\u00ed. Preto sa mus\u00ed fas\u00e1da st\u00e1le \u010dastej\u0161ie um\u00fdva\u0165 a\u017e po celkov\u00fd nov\u00fd n\u00e1ter. Na\u0161e \u0161peci\u00e1lne vytvoren\u00e9 n\u00e1stroje a prostriedky maj\u00fa \u00fa\u017easn\u00e9 \u010distiace \u00fa\u010dinky a dlhodob\u00e9 ochrann\u00e9 vlastnosti. To na\u0161i klienti oce\u0148uj\u00fa najviac. Pou\u017e\u00edvame nami vytvoren\u00fd roztok na rozpustenie v\u0161etk\u00fdch druhov ne\u010dist\u00f4t fas\u00e1d. Preto nemus\u00edme pou\u017e\u00edva\u0165 ve\u013emi vysok\u00fd tlak na vy\u010distenie do h\u013abky. Po \u010disten\u00ed, na po\u017eiadanie, pokryjeme fas\u00e1du \u0161pec\u00e1lnym prostriedkom, aby bola fas\u00e1da dlhodobo ochr\u00e1nen\u00e1 pred op\u00e4tovn\u00fdm zne\u010disten\u00edm.<\/p>\n\n\n\n<div style=\"height:30px\" aria-hidden=\"true\" class=\"wp-block-spacer\"><\/div>\n\n\n\n<figure class=\"wp-block-gallery has-nested-images columns-default is-cropped wp-block-gallery-1 is-layout-flex wp-block-gallery-is-layout-flex\">\n<figure class=\"wp-block-image size-large\"><img fetchpriority=\"high\" decoding=\"async\" width=\"1024\" height=\"576\" data-id=\"923\" src=\"https:\/\/cistime-fasady.sk\/wp-content\/uploads\/2024\/06\/09.jpg\" alt=\"\" class=\"wp-image-923\" srcset=\"https:\/\/cistime-fasady.sk\/wp-content\/uploads\/2024\/06\/09.jpg 1024w, https:\/\/cistime-fasady.sk\/wp-content\/uploads\/2024\/06\/09-300x169.jpg 300w, https:\/\/cistime-fasady.sk\/wp-content\/uploads\/2024\/06\/09-768x432.jpg 768w\" sizes=\"(max-width: 1024px) 100vw, 1024px\" \/><\/figure>\n\n\n\n<figure class=\"wp-block-image size-large\"><img decoding=\"async\" width=\"1024\" height=\"576\" data-id=\"924\" src=\"https:\/\/cistime-fasady.sk\/wp-content\/uploads\/2024\/06\/10.jpg\" alt=\"\" class=\"wp-image-924\" srcset=\"https:\/\/cistime-fasady.sk\/wp-content\/uploads\/2024\/06\/10.jpg 1024w, https:\/\/cistime-fasady.sk\/wp-content\/uploads\/2024\/06\/10-300x169.jpg 300w, https:\/\/cistime-fasady.sk\/wp-content\/uploads\/2024\/06\/10-768x432.jpg 768w\" sizes=\"(max-width: 1024px) 100vw, 1024px\" \/><\/figure>\n<\/figure>\n\n\n\n<p><\/p>","protected":false},"excerpt":{"rendered":"<p>St\u00e1le sa n\u00e1s p\u00fdtaj\u00fa, pre\u010do sa fas\u00e1dy u\u017e po kr\u00e1tkom \u010dase za\u0161pinia a ak\u00e9 efekt\u00edvnej\u0161ie rie\u0161enie vieme poskytn\u00fa\u0165.Prv\u00e1 odpove\u010f je v\u017edy jasn\u00e1:\u00a0Rast plesn\u00ed je fenom\u00e9nom \u017eivotn\u00e9ho prostredia. Samotn\u00e1 \u0161trukt\u00fara fas\u00e1dy sp\u00f4sobuje jej vlhnutie cez noc. Tam, kde je vlhko, prirodzene rast\u00fa a rozmno\u017euj\u00fa sa plesne a huby. S kvalitou a technol\u00f3giou povrchu fas\u00e1dy to nem\u00e1 ni\u010d spolo\u010dn\u00e9.<\/p>","protected":false},"author":1,"featured_media":923,"comment_status":"closed","ping_status":"open","sticky":false,"template":"","format":"standard","meta":{"footnotes":""},"categories":[1],"tags":[],"class_list":["post-1246","post","type-post","status-publish","format-standard","has-post-thumbnail","hentry","category-nezaradene"],"yoast_head":"<!-- This site is optimized with the Yoast SEO plugin v23.1 - https:\/\/yoast.com\/wordpress\/plugins\/seo\/ -->\n<title>Odpovede na dve z\u00e1kladn\u00e9 ot\u00e1zky pri \u010disten\u00ed fas\u00e1dy. | \u010cist\u00edme Fas\u00e1dy<\/title>\n<meta name=\"robots\" content=\"index, follow, max-snippet:-1, max-image-preview:large, max-video-preview:-1\" \/>\n<link rel=\"canonical\" href=\"https:\/\/cistime-fasady.sk\/cz\/odpovede-na-dve-zakladne-otazky-pri-cisteni-fasady\/\" \/>\n<meta property=\"og:locale\" content=\"cs_CZ\" \/>\n<meta property=\"og:type\" content=\"article\" \/>\n<meta property=\"og:title\" content=\"Odpovede na dve z\u00e1kladn\u00e9 ot\u00e1zky pri \u010disten\u00ed fas\u00e1dy. | \u010cist\u00edme Fas\u00e1dy\" \/>\n<meta property=\"og:description\" content=\"St\u00e1le sa n\u00e1s p\u00fdtaj\u00fa, pre\u010do sa fas\u00e1dy u\u017e po kr\u00e1tkom \u010dase za\u0161pinia a ak\u00e9 efekt\u00edvnej\u0161ie rie\u0161enie vieme poskytn\u00fa\u0165.Prv\u00e1 odpove\u010f je v\u017edy jasn\u00e1:\u00a0Rast plesn\u00ed je fenom\u00e9nom \u017eivotn\u00e9ho prostredia. Samotn\u00e1 \u0161trukt\u00fara fas\u00e1dy sp\u00f4sobuje jej vlhnutie cez noc. Tam, kde je vlhko, prirodzene rast\u00fa a rozmno\u017euj\u00fa sa plesne a huby. S kvalitou a technol\u00f3giou povrchu fas\u00e1dy to nem\u00e1 ni\u010d spolo\u010dn\u00e9.\" \/>\n<meta property=\"og:url\" content=\"https:\/\/cistime-fasady.sk\/cz\/odpovede-na-dve-zakladne-otazky-pri-cisteni-fasady\/\" \/>\n<meta property=\"og:site_name\" content=\"\u010cist\u00edme Fas\u00e1dy\" \/>\n<meta property=\"article:publisher\" content=\"https:\/\/www.facebook.com\/cisteniefasadvalmax\/\" \/>\n<meta property=\"article:published_time\" content=\"2019-10-21T08:41:00+00:00\" \/>\n<meta property=\"article:modified_time\" content=\"2024-06-26T08:42:45+00:00\" \/>\n<meta property=\"og:image\" content=\"https:\/\/cistime-fasady.sk\/wp-content\/uploads\/2024\/06\/09.jpg\" \/>\n\t<meta property=\"og:image:width\" content=\"1024\" \/>\n\t<meta property=\"og:image:height\" content=\"576\" \/>\n\t<meta property=\"og:image:type\" content=\"image\/jpeg\" \/>\n<meta name=\"author\" content=\"RAKETING\" \/>\n<meta name=\"twitter:card\" content=\"summary_large_image\" \/>\n<meta name=\"twitter:label1\" content=\"Napsal(a)\" \/>\n\t<meta name=\"twitter:data1\" content=\"RAKETING\" \/>\n\t<meta name=\"twitter:label2\" content=\"Odhadovan\u00e1 doba \u010dten\u00ed\" \/>\n\t<meta name=\"twitter:data2\" content=\"2 minuty\" \/>\n<script type=\"application\/ld+json\" class=\"yoast-schema-graph\">{\"@context\":\"https:\/\/schema.org\",\"@graph\":[{\"@type\":\"Article\",\"@id\":\"https:\/\/cistime-fasady.sk\/odpovede-na-dve-zakladne-otazky-pri-cisteni-fasady\/#article\",\"isPartOf\":{\"@id\":\"https:\/\/cistime-fasady.sk\/odpovede-na-dve-zakladne-otazky-pri-cisteni-fasady\/\"},\"author\":{\"name\":\"RAKETING\",\"@id\":\"https:\/\/cistime-fasady.sk\/#\/schema\/person\/18a2e8eb3e0dbe04479779b3ac0c9865\"},\"headline\":\"Odpovede na dve z\u00e1kladn\u00e9 ot\u00e1zky pri \u010disten\u00ed fas\u00e1dy.\",\"datePublished\":\"2019-10-21T08:41:00+00:00\",\"dateModified\":\"2024-06-26T08:42:45+00:00\",\"mainEntityOfPage\":{\"@id\":\"https:\/\/cistime-fasady.sk\/odpovede-na-dve-zakladne-otazky-pri-cisteni-fasady\/\"},\"wordCount\":243,\"publisher\":{\"@id\":\"https:\/\/cistime-fasady.sk\/#organization\"},\"image\":{\"@id\":\"https:\/\/cistime-fasady.sk\/odpovede-na-dve-zakladne-otazky-pri-cisteni-fasady\/#primaryimage\"},\"thumbnailUrl\":\"https:\/\/cistime-fasady.sk\/wp-content\/uploads\/2024\/06\/09.jpg\",\"articleSection\":[\"Nezaraden\u00e9\"],\"inLanguage\":\"cs\"},{\"@type\":\"WebPage\",\"@id\":\"https:\/\/cistime-fasady.sk\/odpovede-na-dve-zakladne-otazky-pri-cisteni-fasady\/\",\"url\":\"https:\/\/cistime-fasady.sk\/odpovede-na-dve-zakladne-otazky-pri-cisteni-fasady\/\",\"name\":\"Odpovede na dve z\u00e1kladn\u00e9 ot\u00e1zky pri \u010disten\u00ed fas\u00e1dy. | \u010cist\u00edme Fas\u00e1dy\",\"isPartOf\":{\"@id\":\"https:\/\/cistime-fasady.sk\/#website\"},\"primaryImageOfPage\":{\"@id\":\"https:\/\/cistime-fasady.sk\/odpovede-na-dve-zakladne-otazky-pri-cisteni-fasady\/#primaryimage\"},\"image\":{\"@id\":\"https:\/\/cistime-fasady.sk\/odpovede-na-dve-zakladne-otazky-pri-cisteni-fasady\/#primaryimage\"},\"thumbnailUrl\":\"https:\/\/cistime-fasady.sk\/wp-content\/uploads\/2024\/06\/09.jpg\",\"datePublished\":\"2019-10-21T08:41:00+00:00\",\"dateModified\":\"2024-06-26T08:42:45+00:00\",\"breadcrumb\":{\"@id\":\"https:\/\/cistime-fasady.sk\/odpovede-na-dve-zakladne-otazky-pri-cisteni-fasady\/#breadcrumb\"},\"inLanguage\":\"cs\",\"potentialAction\":[{\"@type\":\"ReadAction\",\"target\":[\"https:\/\/cistime-fasady.sk\/odpovede-na-dve-zakladne-otazky-pri-cisteni-fasady\/\"]}]},{\"@type\":\"ImageObject\",\"inLanguage\":\"cs\",\"@id\":\"https:\/\/cistime-fasady.sk\/odpovede-na-dve-zakladne-otazky-pri-cisteni-fasady\/#primaryimage\",\"url\":\"https:\/\/cistime-fasady.sk\/wp-content\/uploads\/2024\/06\/09.jpg\",\"contentUrl\":\"https:\/\/cistime-fasady.sk\/wp-content\/uploads\/2024\/06\/09.jpg\",\"width\":1024,\"height\":576,\"caption\":\"09\"},{\"@type\":\"BreadcrumbList\",\"@id\":\"https:\/\/cistime-fasady.sk\/odpovede-na-dve-zakladne-otazky-pri-cisteni-fasady\/#breadcrumb\",\"itemListElement\":[{\"@type\":\"ListItem\",\"position\":1,\"name\":\"Domovsk\u00e1 str\u00e1nka\",\"item\":\"https:\/\/cistime-fasady.sk\/\"},{\"@type\":\"ListItem\",\"position\":2,\"name\":\"Odpovede na dve z\u00e1kladn\u00e9 ot\u00e1zky pri \u010disten\u00ed fas\u00e1dy.\"}]},{\"@type\":\"WebSite\",\"@id\":\"https:\/\/cistime-fasady.sk\/#website\",\"url\":\"https:\/\/cistime-fasady.sk\/\",\"name\":\"\u010cist\u00edme Fas\u00e1dy\",\"description\":\"Profesion\u00e1lne \u010distenie fas\u00e1d\",\"publisher\":{\"@id\":\"https:\/\/cistime-fasady.sk\/#organization\"},\"alternateName\":\"\u010cF\",\"potentialAction\":[{\"@type\":\"SearchAction\",\"target\":{\"@type\":\"EntryPoint\",\"urlTemplate\":\"https:\/\/cistime-fasady.sk\/?s={search_term_string}\"},\"query-input\":\"required name=search_term_string\"}],\"inLanguage\":\"cs\"},{\"@type\":\"Organization\",\"@id\":\"https:\/\/cistime-fasady.sk\/#organization\",\"name\":\"Valmax s.r.o.\",\"alternateName\":\"Valmax s.r.o.\",\"url\":\"https:\/\/cistime-fasady.sk\/\",\"logo\":{\"@type\":\"ImageObject\",\"inLanguage\":\"cs\",\"@id\":\"https:\/\/cistime-fasady.sk\/#\/schema\/logo\/image\/\",\"url\":\"https:\/\/cistime-fasady.sk\/wp-content\/uploads\/2024\/03\/313207521_617400896841873_42847256823662438_n.jpg\",\"contentUrl\":\"https:\/\/cistime-fasady.sk\/wp-content\/uploads\/2024\/03\/313207521_617400896841873_42847256823662438_n.jpg\",\"width\":971,\"height\":971,\"caption\":\"Valmax s.r.o.\"},\"image\":{\"@id\":\"https:\/\/cistime-fasady.sk\/#\/schema\/logo\/image\/\"},\"sameAs\":[\"https:\/\/www.facebook.com\/cisteniefasadvalmax\/\",\"https:\/\/www.instagram.com\/valmax_cisteniefasad\/\"]},{\"@type\":\"Person\",\"@id\":\"https:\/\/cistime-fasady.sk\/#\/schema\/person\/18a2e8eb3e0dbe04479779b3ac0c9865\",\"name\":\"RAKETING\",\"image\":{\"@type\":\"ImageObject\",\"inLanguage\":\"cs\",\"@id\":\"https:\/\/cistime-fasady.sk\/#\/schema\/person\/image\/\",\"url\":\"https:\/\/secure.gravatar.com\/avatar\/7c3caac6c6527a5588ed6ed3aa8a1560b2c5f42cf1b704448b0ba30756aecfbc?s=96&d=mm&r=g\",\"contentUrl\":\"https:\/\/secure.gravatar.com\/avatar\/7c3caac6c6527a5588ed6ed3aa8a1560b2c5f42cf1b704448b0ba30756aecfbc?s=96&d=mm&r=g\",\"caption\":\"RAKETING\"},\"sameAs\":[\"https:\/\/cistime-fasady.sk\"],\"url\":\"https:\/\/cistime-fasady.sk\/cz\/author\/test02\/\"}]}<\/script>\n<!-- \/ Yoast SEO plugin. -->","yoast_head_json":{"title":"Odpovede na dve z\u00e1kladn\u00e9 ot\u00e1zky pri \u010disten\u00ed fas\u00e1dy. | \u010cist\u00edme Fas\u00e1dy","robots":{"index":"index","follow":"follow","max-snippet":"max-snippet:-1","max-image-preview":"max-image-preview:large","max-video-preview":"max-video-preview:-1"},"canonical":"https:\/\/cistime-fasady.sk\/cz\/odpovede-na-dve-zakladne-otazky-pri-cisteni-fasady\/","og_locale":"cs_CZ","og_type":"article","og_title":"Odpovede na dve z\u00e1kladn\u00e9 ot\u00e1zky pri \u010disten\u00ed fas\u00e1dy. | \u010cist\u00edme Fas\u00e1dy","og_description":"St\u00e1le sa n\u00e1s p\u00fdtaj\u00fa, pre\u010do sa fas\u00e1dy u\u017e po kr\u00e1tkom \u010dase za\u0161pinia a ak\u00e9 efekt\u00edvnej\u0161ie rie\u0161enie vieme poskytn\u00fa\u0165.Prv\u00e1 odpove\u010f je v\u017edy jasn\u00e1:\u00a0Rast plesn\u00ed je fenom\u00e9nom \u017eivotn\u00e9ho prostredia. Samotn\u00e1 \u0161trukt\u00fara fas\u00e1dy sp\u00f4sobuje jej vlhnutie cez noc. Tam, kde je vlhko, prirodzene rast\u00fa a rozmno\u017euj\u00fa sa plesne a huby. S kvalitou a technol\u00f3giou povrchu fas\u00e1dy to nem\u00e1 ni\u010d spolo\u010dn\u00e9.","og_url":"https:\/\/cistime-fasady.sk\/cz\/odpovede-na-dve-zakladne-otazky-pri-cisteni-fasady\/","og_site_name":"\u010cist\u00edme Fas\u00e1dy","article_publisher":"https:\/\/www.facebook.com\/cisteniefasadvalmax\/","article_published_time":"2019-10-21T08:41:00+00:00","article_modified_time":"2024-06-26T08:42:45+00:00","og_image":[{"width":1024,"height":576,"url":"https:\/\/cistime-fasady.sk\/wp-content\/uploads\/2024\/06\/09.jpg","type":"image\/jpeg"}],"author":"RAKETING","twitter_card":"summary_large_image","twitter_misc":{"Napsal(a)":"RAKETING","Odhadovan\u00e1 doba \u010dten\u00ed":"2 minuty"},"schema":{"@context":"https:\/\/schema.org","@graph":[{"@type":"Article","@id":"https:\/\/cistime-fasady.sk\/odpovede-na-dve-zakladne-otazky-pri-cisteni-fasady\/#article","isPartOf":{"@id":"https:\/\/cistime-fasady.sk\/odpovede-na-dve-zakladne-otazky-pri-cisteni-fasady\/"},"author":{"name":"RAKETING","@id":"https:\/\/cistime-fasady.sk\/#\/schema\/person\/18a2e8eb3e0dbe04479779b3ac0c9865"},"headline":"Odpovede na dve z\u00e1kladn\u00e9 ot\u00e1zky pri \u010disten\u00ed fas\u00e1dy.","datePublished":"2019-10-21T08:41:00+00:00","dateModified":"2024-06-26T08:42:45+00:00","mainEntityOfPage":{"@id":"https:\/\/cistime-fasady.sk\/odpovede-na-dve-zakladne-otazky-pri-cisteni-fasady\/"},"wordCount":243,"publisher":{"@id":"https:\/\/cistime-fasady.sk\/#organization"},"image":{"@id":"https:\/\/cistime-fasady.sk\/odpovede-na-dve-zakladne-otazky-pri-cisteni-fasady\/#primaryimage"},"thumbnailUrl":"https:\/\/cistime-fasady.sk\/wp-content\/uploads\/2024\/06\/09.jpg","articleSection":["Nezaraden\u00e9"],"inLanguage":"cs"},{"@type":"WebPage","@id":"https:\/\/cistime-fasady.sk\/odpovede-na-dve-zakladne-otazky-pri-cisteni-fasady\/","url":"https:\/\/cistime-fasady.sk\/odpovede-na-dve-zakladne-otazky-pri-cisteni-fasady\/","name":"Odpovede na dve z\u00e1kladn\u00e9 ot\u00e1zky pri \u010disten\u00ed fas\u00e1dy. | \u010cist\u00edme Fas\u00e1dy","isPartOf":{"@id":"https:\/\/cistime-fasady.sk\/#website"},"primaryImageOfPage":{"@id":"https:\/\/cistime-fasady.sk\/odpovede-na-dve-zakladne-otazky-pri-cisteni-fasady\/#primaryimage"},"image":{"@id":"https:\/\/cistime-fasady.sk\/odpovede-na-dve-zakladne-otazky-pri-cisteni-fasady\/#primaryimage"},"thumbnailUrl":"https:\/\/cistime-fasady.sk\/wp-content\/uploads\/2024\/06\/09.jpg","datePublished":"2019-10-21T08:41:00+00:00","dateModified":"2024-06-26T08:42:45+00:00","breadcrumb":{"@id":"https:\/\/cistime-fasady.sk\/odpovede-na-dve-zakladne-otazky-pri-cisteni-fasady\/#breadcrumb"},"inLanguage":"cs","potentialAction":[{"@type":"ReadAction","target":["https:\/\/cistime-fasady.sk\/odpovede-na-dve-zakladne-otazky-pri-cisteni-fasady\/"]}]},{"@type":"ImageObject","inLanguage":"cs","@id":"https:\/\/cistime-fasady.sk\/odpovede-na-dve-zakladne-otazky-pri-cisteni-fasady\/#primaryimage","url":"https:\/\/cistime-fasady.sk\/wp-content\/uploads\/2024\/06\/09.jpg","contentUrl":"https:\/\/cistime-fasady.sk\/wp-content\/uploads\/2024\/06\/09.jpg","width":1024,"height":576,"caption":"09"},{"@type":"BreadcrumbList","@id":"https:\/\/cistime-fasady.sk\/odpovede-na-dve-zakladne-otazky-pri-cisteni-fasady\/#breadcrumb","itemListElement":[{"@type":"ListItem","position":1,"name":"Domovsk\u00e1 str\u00e1nka","item":"https:\/\/cistime-fasady.sk\/"},{"@type":"ListItem","position":2,"name":"Odpovede na dve z\u00e1kladn\u00e9 ot\u00e1zky pri \u010disten\u00ed fas\u00e1dy."}]},{"@type":"WebSite","@id":"https:\/\/cistime-fasady.sk\/#website","url":"https:\/\/cistime-fasady.sk\/","name":"\u010cist\u00edme Fas\u00e1dy","description":"Profesion\u00e1lne \u010distenie fas\u00e1d","publisher":{"@id":"https:\/\/cistime-fasady.sk\/#organization"},"alternateName":"\u010cF","potentialAction":[{"@type":"SearchAction","target":{"@type":"EntryPoint","urlTemplate":"https:\/\/cistime-fasady.sk\/?s={search_term_string}"},"query-input":"required name=search_term_string"}],"inLanguage":"cs"},{"@type":"Organization","@id":"https:\/\/cistime-fasady.sk\/#organization","name":"Valmax s.r.o.","alternateName":"Valmax s.r.o.","url":"https:\/\/cistime-fasady.sk\/","logo":{"@type":"ImageObject","inLanguage":"cs","@id":"https:\/\/cistime-fasady.sk\/#\/schema\/logo\/image\/","url":"https:\/\/cistime-fasady.sk\/wp-content\/uploads\/2024\/03\/313207521_617400896841873_42847256823662438_n.jpg","contentUrl":"https:\/\/cistime-fasady.sk\/wp-content\/uploads\/2024\/03\/313207521_617400896841873_42847256823662438_n.jpg","width":971,"height":971,"caption":"Valmax s.r.o."},"image":{"@id":"https:\/\/cistime-fasady.sk\/#\/schema\/logo\/image\/"},"sameAs":["https:\/\/www.facebook.com\/cisteniefasadvalmax\/","https:\/\/www.instagram.com\/valmax_cisteniefasad\/"]},{"@type":"Person","@id":"https:\/\/cistime-fasady.sk\/#\/schema\/person\/18a2e8eb3e0dbe04479779b3ac0c9865","name":"RAKETING","image":{"@type":"ImageObject","inLanguage":"cs","@id":"https:\/\/cistime-fasady.sk\/#\/schema\/person\/image\/","url":"https:\/\/secure.gravatar.com\/avatar\/7c3caac6c6527a5588ed6ed3aa8a1560b2c5f42cf1b704448b0ba30756aecfbc?s=96&d=mm&r=g","contentUrl":"https:\/\/secure.gravatar.com\/avatar\/7c3caac6c6527a5588ed6ed3aa8a1560b2c5f42cf1b704448b0ba30756aecfbc?s=96&d=mm&r=g","caption":"RAKETING"},"sameAs":["https:\/\/cistime-fasady.sk"],"url":"https:\/\/cistime-fasady.sk\/cz\/author\/test02\/"}]}},"_links":{"self":[{"href":"https:\/\/cistime-fasady.sk\/cz\/wp-json\/wp\/v2\/posts\/1246","targetHints":{"allow":["GET"]}}],"collection":[{"href":"https:\/\/cistime-fasady.sk\/cz\/wp-json\/wp\/v2\/posts"}],"about":[{"href":"https:\/\/cistime-fasady.sk\/cz\/wp-json\/wp\/v2\/types\/post"}],"author":[{"embeddable":true,"href":"https:\/\/cistime-fasady.sk\/cz\/wp-json\/wp\/v2\/users\/1"}],"replies":[{"embeddable":true,"href":"https:\/\/cistime-fasady.sk\/cz\/wp-json\/wp\/v2\/comments?post=1246"}],"version-history":[{"count":1,"href":"https:\/\/cistime-fasady.sk\/cz\/wp-json\/wp\/v2\/posts\/1246\/revisions"}],"predecessor-version":[{"id":1247,"href":"https:\/\/cistime-fasady.sk\/cz\/wp-json\/wp\/v2\/posts\/1246\/revisions\/1247"}],"wp:featuredmedia":[{"embeddable":true,"href":"https:\/\/cistime-fasady.sk\/cz\/wp-json\/wp\/v2\/media\/923"}],"wp:attachment":[{"href":"https:\/\/cistime-fasady.sk\/cz\/wp-json\/wp\/v2\/media?parent=1246"}],"wp:term":[{"taxonomy":"category","embeddable":true,"href":"https:\/\/cistime-fasady.sk\/cz\/wp-json\/wp\/v2\/categories?post=1246"},{"taxonomy":"post_tag","embeddable":true,"href":"https:\/\/cistime-fasady.sk\/cz\/wp-json\/wp\/v2\/tags?post=1246"}],"curies":[{"name":"wp","href":"https:\/\/api.w.org\/{rel}","templated":true}]}}