{"id":1242,"date":"2019-10-23T10:34:00","date_gmt":"2019-10-23T08:34:00","guid":{"rendered":"https:\/\/cistime-fasady.sk\/?p=1242"},"modified":"2024-06-26T10:37:37","modified_gmt":"2024-06-26T08:37:37","slug":"vetranie-tepelna-vymena-a-plesne-na-fasadach","status":"publish","type":"post","link":"https:\/\/cistime-fasady.sk\/cz\/vetranie-tepelna-vymena-a-plesne-na-fasadach\/","title":{"rendered":"Vetranie, tepeln\u00e1 v\u00fdmena a plesne na fas\u00e1dach."},"content":{"rendered":"<p><em>Otvori\u0165 okn\u00e1 a vetra\u0165 je d\u00f4le\u017eit\u00e9, ale tepeln\u00e1 v\u00fdmena vytv\u00e1ra ide\u00e1lne podmienky pre plesne a huby na povrchu fas\u00e1dy. V\u00e4\u010d\u0161inou vetranie sp\u00f4sobuje vonkaj\u0161ie alebo vn\u00fatorn\u00e9 \u010dierne plesne. Ur\u010dite ste videli \u0161kared\u00e9 \u010dierne f\u013eaky nad oknami. \u010casto sa klienti p\u00fdtaj\u00fa odkia\u013e sa ber\u00fa tieto f\u013eaky, oni predsa nefaj\u010dia<\/em>.<\/p>\n\n\n\n<div style=\"height:30px\" aria-hidden=\"true\" class=\"wp-block-spacer\"><\/div>\n\n\n\n<h2 class=\"wp-block-heading\"><strong><strong>Odkia\u013e sa teda ber\u00fa tieto \u0161kared\u00e9 \u010dierne f\u013eaky?<\/strong><\/strong><\/h2>\n\n\n\n<p>V\u00e4\u010d\u0161inou tieto f\u013eaky sp\u00f4sobuje nespr\u00e1vne vetranie. Pri dlhodobom nespr\u00e1vnom vetran\u00ed, kedy sa okn\u00e1 otvoria iba na vetranie na viac ako 10 min\u00fat, za\u010dne kondez\u00e1cia vody na povrchu fas\u00e1dy aj steny vn\u00fatri. Toto vytv\u00e1ra ide\u00e1lne podmienky pre \u010dierne huby.<\/p>\n\n\n\n<div style=\"height:30px\" aria-hidden=\"true\" class=\"wp-block-spacer\"><\/div>\n\n\n\n<h2 class=\"wp-block-heading\"><strong><strong><strong>Spr\u00e1vne vetranie predch\u00e1dza rozmno\u017eovaniu h\u00fab a plesn\u00ed!<\/strong><\/strong><\/strong><\/h2>\n\n\n\n<p>Z\u00e1sadn\u00fdm pravidlom je vetra\u0165 3 kr\u00e1t denne, ide\u00e1lne prievanom. Hne\u010f r\u00e1no pri vst\u00e1van\u00ed, jeden kr\u00e1t cez de\u0148 a raz ve\u010der pred span\u00edm.<\/p>\n\n\n\n<p><strong>1-5 min\u00fat prievan<br><\/strong>Otvorte dve proti\u013eahl\u00e9 okn\u00e1 dokor\u00e1n.<\/p>\n\n\n\n<p>alebo<br><br><strong>5-10 min\u00fat vetranie<\/strong><br>Otvorte ka\u017ed\u00e9 okno v miestnosti dokor\u00e1n.<\/p>\n\n\n\n<div style=\"height:30px\" aria-hidden=\"true\" class=\"wp-block-spacer\"><\/div>\n\n\n\n<figure class=\"wp-block-gallery has-nested-images columns-default is-cropped wp-block-gallery-1 is-layout-flex wp-block-gallery-is-layout-flex\">\n<figure class=\"wp-block-image size-large\"><img fetchpriority=\"high\" decoding=\"async\" width=\"1000\" height=\"750\" data-id=\"929\" src=\"https:\/\/cistime-fasady.sk\/wp-content\/uploads\/2024\/06\/15.jpg\" alt=\"\" class=\"wp-image-929\" srcset=\"https:\/\/cistime-fasady.sk\/wp-content\/uploads\/2024\/06\/15.jpg 1000w, https:\/\/cistime-fasady.sk\/wp-content\/uploads\/2024\/06\/15-300x225.jpg 300w, https:\/\/cistime-fasady.sk\/wp-content\/uploads\/2024\/06\/15-768x576.jpg 768w\" sizes=\"(max-width: 1000px) 100vw, 1000px\" \/><\/figure>\n\n\n\n<figure class=\"wp-block-image size-large\"><img decoding=\"async\" width=\"1024\" height=\"768\" data-id=\"930\" src=\"https:\/\/cistime-fasady.sk\/wp-content\/uploads\/2024\/06\/16-1024x768.jpg\" alt=\"\" class=\"wp-image-930\" srcset=\"https:\/\/cistime-fasady.sk\/wp-content\/uploads\/2024\/06\/16-1024x768.jpg 1024w, https:\/\/cistime-fasady.sk\/wp-content\/uploads\/2024\/06\/16-300x225.jpg 300w, https:\/\/cistime-fasady.sk\/wp-content\/uploads\/2024\/06\/16-768x576.jpg 768w, https:\/\/cistime-fasady.sk\/wp-content\/uploads\/2024\/06\/16-1536x1152.jpg 1536w, https:\/\/cistime-fasady.sk\/wp-content\/uploads\/2024\/06\/16-2048x1536.jpg 2048w, https:\/\/cistime-fasady.sk\/wp-content\/uploads\/2024\/06\/16-scaled.jpg 1920w\" sizes=\"(max-width: 1024px) 100vw, 1024px\" \/><\/figure>\n<\/figure>\n\n\n\n<div style=\"height:30px\" aria-hidden=\"true\" class=\"wp-block-spacer\"><\/div>\n\n\n\n<h2 class=\"wp-block-heading\"><strong>\u0160kod\u00ed zne\u010distenie hubami a ples\u0148ami V\u00e1m alebo va\u0161ej fas\u00e1de?<\/strong><\/h2>\n\n\n\n<p>\u010ci sa sp\u00f3ry plesn\u00ed a h\u00fab opakovan\u00fdm otv\u00e1ran\u00edm okien dost\u00e1vaj\u00fa do interi\u00e9ru nieje e\u0161te potvrden\u00e9. Av\u0161ak logika hovor\u00ed, \u017ee ur\u010dit\u00e9 riziko tu st\u00e1le je a nem\u00f4\u017eeme si by\u0165 \u00faplne ist\u00ed. Pri ot\u00e1zke, \u010di zne\u010distenie \u0161kod\u00ed samotnej fas\u00e1de, je to u\u017e ale in\u00e9. \u017diadne zne\u010distenie nenap\u00e1da povrch fas\u00e1dy, ale jeho n\u00e1sledky s\u00fa nielen optick\u00e9. Pri zhusten\u00ed a roz\u0161\u00edren\u00ed plesn\u00ed \u010di h\u00fab na fas\u00e1de m\u00f4\u017ee toto pokrytie zabr\u00e1ni\u0165 vys\u00fa\u0161aniu fas\u00e1dy \u010do potvrdili viacer\u00e9 \u0161t\u00fadie aj zo zahrani\u010dia. A vlhkos\u0165 je potvrden\u00e1 ako najv\u00e4\u010d\u0161\u00ed probl\u00e9m fas\u00e1d v\u0161eobecne. Vlhkos\u0165 fas\u00e1dy dok\u00e1\u017ee v krajnom pr\u00edpade zni\u010dit samotn\u00fa fas\u00e1du, vytvori\u0165 praskliny a vies\u0165 a\u017e k n\u00faten\u00e9mu nov\u00e9mu a ur\u010dite n\u00e1kladn\u00e9mu n\u00e1teru. Tak ako v\u0161etko, nechajte si aspo\u0148 raz ro\u010dne skontrolova\u0165 Va\u0161u fas\u00e1du odborn\u00edkom.<\/p>\n\n\n\n<p>Naj\u010dastej\u0161ie n\u00e1s klienti kontaktuj\u00fa pr\u00e1ve pre \u010dierne plesne na fas\u00e1dach. Na\u0161tastie na\u0161a modern\u00e1 patentovan\u00e1 technol\u00f3gia za pomoci teleskopick\u00fdch ramien a pokrokov\u00fdch \u010distiacich prostriedkov \u0161etr\u00ed \u010das aj peniaze. A\u017e 70% n\u00e1kladov oproti nov\u00e9mu n\u00e1teru!<\/p>","protected":false},"excerpt":{"rendered":"<p>Otvori\u0165 okn\u00e1 a vetra\u0165 je d\u00f4le\u017eit\u00e9, ale tepeln\u00e1 v\u00fdmena vytv\u00e1ra ide\u00e1lne podmienky pre plesne a huby na povrchu fas\u00e1dy. V\u00e4\u010d\u0161inou vetranie sp\u00f4sobuje vonkaj\u0161ie alebo vn\u00fatorn\u00e9 \u010dierne plesne. Ur\u010dite ste videli \u0161kared\u00e9 \u010dierne f\u013eaky nad oknami. \u010casto sa klienti p\u00fdtaj\u00fa odkia\u013e sa ber\u00fa tieto f\u013eaky, oni predsa nefaj\u010dia.<\/p>","protected":false},"author":1,"featured_media":929,"comment_status":"closed","ping_status":"open","sticky":false,"template":"","format":"standard","meta":{"footnotes":""},"categories":[1],"tags":[],"class_list":["post-1242","post","type-post","status-publish","format-standard","has-post-thumbnail","hentry","category-nezaradene"],"yoast_head":"<!-- This site is optimized with the Yoast SEO plugin v23.1 - https:\/\/yoast.com\/wordpress\/plugins\/seo\/ -->\n<title>Vetranie, tepeln\u00e1 v\u00fdmena a plesne na fas\u00e1dach. | \u010cist\u00edme Fas\u00e1dy<\/title>\n<meta name=\"robots\" content=\"index, follow, max-snippet:-1, max-image-preview:large, max-video-preview:-1\" \/>\n<link rel=\"canonical\" href=\"https:\/\/cistime-fasady.sk\/cz\/vetranie-tepelna-vymena-a-plesne-na-fasadach\/\" \/>\n<meta property=\"og:locale\" content=\"cs_CZ\" \/>\n<meta property=\"og:type\" content=\"article\" \/>\n<meta property=\"og:title\" content=\"Vetranie, tepeln\u00e1 v\u00fdmena a plesne na fas\u00e1dach. | \u010cist\u00edme Fas\u00e1dy\" \/>\n<meta property=\"og:description\" content=\"Otvori\u0165 okn\u00e1 a vetra\u0165 je d\u00f4le\u017eit\u00e9, ale tepeln\u00e1 v\u00fdmena vytv\u00e1ra ide\u00e1lne podmienky pre plesne a huby na povrchu fas\u00e1dy. V\u00e4\u010d\u0161inou vetranie sp\u00f4sobuje vonkaj\u0161ie alebo vn\u00fatorn\u00e9 \u010dierne plesne. Ur\u010dite ste videli \u0161kared\u00e9 \u010dierne f\u013eaky nad oknami. \u010casto sa klienti p\u00fdtaj\u00fa odkia\u013e sa ber\u00fa tieto f\u013eaky, oni predsa nefaj\u010dia.\" \/>\n<meta property=\"og:url\" content=\"https:\/\/cistime-fasady.sk\/cz\/vetranie-tepelna-vymena-a-plesne-na-fasadach\/\" \/>\n<meta property=\"og:site_name\" content=\"\u010cist\u00edme Fas\u00e1dy\" \/>\n<meta property=\"article:publisher\" content=\"https:\/\/www.facebook.com\/cisteniefasadvalmax\/\" \/>\n<meta property=\"article:published_time\" content=\"2019-10-23T08:34:00+00:00\" \/>\n<meta property=\"article:modified_time\" content=\"2024-06-26T08:37:37+00:00\" \/>\n<meta property=\"og:image\" content=\"https:\/\/cistime-fasady.sk\/wp-content\/uploads\/2024\/06\/15.jpg\" \/>\n\t<meta property=\"og:image:width\" content=\"1000\" \/>\n\t<meta property=\"og:image:height\" content=\"750\" \/>\n\t<meta property=\"og:image:type\" content=\"image\/jpeg\" \/>\n<meta name=\"author\" content=\"RAKETING\" \/>\n<meta name=\"twitter:card\" content=\"summary_large_image\" \/>\n<meta name=\"twitter:label1\" content=\"Napsal(a)\" \/>\n\t<meta name=\"twitter:data1\" content=\"RAKETING\" \/>\n\t<meta name=\"twitter:label2\" content=\"Odhadovan\u00e1 doba \u010dten\u00ed\" \/>\n\t<meta name=\"twitter:data2\" content=\"3 minuty\" \/>\n<script type=\"application\/ld+json\" class=\"yoast-schema-graph\">{\"@context\":\"https:\/\/schema.org\",\"@graph\":[{\"@type\":\"Article\",\"@id\":\"https:\/\/cistime-fasady.sk\/vetranie-tepelna-vymena-a-plesne-na-fasadach\/#article\",\"isPartOf\":{\"@id\":\"https:\/\/cistime-fasady.sk\/vetranie-tepelna-vymena-a-plesne-na-fasadach\/\"},\"author\":{\"name\":\"RAKETING\",\"@id\":\"https:\/\/cistime-fasady.sk\/#\/schema\/person\/18a2e8eb3e0dbe04479779b3ac0c9865\"},\"headline\":\"Vetranie, tepeln\u00e1 v\u00fdmena a plesne na fas\u00e1dach.\",\"datePublished\":\"2019-10-23T08:34:00+00:00\",\"dateModified\":\"2024-06-26T08:37:37+00:00\",\"mainEntityOfPage\":{\"@id\":\"https:\/\/cistime-fasady.sk\/vetranie-tepelna-vymena-a-plesne-na-fasadach\/\"},\"wordCount\":418,\"publisher\":{\"@id\":\"https:\/\/cistime-fasady.sk\/#organization\"},\"image\":{\"@id\":\"https:\/\/cistime-fasady.sk\/vetranie-tepelna-vymena-a-plesne-na-fasadach\/#primaryimage\"},\"thumbnailUrl\":\"https:\/\/cistime-fasady.sk\/wp-content\/uploads\/2024\/06\/15.jpg\",\"articleSection\":[\"Nezaraden\u00e9\"],\"inLanguage\":\"cs\"},{\"@type\":\"WebPage\",\"@id\":\"https:\/\/cistime-fasady.sk\/vetranie-tepelna-vymena-a-plesne-na-fasadach\/\",\"url\":\"https:\/\/cistime-fasady.sk\/vetranie-tepelna-vymena-a-plesne-na-fasadach\/\",\"name\":\"Vetranie, tepeln\u00e1 v\u00fdmena a plesne na fas\u00e1dach. | \u010cist\u00edme Fas\u00e1dy\",\"isPartOf\":{\"@id\":\"https:\/\/cistime-fasady.sk\/#website\"},\"primaryImageOfPage\":{\"@id\":\"https:\/\/cistime-fasady.sk\/vetranie-tepelna-vymena-a-plesne-na-fasadach\/#primaryimage\"},\"image\":{\"@id\":\"https:\/\/cistime-fasady.sk\/vetranie-tepelna-vymena-a-plesne-na-fasadach\/#primaryimage\"},\"thumbnailUrl\":\"https:\/\/cistime-fasady.sk\/wp-content\/uploads\/2024\/06\/15.jpg\",\"datePublished\":\"2019-10-23T08:34:00+00:00\",\"dateModified\":\"2024-06-26T08:37:37+00:00\",\"breadcrumb\":{\"@id\":\"https:\/\/cistime-fasady.sk\/vetranie-tepelna-vymena-a-plesne-na-fasadach\/#breadcrumb\"},\"inLanguage\":\"cs\",\"potentialAction\":[{\"@type\":\"ReadAction\",\"target\":[\"https:\/\/cistime-fasady.sk\/vetranie-tepelna-vymena-a-plesne-na-fasadach\/\"]}]},{\"@type\":\"ImageObject\",\"inLanguage\":\"cs\",\"@id\":\"https:\/\/cistime-fasady.sk\/vetranie-tepelna-vymena-a-plesne-na-fasadach\/#primaryimage\",\"url\":\"https:\/\/cistime-fasady.sk\/wp-content\/uploads\/2024\/06\/15.jpg\",\"contentUrl\":\"https:\/\/cistime-fasady.sk\/wp-content\/uploads\/2024\/06\/15.jpg\",\"width\":1000,\"height\":750,\"caption\":\"15\"},{\"@type\":\"BreadcrumbList\",\"@id\":\"https:\/\/cistime-fasady.sk\/vetranie-tepelna-vymena-a-plesne-na-fasadach\/#breadcrumb\",\"itemListElement\":[{\"@type\":\"ListItem\",\"position\":1,\"name\":\"Domovsk\u00e1 str\u00e1nka\",\"item\":\"https:\/\/cistime-fasady.sk\/\"},{\"@type\":\"ListItem\",\"position\":2,\"name\":\"Vetranie, tepeln\u00e1 v\u00fdmena a plesne na fas\u00e1dach.\"}]},{\"@type\":\"WebSite\",\"@id\":\"https:\/\/cistime-fasady.sk\/#website\",\"url\":\"https:\/\/cistime-fasady.sk\/\",\"name\":\"\u010cist\u00edme Fas\u00e1dy\",\"description\":\"Profesion\u00e1lne \u010distenie fas\u00e1d\",\"publisher\":{\"@id\":\"https:\/\/cistime-fasady.sk\/#organization\"},\"alternateName\":\"\u010cF\",\"potentialAction\":[{\"@type\":\"SearchAction\",\"target\":{\"@type\":\"EntryPoint\",\"urlTemplate\":\"https:\/\/cistime-fasady.sk\/?s={search_term_string}\"},\"query-input\":\"required name=search_term_string\"}],\"inLanguage\":\"cs\"},{\"@type\":\"Organization\",\"@id\":\"https:\/\/cistime-fasady.sk\/#organization\",\"name\":\"Valmax s.r.o.\",\"alternateName\":\"Valmax s.r.o.\",\"url\":\"https:\/\/cistime-fasady.sk\/\",\"logo\":{\"@type\":\"ImageObject\",\"inLanguage\":\"cs\",\"@id\":\"https:\/\/cistime-fasady.sk\/#\/schema\/logo\/image\/\",\"url\":\"https:\/\/cistime-fasady.sk\/wp-content\/uploads\/2024\/03\/313207521_617400896841873_42847256823662438_n.jpg\",\"contentUrl\":\"https:\/\/cistime-fasady.sk\/wp-content\/uploads\/2024\/03\/313207521_617400896841873_42847256823662438_n.jpg\",\"width\":971,\"height\":971,\"caption\":\"Valmax s.r.o.\"},\"image\":{\"@id\":\"https:\/\/cistime-fasady.sk\/#\/schema\/logo\/image\/\"},\"sameAs\":[\"https:\/\/www.facebook.com\/cisteniefasadvalmax\/\",\"https:\/\/www.instagram.com\/valmax_cisteniefasad\/\"]},{\"@type\":\"Person\",\"@id\":\"https:\/\/cistime-fasady.sk\/#\/schema\/person\/18a2e8eb3e0dbe04479779b3ac0c9865\",\"name\":\"RAKETING\",\"image\":{\"@type\":\"ImageObject\",\"inLanguage\":\"cs\",\"@id\":\"https:\/\/cistime-fasady.sk\/#\/schema\/person\/image\/\",\"url\":\"https:\/\/secure.gravatar.com\/avatar\/7c3caac6c6527a5588ed6ed3aa8a1560b2c5f42cf1b704448b0ba30756aecfbc?s=96&d=mm&r=g\",\"contentUrl\":\"https:\/\/secure.gravatar.com\/avatar\/7c3caac6c6527a5588ed6ed3aa8a1560b2c5f42cf1b704448b0ba30756aecfbc?s=96&d=mm&r=g\",\"caption\":\"RAKETING\"},\"sameAs\":[\"https:\/\/cistime-fasady.sk\"],\"url\":\"https:\/\/cistime-fasady.sk\/cz\/author\/test02\/\"}]}<\/script>\n<!-- \/ Yoast SEO plugin. -->","yoast_head_json":{"title":"Vetranie, tepeln\u00e1 v\u00fdmena a plesne na fas\u00e1dach. | \u010cist\u00edme Fas\u00e1dy","robots":{"index":"index","follow":"follow","max-snippet":"max-snippet:-1","max-image-preview":"max-image-preview:large","max-video-preview":"max-video-preview:-1"},"canonical":"https:\/\/cistime-fasady.sk\/cz\/vetranie-tepelna-vymena-a-plesne-na-fasadach\/","og_locale":"cs_CZ","og_type":"article","og_title":"Vetranie, tepeln\u00e1 v\u00fdmena a plesne na fas\u00e1dach. | \u010cist\u00edme Fas\u00e1dy","og_description":"Otvori\u0165 okn\u00e1 a vetra\u0165 je d\u00f4le\u017eit\u00e9, ale tepeln\u00e1 v\u00fdmena vytv\u00e1ra ide\u00e1lne podmienky pre plesne a huby na povrchu fas\u00e1dy. V\u00e4\u010d\u0161inou vetranie sp\u00f4sobuje vonkaj\u0161ie alebo vn\u00fatorn\u00e9 \u010dierne plesne. Ur\u010dite ste videli \u0161kared\u00e9 \u010dierne f\u013eaky nad oknami. \u010casto sa klienti p\u00fdtaj\u00fa odkia\u013e sa ber\u00fa tieto f\u013eaky, oni predsa nefaj\u010dia.","og_url":"https:\/\/cistime-fasady.sk\/cz\/vetranie-tepelna-vymena-a-plesne-na-fasadach\/","og_site_name":"\u010cist\u00edme Fas\u00e1dy","article_publisher":"https:\/\/www.facebook.com\/cisteniefasadvalmax\/","article_published_time":"2019-10-23T08:34:00+00:00","article_modified_time":"2024-06-26T08:37:37+00:00","og_image":[{"width":1000,"height":750,"url":"https:\/\/cistime-fasady.sk\/wp-content\/uploads\/2024\/06\/15.jpg","type":"image\/jpeg"}],"author":"RAKETING","twitter_card":"summary_large_image","twitter_misc":{"Napsal(a)":"RAKETING","Odhadovan\u00e1 doba \u010dten\u00ed":"3 minuty"},"schema":{"@context":"https:\/\/schema.org","@graph":[{"@type":"Article","@id":"https:\/\/cistime-fasady.sk\/vetranie-tepelna-vymena-a-plesne-na-fasadach\/#article","isPartOf":{"@id":"https:\/\/cistime-fasady.sk\/vetranie-tepelna-vymena-a-plesne-na-fasadach\/"},"author":{"name":"RAKETING","@id":"https:\/\/cistime-fasady.sk\/#\/schema\/person\/18a2e8eb3e0dbe04479779b3ac0c9865"},"headline":"Vetranie, tepeln\u00e1 v\u00fdmena a plesne na fas\u00e1dach.","datePublished":"2019-10-23T08:34:00+00:00","dateModified":"2024-06-26T08:37:37+00:00","mainEntityOfPage":{"@id":"https:\/\/cistime-fasady.sk\/vetranie-tepelna-vymena-a-plesne-na-fasadach\/"},"wordCount":418,"publisher":{"@id":"https:\/\/cistime-fasady.sk\/#organization"},"image":{"@id":"https:\/\/cistime-fasady.sk\/vetranie-tepelna-vymena-a-plesne-na-fasadach\/#primaryimage"},"thumbnailUrl":"https:\/\/cistime-fasady.sk\/wp-content\/uploads\/2024\/06\/15.jpg","articleSection":["Nezaraden\u00e9"],"inLanguage":"cs"},{"@type":"WebPage","@id":"https:\/\/cistime-fasady.sk\/vetranie-tepelna-vymena-a-plesne-na-fasadach\/","url":"https:\/\/cistime-fasady.sk\/vetranie-tepelna-vymena-a-plesne-na-fasadach\/","name":"Vetranie, tepeln\u00e1 v\u00fdmena a plesne na fas\u00e1dach. | \u010cist\u00edme Fas\u00e1dy","isPartOf":{"@id":"https:\/\/cistime-fasady.sk\/#website"},"primaryImageOfPage":{"@id":"https:\/\/cistime-fasady.sk\/vetranie-tepelna-vymena-a-plesne-na-fasadach\/#primaryimage"},"image":{"@id":"https:\/\/cistime-fasady.sk\/vetranie-tepelna-vymena-a-plesne-na-fasadach\/#primaryimage"},"thumbnailUrl":"https:\/\/cistime-fasady.sk\/wp-content\/uploads\/2024\/06\/15.jpg","datePublished":"2019-10-23T08:34:00+00:00","dateModified":"2024-06-26T08:37:37+00:00","breadcrumb":{"@id":"https:\/\/cistime-fasady.sk\/vetranie-tepelna-vymena-a-plesne-na-fasadach\/#breadcrumb"},"inLanguage":"cs","potentialAction":[{"@type":"ReadAction","target":["https:\/\/cistime-fasady.sk\/vetranie-tepelna-vymena-a-plesne-na-fasadach\/"]}]},{"@type":"ImageObject","inLanguage":"cs","@id":"https:\/\/cistime-fasady.sk\/vetranie-tepelna-vymena-a-plesne-na-fasadach\/#primaryimage","url":"https:\/\/cistime-fasady.sk\/wp-content\/uploads\/2024\/06\/15.jpg","contentUrl":"https:\/\/cistime-fasady.sk\/wp-content\/uploads\/2024\/06\/15.jpg","width":1000,"height":750,"caption":"15"},{"@type":"BreadcrumbList","@id":"https:\/\/cistime-fasady.sk\/vetranie-tepelna-vymena-a-plesne-na-fasadach\/#breadcrumb","itemListElement":[{"@type":"ListItem","position":1,"name":"Domovsk\u00e1 str\u00e1nka","item":"https:\/\/cistime-fasady.sk\/"},{"@type":"ListItem","position":2,"name":"Vetranie, tepeln\u00e1 v\u00fdmena a plesne na fas\u00e1dach."}]},{"@type":"WebSite","@id":"https:\/\/cistime-fasady.sk\/#website","url":"https:\/\/cistime-fasady.sk\/","name":"\u010cist\u00edme Fas\u00e1dy","description":"Profesion\u00e1lne \u010distenie fas\u00e1d","publisher":{"@id":"https:\/\/cistime-fasady.sk\/#organization"},"alternateName":"\u010cF","potentialAction":[{"@type":"SearchAction","target":{"@type":"EntryPoint","urlTemplate":"https:\/\/cistime-fasady.sk\/?s={search_term_string}"},"query-input":"required name=search_term_string"}],"inLanguage":"cs"},{"@type":"Organization","@id":"https:\/\/cistime-fasady.sk\/#organization","name":"Valmax s.r.o.","alternateName":"Valmax s.r.o.","url":"https:\/\/cistime-fasady.sk\/","logo":{"@type":"ImageObject","inLanguage":"cs","@id":"https:\/\/cistime-fasady.sk\/#\/schema\/logo\/image\/","url":"https:\/\/cistime-fasady.sk\/wp-content\/uploads\/2024\/03\/313207521_617400896841873_42847256823662438_n.jpg","contentUrl":"https:\/\/cistime-fasady.sk\/wp-content\/uploads\/2024\/03\/313207521_617400896841873_42847256823662438_n.jpg","width":971,"height":971,"caption":"Valmax s.r.o."},"image":{"@id":"https:\/\/cistime-fasady.sk\/#\/schema\/logo\/image\/"},"sameAs":["https:\/\/www.facebook.com\/cisteniefasadvalmax\/","https:\/\/www.instagram.com\/valmax_cisteniefasad\/"]},{"@type":"Person","@id":"https:\/\/cistime-fasady.sk\/#\/schema\/person\/18a2e8eb3e0dbe04479779b3ac0c9865","name":"RAKETING","image":{"@type":"ImageObject","inLanguage":"cs","@id":"https:\/\/cistime-fasady.sk\/#\/schema\/person\/image\/","url":"https:\/\/secure.gravatar.com\/avatar\/7c3caac6c6527a5588ed6ed3aa8a1560b2c5f42cf1b704448b0ba30756aecfbc?s=96&d=mm&r=g","contentUrl":"https:\/\/secure.gravatar.com\/avatar\/7c3caac6c6527a5588ed6ed3aa8a1560b2c5f42cf1b704448b0ba30756aecfbc?s=96&d=mm&r=g","caption":"RAKETING"},"sameAs":["https:\/\/cistime-fasady.sk"],"url":"https:\/\/cistime-fasady.sk\/cz\/author\/test02\/"}]}},"_links":{"self":[{"href":"https:\/\/cistime-fasady.sk\/cz\/wp-json\/wp\/v2\/posts\/1242","targetHints":{"allow":["GET"]}}],"collection":[{"href":"https:\/\/cistime-fasady.sk\/cz\/wp-json\/wp\/v2\/posts"}],"about":[{"href":"https:\/\/cistime-fasady.sk\/cz\/wp-json\/wp\/v2\/types\/post"}],"author":[{"embeddable":true,"href":"https:\/\/cistime-fasady.sk\/cz\/wp-json\/wp\/v2\/users\/1"}],"replies":[{"embeddable":true,"href":"https:\/\/cistime-fasady.sk\/cz\/wp-json\/wp\/v2\/comments?post=1242"}],"version-history":[{"count":1,"href":"https:\/\/cistime-fasady.sk\/cz\/wp-json\/wp\/v2\/posts\/1242\/revisions"}],"predecessor-version":[{"id":1243,"href":"https:\/\/cistime-fasady.sk\/cz\/wp-json\/wp\/v2\/posts\/1242\/revisions\/1243"}],"wp:featuredmedia":[{"embeddable":true,"href":"https:\/\/cistime-fasady.sk\/cz\/wp-json\/wp\/v2\/media\/929"}],"wp:attachment":[{"href":"https:\/\/cistime-fasady.sk\/cz\/wp-json\/wp\/v2\/media?parent=1242"}],"wp:term":[{"taxonomy":"category","embeddable":true,"href":"https:\/\/cistime-fasady.sk\/cz\/wp-json\/wp\/v2\/categories?post=1242"},{"taxonomy":"post_tag","embeddable":true,"href":"https:\/\/cistime-fasady.sk\/cz\/wp-json\/wp\/v2\/tags?post=1242"}],"curies":[{"name":"wp","href":"https:\/\/api.w.org\/{rel}","templated":true}]}}