{"id":1216,"date":"2020-03-06T13:13:00","date_gmt":"2020-03-06T12:13:00","guid":{"rendered":"https:\/\/cistime-fasady.sk\/?p=1216"},"modified":"2024-06-25T13:17:22","modified_gmt":"2024-06-25T11:17:22","slug":"biela-fasadna-farba-domu","status":"publish","type":"post","link":"https:\/\/cistime-fasady.sk\/cz\/biela-fasadna-farba-domu\/","title":{"rendered":"Biela fas\u00e1dna farba domu"},"content":{"rendered":"<h2 class=\"wp-block-heading\"><strong><strong>BIELA FAS\u00c1DA DOMU \u2013 V\u00ddHODY A NEV\u00ddHODY<\/strong><\/strong><\/h2>\n\n\n\n<p><em>Aktu\u00e1lnym trendom v\u00a0oblasti architekt\u00fary je jednozna\u010dne minimalizmus. A\u00a0\u010do sa k\u00a0minimalistickej architekt\u00fare hod\u00ed viac ne\u017e biela fas\u00e1da?\u00a0<strong><em>Biela fas\u00e1da domu<\/em><\/strong>\u00a0u\u017e na prv\u00fd poh\u013ead p\u00f4sob\u00ed jasne a\u00a0\u010disto, men\u0161ie domy v\u010faka nej p\u00f4sobia v\u00e4\u010d\u0161\u00edm dojmom. \u010eal\u0161ou v\u00fdhodou, ktor\u00fa poskytuje biela fas\u00e1dna farba, je, \u017ee nech\u00e1 in\u00fdm v\u00fdrazn\u00fdm prvkom v\u00e1\u0161ho domu priestor, aby vynikli. Tak\u00fdmto prvkom m\u00f4\u017eu by\u0165 napr\u00edklad v\u00fdrazn\u00e9 okenn\u00e9 r\u00e1my, modern\u00e9 \u0161tuky a\u00a0\u010fal\u0161ie, napr\u00edklad tehlov\u00e9 alebo sklenen\u00e9 prvky v\u00e1\u0161ho domu.<\/em><\/p>\n\n\n\n<div style=\"height:30px\" aria-hidden=\"true\" class=\"wp-block-spacer\"><\/div>\n\n\n\n<h2 class=\"wp-block-heading\"><strong><strong><strong>BIELA FAS\u00c1DA DOMU A\u00a0JEJ ZNE\u010cISTENIE<\/strong><\/strong><\/strong><\/h2>\n\n\n\n<p>Samozrejme, mnoh\u00ed majitelia bytov \u010di domov sa bielej fas\u00e1dy ob\u00e1vaj\u00fa.\u00a0<strong><em>Biela fas\u00e1dna farba domu<\/em><\/strong>\u00a0je toti\u017eto h\u00e1klivej\u0161ia na zne\u010distenie a\u00a0u\u017e mal\u00e9 nedokonalosti m\u00f4\u017eu pokazi\u0165 celkov\u00fd vzh\u013ead fas\u00e1dy. To v\u0161ak ale e\u0161te neznamen\u00e1, \u017ee sa mus\u00edte bielej fas\u00e1dy vzda\u0165. Majitelia toti\u017eto \u010dastokr\u00e1t nevedia, \u017ee pokia\u013e je biela fas\u00e1da domu zne\u010disten\u00e1, nie je nutn\u00e9 ihne\u010f investova\u0165 do nov\u00e9ho n\u00e1teru. Profesion\u00e1lne \u010distenie fas\u00e1d toti\u017eto dok\u00e1\u017ee v\u00a0priebehu jedn\u00e9ho d\u0148a zabezpe\u010di\u0165, aby va\u0161a fas\u00e1da bola op\u00e4\u0165 ako nov\u00e1. Navy\u0161e, v\u010faka ochrannej vrstve, ktor\u00fa na fas\u00e1du po vy\u010disten\u00ed aplikujeme, bude va\u0161a fas\u00e1da \u017eiari\u0165 \u010distotou aj nasleduj\u00facich 5 rokov.<\/p>\n\n\n\n<div style=\"height:30px\" aria-hidden=\"true\" class=\"wp-block-spacer\"><\/div>\n\n\n\n<h2 class=\"wp-block-heading\"><strong><strong>BIELA FAS\u00c1DNA FARBA A\u00a0JEJ VY\u010cISTENIE<\/strong><\/strong><\/h2>\n\n\n\n<p>Ak pr\u00e1ve bojujete s\u00a0t\u00fdm, \u017ee je va\u0161a biela fas\u00e1da zne\u010disten\u00e1, nev\u00e1hajte n\u00e1s kontaktova\u0165 a\u00a0my v\u00e1m ju pr\u00eddeme <a href=\"\/cz\/cistenie-fasad\/\">profesion\u00e1lne vy\u010disti\u0165<\/a>.<\/p>\n\n\n\n<div style=\"height:30px\" aria-hidden=\"true\" class=\"wp-block-spacer\"><\/div>\n\n\n\n<figure class=\"wp-block-gallery has-nested-images columns-default is-cropped wp-block-gallery-1 is-layout-flex wp-block-gallery-is-layout-flex\">\n<figure class=\"wp-block-image size-large\"><img fetchpriority=\"high\" decoding=\"async\" width=\"1024\" height=\"768\" data-id=\"937\" src=\"https:\/\/cistime-fasady.sk\/wp-content\/uploads\/2024\/06\/23-1024x768.jpg\" alt=\"biela fas\u00e1dna farba domu\" class=\"wp-image-937\" srcset=\"https:\/\/cistime-fasady.sk\/wp-content\/uploads\/2024\/06\/23-1024x768.jpg 1024w, https:\/\/cistime-fasady.sk\/wp-content\/uploads\/2024\/06\/23-300x225.jpg 300w, https:\/\/cistime-fasady.sk\/wp-content\/uploads\/2024\/06\/23-768x576.jpg 768w, https:\/\/cistime-fasady.sk\/wp-content\/uploads\/2024\/06\/23-1536x1152.jpg 1536w, https:\/\/cistime-fasady.sk\/wp-content\/uploads\/2024\/06\/23-2048x1536.jpg 2048w, https:\/\/cistime-fasady.sk\/wp-content\/uploads\/2024\/06\/23-scaled.jpg 1920w\" sizes=\"(max-width: 1024px) 100vw, 1024px\" \/><\/figure>\n\n\n\n<figure class=\"wp-block-image size-large\"><img decoding=\"async\" width=\"1024\" height=\"768\" data-id=\"938\" src=\"https:\/\/cistime-fasady.sk\/wp-content\/uploads\/2024\/06\/24-1024x768.jpg\" alt=\"biela fas\u00e1dna farba domu\" class=\"wp-image-938\" srcset=\"https:\/\/cistime-fasady.sk\/wp-content\/uploads\/2024\/06\/24-1024x768.jpg 1024w, https:\/\/cistime-fasady.sk\/wp-content\/uploads\/2024\/06\/24-300x225.jpg 300w, https:\/\/cistime-fasady.sk\/wp-content\/uploads\/2024\/06\/24-768x576.jpg 768w, https:\/\/cistime-fasady.sk\/wp-content\/uploads\/2024\/06\/24-1536x1152.jpg 1536w, https:\/\/cistime-fasady.sk\/wp-content\/uploads\/2024\/06\/24-2048x1536.jpg 2048w, https:\/\/cistime-fasady.sk\/wp-content\/uploads\/2024\/06\/24-scaled.jpg 1920w\" sizes=\"(max-width: 1024px) 100vw, 1024px\" \/><\/figure>\n<\/figure>\n\n\n\n<p><\/p>","protected":false},"excerpt":{"rendered":"<p>Aktu\u00e1lnym trendom v\u00a0oblasti architekt\u00fary je jednozna\u010dne minimalizmus. A\u00a0\u010do sa k\u00a0minimalistickej architekt\u00fare hod\u00ed viac ne\u017e biela fas\u00e1da?\u00a0Biela fas\u00e1da domu\u00a0u\u017e na prv\u00fd poh\u013ead p\u00f4sob\u00ed jasne a\u00a0\u010disto, men\u0161ie domy v\u010faka nej p\u00f4sobia v\u00e4\u010d\u0161\u00edm dojmom. \u010eal\u0161ou v\u00fdhodou, ktor\u00fa poskytuje biela fas\u00e1dna farba, je, \u017ee nech\u00e1 in\u00fdm v\u00fdrazn\u00fdm prvkom v\u00e1\u0161ho domu priestor, aby vynikli. Tak\u00fdmto prvkom m\u00f4\u017eu by\u0165 napr\u00edklad v\u00fdrazn\u00e9 okenn\u00e9 r\u00e1my, modern\u00e9 \u0161tuky a\u00a0\u010fal\u0161ie, napr\u00edklad tehlov\u00e9 alebo sklenen\u00e9 prvky v\u00e1\u0161ho domu.<\/p>","protected":false},"author":1,"featured_media":937,"comment_status":"closed","ping_status":"open","sticky":false,"template":"","format":"standard","meta":{"footnotes":""},"categories":[1],"tags":[],"class_list":["post-1216","post","type-post","status-publish","format-standard","has-post-thumbnail","hentry","category-nezaradene"],"yoast_head":"<!-- This site is optimized with the Yoast SEO plugin v23.1 - https:\/\/yoast.com\/wordpress\/plugins\/seo\/ -->\n<title>Biela fas\u00e1dna farba domu | \u010cist\u00edme Fas\u00e1dy<\/title>\n<meta name=\"description\" content=\"Biela fas\u00e1dna farba domu\u00a0u\u017e na prv\u00fd poh\u013ead p\u00f4sob\u00ed jasne a\u00a0\u010disto, men\u0161ie domy v\u010faka nej p\u00f4sobia v\u00e4\u010d\u0161\u00edm dojmom.\" \/>\n<meta name=\"robots\" content=\"index, follow, max-snippet:-1, max-image-preview:large, max-video-preview:-1\" \/>\n<link rel=\"canonical\" href=\"https:\/\/cistime-fasady.sk\/cz\/biela-fasadna-farba-domu\/\" \/>\n<meta property=\"og:locale\" content=\"cs_CZ\" \/>\n<meta property=\"og:type\" content=\"article\" \/>\n<meta property=\"og:title\" content=\"Biela fas\u00e1dna farba domu | \u010cist\u00edme Fas\u00e1dy\" \/>\n<meta property=\"og:description\" content=\"Biela fas\u00e1dna farba domu\u00a0u\u017e na prv\u00fd poh\u013ead p\u00f4sob\u00ed jasne a\u00a0\u010disto, men\u0161ie domy v\u010faka nej p\u00f4sobia v\u00e4\u010d\u0161\u00edm dojmom.\" \/>\n<meta property=\"og:url\" content=\"https:\/\/cistime-fasady.sk\/cz\/biela-fasadna-farba-domu\/\" \/>\n<meta property=\"og:site_name\" content=\"\u010cist\u00edme Fas\u00e1dy\" \/>\n<meta property=\"article:publisher\" content=\"https:\/\/www.facebook.com\/cisteniefasadvalmax\/\" \/>\n<meta property=\"article:published_time\" content=\"2020-03-06T12:13:00+00:00\" \/>\n<meta property=\"article:modified_time\" content=\"2024-06-25T11:17:22+00:00\" \/>\n<meta property=\"og:image\" content=\"https:\/\/cistime-fasady.sk\/wp-content\/uploads\/2024\/06\/23-scaled.jpg\" \/>\n\t<meta property=\"og:image:width\" content=\"2560\" \/>\n\t<meta property=\"og:image:height\" content=\"1920\" \/>\n\t<meta property=\"og:image:type\" content=\"image\/jpeg\" \/>\n<meta name=\"author\" content=\"RAKETING\" \/>\n<meta name=\"twitter:card\" content=\"summary_large_image\" \/>\n<meta name=\"twitter:label1\" content=\"Napsal(a)\" \/>\n\t<meta name=\"twitter:data1\" content=\"RAKETING\" \/>\n\t<meta name=\"twitter:label2\" content=\"Odhadovan\u00e1 doba \u010dten\u00ed\" \/>\n\t<meta name=\"twitter:data2\" content=\"2 minuty\" \/>\n<script type=\"application\/ld+json\" class=\"yoast-schema-graph\">{\"@context\":\"https:\/\/schema.org\",\"@graph\":[{\"@type\":\"Article\",\"@id\":\"https:\/\/cistime-fasady.sk\/biela-fasadna-farba-domu\/#article\",\"isPartOf\":{\"@id\":\"https:\/\/cistime-fasady.sk\/biela-fasadna-farba-domu\/\"},\"author\":{\"name\":\"RAKETING\",\"@id\":\"https:\/\/cistime-fasady.sk\/#\/schema\/person\/18a2e8eb3e0dbe04479779b3ac0c9865\"},\"headline\":\"Biela fas\u00e1dna farba domu\",\"datePublished\":\"2020-03-06T12:13:00+00:00\",\"dateModified\":\"2024-06-25T11:17:22+00:00\",\"mainEntityOfPage\":{\"@id\":\"https:\/\/cistime-fasady.sk\/biela-fasadna-farba-domu\/\"},\"wordCount\":292,\"publisher\":{\"@id\":\"https:\/\/cistime-fasady.sk\/#organization\"},\"image\":{\"@id\":\"https:\/\/cistime-fasady.sk\/biela-fasadna-farba-domu\/#primaryimage\"},\"thumbnailUrl\":\"https:\/\/cistime-fasady.sk\/wp-content\/uploads\/2024\/06\/23-scaled.jpg\",\"articleSection\":[\"Nezaraden\u00e9\"],\"inLanguage\":\"cs\"},{\"@type\":\"WebPage\",\"@id\":\"https:\/\/cistime-fasady.sk\/biela-fasadna-farba-domu\/\",\"url\":\"https:\/\/cistime-fasady.sk\/biela-fasadna-farba-domu\/\",\"name\":\"Biela fas\u00e1dna farba domu | \u010cist\u00edme Fas\u00e1dy\",\"isPartOf\":{\"@id\":\"https:\/\/cistime-fasady.sk\/#website\"},\"primaryImageOfPage\":{\"@id\":\"https:\/\/cistime-fasady.sk\/biela-fasadna-farba-domu\/#primaryimage\"},\"image\":{\"@id\":\"https:\/\/cistime-fasady.sk\/biela-fasadna-farba-domu\/#primaryimage\"},\"thumbnailUrl\":\"https:\/\/cistime-fasady.sk\/wp-content\/uploads\/2024\/06\/23-scaled.jpg\",\"datePublished\":\"2020-03-06T12:13:00+00:00\",\"dateModified\":\"2024-06-25T11:17:22+00:00\",\"description\":\"Biela fas\u00e1dna farba domu\u00a0u\u017e na prv\u00fd poh\u013ead p\u00f4sob\u00ed jasne a\u00a0\u010disto, men\u0161ie domy v\u010faka nej p\u00f4sobia v\u00e4\u010d\u0161\u00edm dojmom.\",\"breadcrumb\":{\"@id\":\"https:\/\/cistime-fasady.sk\/biela-fasadna-farba-domu\/#breadcrumb\"},\"inLanguage\":\"cs\",\"potentialAction\":[{\"@type\":\"ReadAction\",\"target\":[\"https:\/\/cistime-fasady.sk\/biela-fasadna-farba-domu\/\"]}]},{\"@type\":\"ImageObject\",\"inLanguage\":\"cs\",\"@id\":\"https:\/\/cistime-fasady.sk\/biela-fasadna-farba-domu\/#primaryimage\",\"url\":\"https:\/\/cistime-fasady.sk\/wp-content\/uploads\/2024\/06\/23-scaled.jpg\",\"contentUrl\":\"https:\/\/cistime-fasady.sk\/wp-content\/uploads\/2024\/06\/23-scaled.jpg\",\"width\":1920,\"height\":1440,\"caption\":\"23 scaled\"},{\"@type\":\"BreadcrumbList\",\"@id\":\"https:\/\/cistime-fasady.sk\/biela-fasadna-farba-domu\/#breadcrumb\",\"itemListElement\":[{\"@type\":\"ListItem\",\"position\":1,\"name\":\"Domovsk\u00e1 str\u00e1nka\",\"item\":\"https:\/\/cistime-fasady.sk\/\"},{\"@type\":\"ListItem\",\"position\":2,\"name\":\"Biela fas\u00e1dna farba domu\"}]},{\"@type\":\"WebSite\",\"@id\":\"https:\/\/cistime-fasady.sk\/#website\",\"url\":\"https:\/\/cistime-fasady.sk\/\",\"name\":\"\u010cist\u00edme Fas\u00e1dy\",\"description\":\"Profesion\u00e1lne \u010distenie fas\u00e1d\",\"publisher\":{\"@id\":\"https:\/\/cistime-fasady.sk\/#organization\"},\"alternateName\":\"\u010cF\",\"potentialAction\":[{\"@type\":\"SearchAction\",\"target\":{\"@type\":\"EntryPoint\",\"urlTemplate\":\"https:\/\/cistime-fasady.sk\/?s={search_term_string}\"},\"query-input\":\"required name=search_term_string\"}],\"inLanguage\":\"cs\"},{\"@type\":\"Organization\",\"@id\":\"https:\/\/cistime-fasady.sk\/#organization\",\"name\":\"Valmax s.r.o.\",\"alternateName\":\"Valmax s.r.o.\",\"url\":\"https:\/\/cistime-fasady.sk\/\",\"logo\":{\"@type\":\"ImageObject\",\"inLanguage\":\"cs\",\"@id\":\"https:\/\/cistime-fasady.sk\/#\/schema\/logo\/image\/\",\"url\":\"https:\/\/cistime-fasady.sk\/wp-content\/uploads\/2024\/03\/313207521_617400896841873_42847256823662438_n.jpg\",\"contentUrl\":\"https:\/\/cistime-fasady.sk\/wp-content\/uploads\/2024\/03\/313207521_617400896841873_42847256823662438_n.jpg\",\"width\":971,\"height\":971,\"caption\":\"Valmax s.r.o.\"},\"image\":{\"@id\":\"https:\/\/cistime-fasady.sk\/#\/schema\/logo\/image\/\"},\"sameAs\":[\"https:\/\/www.facebook.com\/cisteniefasadvalmax\/\",\"https:\/\/www.instagram.com\/valmax_cisteniefasad\/\"]},{\"@type\":\"Person\",\"@id\":\"https:\/\/cistime-fasady.sk\/#\/schema\/person\/18a2e8eb3e0dbe04479779b3ac0c9865\",\"name\":\"RAKETING\",\"image\":{\"@type\":\"ImageObject\",\"inLanguage\":\"cs\",\"@id\":\"https:\/\/cistime-fasady.sk\/#\/schema\/person\/image\/\",\"url\":\"https:\/\/secure.gravatar.com\/avatar\/7c3caac6c6527a5588ed6ed3aa8a1560b2c5f42cf1b704448b0ba30756aecfbc?s=96&d=mm&r=g\",\"contentUrl\":\"https:\/\/secure.gravatar.com\/avatar\/7c3caac6c6527a5588ed6ed3aa8a1560b2c5f42cf1b704448b0ba30756aecfbc?s=96&d=mm&r=g\",\"caption\":\"RAKETING\"},\"sameAs\":[\"https:\/\/cistime-fasady.sk\"],\"url\":\"https:\/\/cistime-fasady.sk\/cz\/author\/test02\/\"}]}<\/script>\n<!-- \/ Yoast SEO plugin. -->","yoast_head_json":{"title":"Biela fas\u00e1dna farba domu | \u010cist\u00edme Fas\u00e1dy","description":"Biela fas\u00e1dna farba domu\u00a0u\u017e na prv\u00fd poh\u013ead p\u00f4sob\u00ed jasne a\u00a0\u010disto, men\u0161ie domy v\u010faka nej p\u00f4sobia v\u00e4\u010d\u0161\u00edm dojmom.","robots":{"index":"index","follow":"follow","max-snippet":"max-snippet:-1","max-image-preview":"max-image-preview:large","max-video-preview":"max-video-preview:-1"},"canonical":"https:\/\/cistime-fasady.sk\/cz\/biela-fasadna-farba-domu\/","og_locale":"cs_CZ","og_type":"article","og_title":"Biela fas\u00e1dna farba domu | \u010cist\u00edme Fas\u00e1dy","og_description":"Biela fas\u00e1dna farba domu\u00a0u\u017e na prv\u00fd poh\u013ead p\u00f4sob\u00ed jasne a\u00a0\u010disto, men\u0161ie domy v\u010faka nej p\u00f4sobia v\u00e4\u010d\u0161\u00edm dojmom.","og_url":"https:\/\/cistime-fasady.sk\/cz\/biela-fasadna-farba-domu\/","og_site_name":"\u010cist\u00edme Fas\u00e1dy","article_publisher":"https:\/\/www.facebook.com\/cisteniefasadvalmax\/","article_published_time":"2020-03-06T12:13:00+00:00","article_modified_time":"2024-06-25T11:17:22+00:00","og_image":[{"width":2560,"height":1920,"url":"https:\/\/cistime-fasady.sk\/wp-content\/uploads\/2024\/06\/23-scaled.jpg","type":"image\/jpeg"}],"author":"RAKETING","twitter_card":"summary_large_image","twitter_misc":{"Napsal(a)":"RAKETING","Odhadovan\u00e1 doba \u010dten\u00ed":"2 minuty"},"schema":{"@context":"https:\/\/schema.org","@graph":[{"@type":"Article","@id":"https:\/\/cistime-fasady.sk\/biela-fasadna-farba-domu\/#article","isPartOf":{"@id":"https:\/\/cistime-fasady.sk\/biela-fasadna-farba-domu\/"},"author":{"name":"RAKETING","@id":"https:\/\/cistime-fasady.sk\/#\/schema\/person\/18a2e8eb3e0dbe04479779b3ac0c9865"},"headline":"Biela fas\u00e1dna farba domu","datePublished":"2020-03-06T12:13:00+00:00","dateModified":"2024-06-25T11:17:22+00:00","mainEntityOfPage":{"@id":"https:\/\/cistime-fasady.sk\/biela-fasadna-farba-domu\/"},"wordCount":292,"publisher":{"@id":"https:\/\/cistime-fasady.sk\/#organization"},"image":{"@id":"https:\/\/cistime-fasady.sk\/biela-fasadna-farba-domu\/#primaryimage"},"thumbnailUrl":"https:\/\/cistime-fasady.sk\/wp-content\/uploads\/2024\/06\/23-scaled.jpg","articleSection":["Nezaraden\u00e9"],"inLanguage":"cs"},{"@type":"WebPage","@id":"https:\/\/cistime-fasady.sk\/biela-fasadna-farba-domu\/","url":"https:\/\/cistime-fasady.sk\/biela-fasadna-farba-domu\/","name":"Biela fas\u00e1dna farba domu | \u010cist\u00edme Fas\u00e1dy","isPartOf":{"@id":"https:\/\/cistime-fasady.sk\/#website"},"primaryImageOfPage":{"@id":"https:\/\/cistime-fasady.sk\/biela-fasadna-farba-domu\/#primaryimage"},"image":{"@id":"https:\/\/cistime-fasady.sk\/biela-fasadna-farba-domu\/#primaryimage"},"thumbnailUrl":"https:\/\/cistime-fasady.sk\/wp-content\/uploads\/2024\/06\/23-scaled.jpg","datePublished":"2020-03-06T12:13:00+00:00","dateModified":"2024-06-25T11:17:22+00:00","description":"Biela fas\u00e1dna farba domu\u00a0u\u017e na prv\u00fd poh\u013ead p\u00f4sob\u00ed jasne a\u00a0\u010disto, men\u0161ie domy v\u010faka nej p\u00f4sobia v\u00e4\u010d\u0161\u00edm dojmom.","breadcrumb":{"@id":"https:\/\/cistime-fasady.sk\/biela-fasadna-farba-domu\/#breadcrumb"},"inLanguage":"cs","potentialAction":[{"@type":"ReadAction","target":["https:\/\/cistime-fasady.sk\/biela-fasadna-farba-domu\/"]}]},{"@type":"ImageObject","inLanguage":"cs","@id":"https:\/\/cistime-fasady.sk\/biela-fasadna-farba-domu\/#primaryimage","url":"https:\/\/cistime-fasady.sk\/wp-content\/uploads\/2024\/06\/23-scaled.jpg","contentUrl":"https:\/\/cistime-fasady.sk\/wp-content\/uploads\/2024\/06\/23-scaled.jpg","width":1920,"height":1440,"caption":"23 scaled"},{"@type":"BreadcrumbList","@id":"https:\/\/cistime-fasady.sk\/biela-fasadna-farba-domu\/#breadcrumb","itemListElement":[{"@type":"ListItem","position":1,"name":"Domovsk\u00e1 str\u00e1nka","item":"https:\/\/cistime-fasady.sk\/"},{"@type":"ListItem","position":2,"name":"Biela fas\u00e1dna farba domu"}]},{"@type":"WebSite","@id":"https:\/\/cistime-fasady.sk\/#website","url":"https:\/\/cistime-fasady.sk\/","name":"\u010cist\u00edme Fas\u00e1dy","description":"Profesion\u00e1lne \u010distenie fas\u00e1d","publisher":{"@id":"https:\/\/cistime-fasady.sk\/#organization"},"alternateName":"\u010cF","potentialAction":[{"@type":"SearchAction","target":{"@type":"EntryPoint","urlTemplate":"https:\/\/cistime-fasady.sk\/?s={search_term_string}"},"query-input":"required name=search_term_string"}],"inLanguage":"cs"},{"@type":"Organization","@id":"https:\/\/cistime-fasady.sk\/#organization","name":"Valmax s.r.o.","alternateName":"Valmax s.r.o.","url":"https:\/\/cistime-fasady.sk\/","logo":{"@type":"ImageObject","inLanguage":"cs","@id":"https:\/\/cistime-fasady.sk\/#\/schema\/logo\/image\/","url":"https:\/\/cistime-fasady.sk\/wp-content\/uploads\/2024\/03\/313207521_617400896841873_42847256823662438_n.jpg","contentUrl":"https:\/\/cistime-fasady.sk\/wp-content\/uploads\/2024\/03\/313207521_617400896841873_42847256823662438_n.jpg","width":971,"height":971,"caption":"Valmax s.r.o."},"image":{"@id":"https:\/\/cistime-fasady.sk\/#\/schema\/logo\/image\/"},"sameAs":["https:\/\/www.facebook.com\/cisteniefasadvalmax\/","https:\/\/www.instagram.com\/valmax_cisteniefasad\/"]},{"@type":"Person","@id":"https:\/\/cistime-fasady.sk\/#\/schema\/person\/18a2e8eb3e0dbe04479779b3ac0c9865","name":"RAKETING","image":{"@type":"ImageObject","inLanguage":"cs","@id":"https:\/\/cistime-fasady.sk\/#\/schema\/person\/image\/","url":"https:\/\/secure.gravatar.com\/avatar\/7c3caac6c6527a5588ed6ed3aa8a1560b2c5f42cf1b704448b0ba30756aecfbc?s=96&d=mm&r=g","contentUrl":"https:\/\/secure.gravatar.com\/avatar\/7c3caac6c6527a5588ed6ed3aa8a1560b2c5f42cf1b704448b0ba30756aecfbc?s=96&d=mm&r=g","caption":"RAKETING"},"sameAs":["https:\/\/cistime-fasady.sk"],"url":"https:\/\/cistime-fasady.sk\/cz\/author\/test02\/"}]}},"_links":{"self":[{"href":"https:\/\/cistime-fasady.sk\/cz\/wp-json\/wp\/v2\/posts\/1216","targetHints":{"allow":["GET"]}}],"collection":[{"href":"https:\/\/cistime-fasady.sk\/cz\/wp-json\/wp\/v2\/posts"}],"about":[{"href":"https:\/\/cistime-fasady.sk\/cz\/wp-json\/wp\/v2\/types\/post"}],"author":[{"embeddable":true,"href":"https:\/\/cistime-fasady.sk\/cz\/wp-json\/wp\/v2\/users\/1"}],"replies":[{"embeddable":true,"href":"https:\/\/cistime-fasady.sk\/cz\/wp-json\/wp\/v2\/comments?post=1216"}],"version-history":[{"count":1,"href":"https:\/\/cistime-fasady.sk\/cz\/wp-json\/wp\/v2\/posts\/1216\/revisions"}],"predecessor-version":[{"id":1217,"href":"https:\/\/cistime-fasady.sk\/cz\/wp-json\/wp\/v2\/posts\/1216\/revisions\/1217"}],"wp:featuredmedia":[{"embeddable":true,"href":"https:\/\/cistime-fasady.sk\/cz\/wp-json\/wp\/v2\/media\/937"}],"wp:attachment":[{"href":"https:\/\/cistime-fasady.sk\/cz\/wp-json\/wp\/v2\/media?parent=1216"}],"wp:term":[{"taxonomy":"category","embeddable":true,"href":"https:\/\/cistime-fasady.sk\/cz\/wp-json\/wp\/v2\/categories?post=1216"},{"taxonomy":"post_tag","embeddable":true,"href":"https:\/\/cistime-fasady.sk\/cz\/wp-json\/wp\/v2\/tags?post=1216"}],"curies":[{"name":"wp","href":"https:\/\/api.w.org\/{rel}","templated":true}]}}