{"id":1211,"date":"2020-03-10T12:57:00","date_gmt":"2020-03-10T11:57:00","guid":{"rendered":"https:\/\/cistime-fasady.sk\/?p=1211"},"modified":"2024-06-25T13:02:11","modified_gmt":"2024-06-25T11:02:11","slug":"cim-cistit-fasadu","status":"publish","type":"post","link":"https:\/\/cistime-fasady.sk\/cz\/cim-cistit-fasadu\/","title":{"rendered":"\u010c\u00edm \u010disti\u0165 fas\u00e1du?"},"content":{"rendered":"<p><em>Zne\u010disten\u00e1 fas\u00e1da je no\u010dnou morou ka\u017ed\u00e9ho majite\u013ea domu \u010di bytu. Nov\u00fd fas\u00e1dny n\u00e1ter toti\u017eto znamen\u00e1 aj vysok\u00fa finan\u010dn\u00fa invest\u00edciu. A\u00a0tak sa \u010dasto st\u00e1va, \u017ee majite\u013e sa rozhodne vy\u010disti\u0165 svoju fas\u00e1du svojpomocne za ove\u013ea men\u0161ie n\u00e1klady. Na trhu sa moment\u00e1lne nach\u00e1dza viacero \u010distiacich prostriedkov ur\u010den\u00fdch na \u010distenie fas\u00e1d, av\u0161ak toto rie\u0161enie nie je v\u017edy tou najlep\u0161ou vo\u013ebou. Tak teda, \u010d\u00edm \u010disti\u0165 fas\u00e1du?<\/em><\/p>\n\n\n\n<div style=\"height:30px\" aria-hidden=\"true\" class=\"wp-block-spacer\"><\/div>\n\n\n\n<h2 class=\"wp-block-heading\"><strong>POZOR NA ZDRAVIE!<\/strong><\/h2>\n\n\n\n<p>Zne\u010distenie fas\u00e1dy vznik\u00e1 naj\u010dastej\u0161ie kv\u00f4li tomu, \u017ee sa v\u00a0p\u00f3roch fas\u00e1dy dlhodobo tvoria plesne a\u00a0riasy, ktor\u00e9 po \u010dase vyst\u00fapia aj na povrch. V\u00a0tomto momente u\u017e teda nie je zne\u010disten\u00e1 fas\u00e1da iba estetick\u00fd probl\u00e9m, ale m\u00f4\u017ee prin\u00e1\u0161a\u0165 aj zdravotn\u00e9 riziko. Be\u017ene dostupn\u00e9 prostriedky na \u010distenie fas\u00e1d v\u00e1m pom\u00f4\u017eu zbavi\u0165 sa ne\u010dist\u00f4t iba na povrchu fas\u00e1dy. Ke\u010f\u017ee neprenikaj\u00fa do h\u013abky p\u00f3rov fas\u00e1dy, nedok\u00e1\u017eu \u00faplne odstr\u00e1ni\u0165 v\u00fdskyt plesn\u00ed a\u00a0rias vo va\u0161ej fas\u00e1de a\u00a0po nieko\u013ek\u00fdch t\u00fd\u017ed\u0148ov ich uvid\u00edte na povrchu znova.<\/p>\n\n\n\n<div style=\"height:30px\" aria-hidden=\"true\" class=\"wp-block-spacer\"><\/div>\n\n\n\n<h2 class=\"wp-block-heading\"><strong><strong>\u010c\u00cdM \u010cISTI\u0164 FAS\u00c1DU, AK NECHCEM INVESTOVA\u0164 DO NOV\u00c9HO N\u00c1TERU?<\/strong><\/strong><\/h2>\n\n\n\n<p>My v\u00e1m teda odpor\u00fa\u010dame zvoli\u0165 si zlat\u00fa stredn\u00fa cestu. Nemus\u00edte investova\u0165 mno\u017estvo pe\u0148az\u00ed do nov\u00e9ho fas\u00e1dneho n\u00e1teru, ani nemus\u00edte str\u00e1ca\u0165 \u010das neefekt\u00edvnym samo\u010disten\u00edm fas\u00e1dy. Sta\u010d\u00ed, ak sa rozhodnete pre <a href=\"\/cz\/cistenie-fasad\/\">profesion\u00e1lne \u010distenie fas\u00e1dy<\/a>. V\u010faka na\u0161im slu\u017eb\u00e1m u\u0161etr\u00edte a\u017e 70% n\u00e1kladov oproti nov\u00e9mu fas\u00e1dnemu n\u00e1teru.\u00a0Z\u00e1rove\u0148 sa m\u00f4\u017eete spo\u013eahn\u00fa\u0165, \u017ee \u010distota va\u0161ej fas\u00e1dy vydr\u017e\u00ed a\u017e 5 rokov.<\/p>\n\n\n\n<div style=\"height:30px\" aria-hidden=\"true\" class=\"wp-block-spacer\"><\/div>\n\n\n\n<figure class=\"wp-block-gallery has-nested-images columns-default is-cropped wp-block-gallery-1 is-layout-flex wp-block-gallery-is-layout-flex\">\n<figure class=\"wp-block-image size-large\"><img fetchpriority=\"high\" decoding=\"async\" width=\"1024\" height=\"768\" data-id=\"971\" src=\"https:\/\/cistime-fasady.sk\/wp-content\/uploads\/2024\/06\/57.jpg\" alt=\"\u010d\u00edm \u010disti\u0165 fas\u00e1du\" class=\"wp-image-971\" srcset=\"https:\/\/cistime-fasady.sk\/wp-content\/uploads\/2024\/06\/57.jpg 1024w, https:\/\/cistime-fasady.sk\/wp-content\/uploads\/2024\/06\/57-300x225.jpg 300w, https:\/\/cistime-fasady.sk\/wp-content\/uploads\/2024\/06\/57-768x576.jpg 768w\" sizes=\"(max-width: 1024px) 100vw, 1024px\" \/><\/figure>\n\n\n\n<figure class=\"wp-block-image size-large\"><img decoding=\"async\" width=\"1024\" height=\"576\" data-id=\"972\" src=\"https:\/\/cistime-fasady.sk\/wp-content\/uploads\/2024\/06\/58.jpg\" alt=\"cim cistit fasadu\" class=\"wp-image-972\" srcset=\"https:\/\/cistime-fasady.sk\/wp-content\/uploads\/2024\/06\/58.jpg 1024w, https:\/\/cistime-fasady.sk\/wp-content\/uploads\/2024\/06\/58-300x169.jpg 300w, https:\/\/cistime-fasady.sk\/wp-content\/uploads\/2024\/06\/58-768x432.jpg 768w\" sizes=\"(max-width: 1024px) 100vw, 1024px\" \/><\/figure>\n<\/figure>\n\n\n\n<p><\/p>","protected":false},"excerpt":{"rendered":"<p>Zne\u010disten\u00e1 fas\u00e1da je no\u010dnou morou ka\u017ed\u00e9ho majite\u013ea domu \u010di bytu. Nov\u00fd fas\u00e1dny n\u00e1ter toti\u017eto znamen\u00e1 aj vysok\u00fa finan\u010dn\u00fa invest\u00edciu. A\u00a0tak sa \u010dasto st\u00e1va, \u017ee majite\u013e sa rozhodne vy\u010disti\u0165 svoju fas\u00e1du svojpomocne za ove\u013ea men\u0161ie n\u00e1klady. Na trhu sa moment\u00e1lne nach\u00e1dza viacero \u010distiacich prostriedkov ur\u010den\u00fdch na \u010distenie fas\u00e1d, av\u0161ak toto rie\u0161enie nie je v\u017edy tou najlep\u0161ou vo\u013ebou. Tak teda, \u010d\u00edm \u010disti\u0165 fas\u00e1du?<\/p>","protected":false},"author":1,"featured_media":971,"comment_status":"closed","ping_status":"open","sticky":false,"template":"","format":"standard","meta":{"footnotes":""},"categories":[1],"tags":[],"class_list":["post-1211","post","type-post","status-publish","format-standard","has-post-thumbnail","hentry","category-nezaradene"],"yoast_head":"<!-- This site is optimized with the Yoast SEO plugin v23.1 - https:\/\/yoast.com\/wordpress\/plugins\/seo\/ -->\n<title>\u010c\u00edm \u010disti\u0165 fas\u00e1du? | \u010cist\u00edme Fas\u00e1dy<\/title>\n<meta name=\"description\" content=\"Zne\u010disten\u00e1 fas\u00e1da je no\u010dnou morou ka\u017ed\u00e9ho majite\u013ea domu \u010di bytu. Pozrime sa teda na to, \u010d\u00edm \u010disti\u0165 fas\u00e1du.\" \/>\n<meta name=\"robots\" content=\"index, follow, max-snippet:-1, max-image-preview:large, max-video-preview:-1\" \/>\n<link rel=\"canonical\" href=\"https:\/\/cistime-fasady.sk\/cz\/cim-cistit-fasadu\/\" \/>\n<meta property=\"og:locale\" content=\"cs_CZ\" \/>\n<meta property=\"og:type\" content=\"article\" \/>\n<meta property=\"og:title\" content=\"\u010c\u00edm \u010disti\u0165 fas\u00e1du? | \u010cist\u00edme Fas\u00e1dy\" \/>\n<meta property=\"og:description\" content=\"Zne\u010disten\u00e1 fas\u00e1da je no\u010dnou morou ka\u017ed\u00e9ho majite\u013ea domu \u010di bytu. Pozrime sa teda na to, \u010d\u00edm \u010disti\u0165 fas\u00e1du.\" \/>\n<meta property=\"og:url\" content=\"https:\/\/cistime-fasady.sk\/cz\/cim-cistit-fasadu\/\" \/>\n<meta property=\"og:site_name\" content=\"\u010cist\u00edme Fas\u00e1dy\" \/>\n<meta property=\"article:publisher\" content=\"https:\/\/www.facebook.com\/cisteniefasadvalmax\/\" \/>\n<meta property=\"article:published_time\" content=\"2020-03-10T11:57:00+00:00\" \/>\n<meta property=\"article:modified_time\" content=\"2024-06-25T11:02:11+00:00\" \/>\n<meta property=\"og:image\" content=\"https:\/\/cistime-fasady.sk\/wp-content\/uploads\/2024\/06\/57.jpg\" \/>\n\t<meta property=\"og:image:width\" content=\"1024\" \/>\n\t<meta property=\"og:image:height\" content=\"768\" \/>\n\t<meta property=\"og:image:type\" content=\"image\/jpeg\" \/>\n<meta name=\"author\" content=\"RAKETING\" \/>\n<meta name=\"twitter:card\" content=\"summary_large_image\" \/>\n<meta name=\"twitter:label1\" content=\"Napsal(a)\" \/>\n\t<meta name=\"twitter:data1\" content=\"RAKETING\" \/>\n\t<meta name=\"twitter:label2\" content=\"Odhadovan\u00e1 doba \u010dten\u00ed\" \/>\n\t<meta name=\"twitter:data2\" content=\"2 minuty\" \/>\n<script type=\"application\/ld+json\" class=\"yoast-schema-graph\">{\"@context\":\"https:\/\/schema.org\",\"@graph\":[{\"@type\":\"Article\",\"@id\":\"https:\/\/cistime-fasady.sk\/cim-cistit-fasadu\/#article\",\"isPartOf\":{\"@id\":\"https:\/\/cistime-fasady.sk\/cim-cistit-fasadu\/\"},\"author\":{\"name\":\"RAKETING\",\"@id\":\"https:\/\/cistime-fasady.sk\/#\/schema\/person\/18a2e8eb3e0dbe04479779b3ac0c9865\"},\"headline\":\"\u010c\u00edm \u010disti\u0165 fas\u00e1du?\",\"datePublished\":\"2020-03-10T11:57:00+00:00\",\"dateModified\":\"2024-06-25T11:02:11+00:00\",\"mainEntityOfPage\":{\"@id\":\"https:\/\/cistime-fasady.sk\/cim-cistit-fasadu\/\"},\"wordCount\":308,\"publisher\":{\"@id\":\"https:\/\/cistime-fasady.sk\/#organization\"},\"image\":{\"@id\":\"https:\/\/cistime-fasady.sk\/cim-cistit-fasadu\/#primaryimage\"},\"thumbnailUrl\":\"https:\/\/cistime-fasady.sk\/wp-content\/uploads\/2024\/06\/57.jpg\",\"articleSection\":[\"Nezaraden\u00e9\"],\"inLanguage\":\"cs\"},{\"@type\":\"WebPage\",\"@id\":\"https:\/\/cistime-fasady.sk\/cim-cistit-fasadu\/\",\"url\":\"https:\/\/cistime-fasady.sk\/cim-cistit-fasadu\/\",\"name\":\"\u010c\u00edm \u010disti\u0165 fas\u00e1du? | \u010cist\u00edme Fas\u00e1dy\",\"isPartOf\":{\"@id\":\"https:\/\/cistime-fasady.sk\/#website\"},\"primaryImageOfPage\":{\"@id\":\"https:\/\/cistime-fasady.sk\/cim-cistit-fasadu\/#primaryimage\"},\"image\":{\"@id\":\"https:\/\/cistime-fasady.sk\/cim-cistit-fasadu\/#primaryimage\"},\"thumbnailUrl\":\"https:\/\/cistime-fasady.sk\/wp-content\/uploads\/2024\/06\/57.jpg\",\"datePublished\":\"2020-03-10T11:57:00+00:00\",\"dateModified\":\"2024-06-25T11:02:11+00:00\",\"description\":\"Zne\u010disten\u00e1 fas\u00e1da je no\u010dnou morou ka\u017ed\u00e9ho majite\u013ea domu \u010di bytu. Pozrime sa teda na to, \u010d\u00edm \u010disti\u0165 fas\u00e1du.\",\"breadcrumb\":{\"@id\":\"https:\/\/cistime-fasady.sk\/cim-cistit-fasadu\/#breadcrumb\"},\"inLanguage\":\"cs\",\"potentialAction\":[{\"@type\":\"ReadAction\",\"target\":[\"https:\/\/cistime-fasady.sk\/cim-cistit-fasadu\/\"]}]},{\"@type\":\"ImageObject\",\"inLanguage\":\"cs\",\"@id\":\"https:\/\/cistime-fasady.sk\/cim-cistit-fasadu\/#primaryimage\",\"url\":\"https:\/\/cistime-fasady.sk\/wp-content\/uploads\/2024\/06\/57.jpg\",\"contentUrl\":\"https:\/\/cistime-fasady.sk\/wp-content\/uploads\/2024\/06\/57.jpg\",\"width\":1024,\"height\":768,\"caption\":\"57\"},{\"@type\":\"BreadcrumbList\",\"@id\":\"https:\/\/cistime-fasady.sk\/cim-cistit-fasadu\/#breadcrumb\",\"itemListElement\":[{\"@type\":\"ListItem\",\"position\":1,\"name\":\"Domovsk\u00e1 str\u00e1nka\",\"item\":\"https:\/\/cistime-fasady.sk\/\"},{\"@type\":\"ListItem\",\"position\":2,\"name\":\"\u010c\u00edm \u010disti\u0165 fas\u00e1du?\"}]},{\"@type\":\"WebSite\",\"@id\":\"https:\/\/cistime-fasady.sk\/#website\",\"url\":\"https:\/\/cistime-fasady.sk\/\",\"name\":\"\u010cist\u00edme Fas\u00e1dy\",\"description\":\"Profesion\u00e1lne \u010distenie fas\u00e1d\",\"publisher\":{\"@id\":\"https:\/\/cistime-fasady.sk\/#organization\"},\"alternateName\":\"\u010cF\",\"potentialAction\":[{\"@type\":\"SearchAction\",\"target\":{\"@type\":\"EntryPoint\",\"urlTemplate\":\"https:\/\/cistime-fasady.sk\/?s={search_term_string}\"},\"query-input\":\"required name=search_term_string\"}],\"inLanguage\":\"cs\"},{\"@type\":\"Organization\",\"@id\":\"https:\/\/cistime-fasady.sk\/#organization\",\"name\":\"Valmax s.r.o.\",\"alternateName\":\"Valmax s.r.o.\",\"url\":\"https:\/\/cistime-fasady.sk\/\",\"logo\":{\"@type\":\"ImageObject\",\"inLanguage\":\"cs\",\"@id\":\"https:\/\/cistime-fasady.sk\/#\/schema\/logo\/image\/\",\"url\":\"https:\/\/cistime-fasady.sk\/wp-content\/uploads\/2024\/03\/313207521_617400896841873_42847256823662438_n.jpg\",\"contentUrl\":\"https:\/\/cistime-fasady.sk\/wp-content\/uploads\/2024\/03\/313207521_617400896841873_42847256823662438_n.jpg\",\"width\":971,\"height\":971,\"caption\":\"Valmax s.r.o.\"},\"image\":{\"@id\":\"https:\/\/cistime-fasady.sk\/#\/schema\/logo\/image\/\"},\"sameAs\":[\"https:\/\/www.facebook.com\/cisteniefasadvalmax\/\",\"https:\/\/www.instagram.com\/valmax_cisteniefasad\/\"]},{\"@type\":\"Person\",\"@id\":\"https:\/\/cistime-fasady.sk\/#\/schema\/person\/18a2e8eb3e0dbe04479779b3ac0c9865\",\"name\":\"RAKETING\",\"image\":{\"@type\":\"ImageObject\",\"inLanguage\":\"cs\",\"@id\":\"https:\/\/cistime-fasady.sk\/#\/schema\/person\/image\/\",\"url\":\"https:\/\/secure.gravatar.com\/avatar\/7c3caac6c6527a5588ed6ed3aa8a1560b2c5f42cf1b704448b0ba30756aecfbc?s=96&d=mm&r=g\",\"contentUrl\":\"https:\/\/secure.gravatar.com\/avatar\/7c3caac6c6527a5588ed6ed3aa8a1560b2c5f42cf1b704448b0ba30756aecfbc?s=96&d=mm&r=g\",\"caption\":\"RAKETING\"},\"sameAs\":[\"https:\/\/cistime-fasady.sk\"],\"url\":\"https:\/\/cistime-fasady.sk\/cz\/author\/test02\/\"}]}<\/script>\n<!-- \/ Yoast SEO plugin. -->","yoast_head_json":{"title":"\u010c\u00edm \u010disti\u0165 fas\u00e1du? | \u010cist\u00edme Fas\u00e1dy","description":"Zne\u010disten\u00e1 fas\u00e1da je no\u010dnou morou ka\u017ed\u00e9ho majite\u013ea domu \u010di bytu. Pozrime sa teda na to, \u010d\u00edm \u010disti\u0165 fas\u00e1du.","robots":{"index":"index","follow":"follow","max-snippet":"max-snippet:-1","max-image-preview":"max-image-preview:large","max-video-preview":"max-video-preview:-1"},"canonical":"https:\/\/cistime-fasady.sk\/cz\/cim-cistit-fasadu\/","og_locale":"cs_CZ","og_type":"article","og_title":"\u010c\u00edm \u010disti\u0165 fas\u00e1du? | \u010cist\u00edme Fas\u00e1dy","og_description":"Zne\u010disten\u00e1 fas\u00e1da je no\u010dnou morou ka\u017ed\u00e9ho majite\u013ea domu \u010di bytu. Pozrime sa teda na to, \u010d\u00edm \u010disti\u0165 fas\u00e1du.","og_url":"https:\/\/cistime-fasady.sk\/cz\/cim-cistit-fasadu\/","og_site_name":"\u010cist\u00edme Fas\u00e1dy","article_publisher":"https:\/\/www.facebook.com\/cisteniefasadvalmax\/","article_published_time":"2020-03-10T11:57:00+00:00","article_modified_time":"2024-06-25T11:02:11+00:00","og_image":[{"width":1024,"height":768,"url":"https:\/\/cistime-fasady.sk\/wp-content\/uploads\/2024\/06\/57.jpg","type":"image\/jpeg"}],"author":"RAKETING","twitter_card":"summary_large_image","twitter_misc":{"Napsal(a)":"RAKETING","Odhadovan\u00e1 doba \u010dten\u00ed":"2 minuty"},"schema":{"@context":"https:\/\/schema.org","@graph":[{"@type":"Article","@id":"https:\/\/cistime-fasady.sk\/cim-cistit-fasadu\/#article","isPartOf":{"@id":"https:\/\/cistime-fasady.sk\/cim-cistit-fasadu\/"},"author":{"name":"RAKETING","@id":"https:\/\/cistime-fasady.sk\/#\/schema\/person\/18a2e8eb3e0dbe04479779b3ac0c9865"},"headline":"\u010c\u00edm \u010disti\u0165 fas\u00e1du?","datePublished":"2020-03-10T11:57:00+00:00","dateModified":"2024-06-25T11:02:11+00:00","mainEntityOfPage":{"@id":"https:\/\/cistime-fasady.sk\/cim-cistit-fasadu\/"},"wordCount":308,"publisher":{"@id":"https:\/\/cistime-fasady.sk\/#organization"},"image":{"@id":"https:\/\/cistime-fasady.sk\/cim-cistit-fasadu\/#primaryimage"},"thumbnailUrl":"https:\/\/cistime-fasady.sk\/wp-content\/uploads\/2024\/06\/57.jpg","articleSection":["Nezaraden\u00e9"],"inLanguage":"cs"},{"@type":"WebPage","@id":"https:\/\/cistime-fasady.sk\/cim-cistit-fasadu\/","url":"https:\/\/cistime-fasady.sk\/cim-cistit-fasadu\/","name":"\u010c\u00edm \u010disti\u0165 fas\u00e1du? | \u010cist\u00edme Fas\u00e1dy","isPartOf":{"@id":"https:\/\/cistime-fasady.sk\/#website"},"primaryImageOfPage":{"@id":"https:\/\/cistime-fasady.sk\/cim-cistit-fasadu\/#primaryimage"},"image":{"@id":"https:\/\/cistime-fasady.sk\/cim-cistit-fasadu\/#primaryimage"},"thumbnailUrl":"https:\/\/cistime-fasady.sk\/wp-content\/uploads\/2024\/06\/57.jpg","datePublished":"2020-03-10T11:57:00+00:00","dateModified":"2024-06-25T11:02:11+00:00","description":"Zne\u010disten\u00e1 fas\u00e1da je no\u010dnou morou ka\u017ed\u00e9ho majite\u013ea domu \u010di bytu. Pozrime sa teda na to, \u010d\u00edm \u010disti\u0165 fas\u00e1du.","breadcrumb":{"@id":"https:\/\/cistime-fasady.sk\/cim-cistit-fasadu\/#breadcrumb"},"inLanguage":"cs","potentialAction":[{"@type":"ReadAction","target":["https:\/\/cistime-fasady.sk\/cim-cistit-fasadu\/"]}]},{"@type":"ImageObject","inLanguage":"cs","@id":"https:\/\/cistime-fasady.sk\/cim-cistit-fasadu\/#primaryimage","url":"https:\/\/cistime-fasady.sk\/wp-content\/uploads\/2024\/06\/57.jpg","contentUrl":"https:\/\/cistime-fasady.sk\/wp-content\/uploads\/2024\/06\/57.jpg","width":1024,"height":768,"caption":"57"},{"@type":"BreadcrumbList","@id":"https:\/\/cistime-fasady.sk\/cim-cistit-fasadu\/#breadcrumb","itemListElement":[{"@type":"ListItem","position":1,"name":"Domovsk\u00e1 str\u00e1nka","item":"https:\/\/cistime-fasady.sk\/"},{"@type":"ListItem","position":2,"name":"\u010c\u00edm \u010disti\u0165 fas\u00e1du?"}]},{"@type":"WebSite","@id":"https:\/\/cistime-fasady.sk\/#website","url":"https:\/\/cistime-fasady.sk\/","name":"\u010cist\u00edme Fas\u00e1dy","description":"Profesion\u00e1lne \u010distenie fas\u00e1d","publisher":{"@id":"https:\/\/cistime-fasady.sk\/#organization"},"alternateName":"\u010cF","potentialAction":[{"@type":"SearchAction","target":{"@type":"EntryPoint","urlTemplate":"https:\/\/cistime-fasady.sk\/?s={search_term_string}"},"query-input":"required name=search_term_string"}],"inLanguage":"cs"},{"@type":"Organization","@id":"https:\/\/cistime-fasady.sk\/#organization","name":"Valmax s.r.o.","alternateName":"Valmax s.r.o.","url":"https:\/\/cistime-fasady.sk\/","logo":{"@type":"ImageObject","inLanguage":"cs","@id":"https:\/\/cistime-fasady.sk\/#\/schema\/logo\/image\/","url":"https:\/\/cistime-fasady.sk\/wp-content\/uploads\/2024\/03\/313207521_617400896841873_42847256823662438_n.jpg","contentUrl":"https:\/\/cistime-fasady.sk\/wp-content\/uploads\/2024\/03\/313207521_617400896841873_42847256823662438_n.jpg","width":971,"height":971,"caption":"Valmax s.r.o."},"image":{"@id":"https:\/\/cistime-fasady.sk\/#\/schema\/logo\/image\/"},"sameAs":["https:\/\/www.facebook.com\/cisteniefasadvalmax\/","https:\/\/www.instagram.com\/valmax_cisteniefasad\/"]},{"@type":"Person","@id":"https:\/\/cistime-fasady.sk\/#\/schema\/person\/18a2e8eb3e0dbe04479779b3ac0c9865","name":"RAKETING","image":{"@type":"ImageObject","inLanguage":"cs","@id":"https:\/\/cistime-fasady.sk\/#\/schema\/person\/image\/","url":"https:\/\/secure.gravatar.com\/avatar\/7c3caac6c6527a5588ed6ed3aa8a1560b2c5f42cf1b704448b0ba30756aecfbc?s=96&d=mm&r=g","contentUrl":"https:\/\/secure.gravatar.com\/avatar\/7c3caac6c6527a5588ed6ed3aa8a1560b2c5f42cf1b704448b0ba30756aecfbc?s=96&d=mm&r=g","caption":"RAKETING"},"sameAs":["https:\/\/cistime-fasady.sk"],"url":"https:\/\/cistime-fasady.sk\/cz\/author\/test02\/"}]}},"_links":{"self":[{"href":"https:\/\/cistime-fasady.sk\/cz\/wp-json\/wp\/v2\/posts\/1211","targetHints":{"allow":["GET"]}}],"collection":[{"href":"https:\/\/cistime-fasady.sk\/cz\/wp-json\/wp\/v2\/posts"}],"about":[{"href":"https:\/\/cistime-fasady.sk\/cz\/wp-json\/wp\/v2\/types\/post"}],"author":[{"embeddable":true,"href":"https:\/\/cistime-fasady.sk\/cz\/wp-json\/wp\/v2\/users\/1"}],"replies":[{"embeddable":true,"href":"https:\/\/cistime-fasady.sk\/cz\/wp-json\/wp\/v2\/comments?post=1211"}],"version-history":[{"count":1,"href":"https:\/\/cistime-fasady.sk\/cz\/wp-json\/wp\/v2\/posts\/1211\/revisions"}],"predecessor-version":[{"id":1212,"href":"https:\/\/cistime-fasady.sk\/cz\/wp-json\/wp\/v2\/posts\/1211\/revisions\/1212"}],"wp:featuredmedia":[{"embeddable":true,"href":"https:\/\/cistime-fasady.sk\/cz\/wp-json\/wp\/v2\/media\/971"}],"wp:attachment":[{"href":"https:\/\/cistime-fasady.sk\/cz\/wp-json\/wp\/v2\/media?parent=1211"}],"wp:term":[{"taxonomy":"category","embeddable":true,"href":"https:\/\/cistime-fasady.sk\/cz\/wp-json\/wp\/v2\/categories?post=1211"},{"taxonomy":"post_tag","embeddable":true,"href":"https:\/\/cistime-fasady.sk\/cz\/wp-json\/wp\/v2\/tags?post=1211"}],"curies":[{"name":"wp","href":"https:\/\/api.w.org\/{rel}","templated":true}]}}