{"id":1191,"date":"2020-04-29T13:24:00","date_gmt":"2020-04-29T11:24:00","guid":{"rendered":"https:\/\/cistime-fasady.sk\/?p=1191"},"modified":"2024-08-13T12:36:21","modified_gmt":"2024-08-13T10:36:21","slug":"cena-fasady-bez-zateplenia","status":"publish","type":"post","link":"https:\/\/cistime-fasady.sk\/cz\/cena-fasady-bez-zateplenia\/","title":{"rendered":"Cena fas\u00e1dy bez zateplenia"},"content":{"rendered":"<p><em>Mo\u017eno to tak na prv\u00fd poh\u013ead nevyzer\u00e1, av\u0161ak\u00a0<strong>cena fas\u00e1dy bez zateplenia<\/strong>\u00a0sa m\u00f4\u017ee vy\u0161plha\u0165 a\u017e do v\u00fd\u0161ky nieko\u013ek\u00fdch tis\u00edc eur. Ak teda pl\u00e1nujete v\u00a0r\u00e1mci rekon\u0161trukcie domu aj nov\u00fa fas\u00e1du, m\u00f4\u017ee to by\u0165 jedna z\u00a0najv\u00e4\u010d\u0161\u00edch finan\u010dn\u00fdch invest\u00edci\u00ed po\u010das rekon\u0161trukcie. Existuje v\u0161ak aj in\u00e9 \u2013 lacnej\u0161ie rie\u0161enie? Pozrime sa na to.<\/em><\/p>\n\n\n\n<div style=\"height:30px\" aria-hidden=\"true\" class=\"wp-block-spacer\"><\/div>\n\n\n\n<h2 class=\"wp-block-heading\"><strong><strong><strong><strong>CENA FAS\u00c1DY BEZ ZATEPLENIA \u2013 \u010cO V\u0160ETKO M\u00d4\u017dE CENU OVPLYVNI\u0164?<\/strong><\/strong><\/strong><\/strong><\/h2>\n\n\n\n<p>Predt\u00fdm, ne\u017e sa pust\u00edte do novej fas\u00e1dy, je potrebn\u00e9 zv\u00e1\u017ei\u0165 hne\u010f nieko\u013eko d\u00f4le\u017eit\u00fdch faktorov. Je p\u00f4vodn\u00e1 fas\u00e1da m\u00f4jho domu po\u0161koden\u00e1? Je potrebn\u00e9 ju pred aplikovan\u00edm novej fas\u00e1dy opravi\u0165? Toto s\u00fa dve najd\u00f4le\u017eitej\u0161ie ot\u00e1zky, ktor\u00e9 si mus\u00edte polo\u017ei\u0165 ako prv\u00e9.<\/p>\n\n\n\n<p>Ak je va\u0161a p\u00f4vodn\u00e1 fas\u00e1da naozaj po\u0161koden\u00e1 a&nbsp;nach\u00e1dzaj\u00fa sa v&nbsp;nej praskliny, trhliny, alebo sa niektor\u00e9 jej \u010dasti \u00faplne odlupuj\u00fa, potom je nevyhnutn\u00e9 pusti\u0165 sa do novej fas\u00e1dy. V&nbsp;takomto pr\u00edpade sa cena fas\u00e1dy bez zateplenia odv\u00edja \u010falej od toho, ak\u00e9 \u00fapravy mus\u00edte vykona\u0165 na p\u00f4vodnej fas\u00e1de, ak\u00e9 materi\u00e1ly si zvol\u00edte pre nov\u00fa fas\u00e1du, \u010di sa do novej fas\u00e1dy pust\u00edte svojpomocne alebo si zavol\u00e1te na pomoc profesion\u00e1lnu firmu.<\/p>\n\n\n\n<div style=\"height:30px\" aria-hidden=\"true\" class=\"wp-block-spacer\"><\/div>\n\n\n\n<h2 class=\"wp-block-heading\"><strong><strong>\u010cO V\u00a0PR\u00cdPADE, \u017dE FAS\u00c1DA NIE JE PO\u0160KODEN\u00c1?<\/strong><\/strong><\/h2>\n\n\n\n<p>Ak v\u0161ak va\u0161a p\u00f4vodn\u00e1 fas\u00e1da nie je nijak\u00fdm sp\u00f4sobom po\u0161koden\u00e1, iba zne\u010disten\u00e1, potom m\u00f4\u017eete zv\u00e1\u017ei\u0165 aj in\u00e9 mo\u017enosti. \u010ci u\u017e ide o\u00a0zne\u010distenie sp\u00f4soben\u00e9 prachom, sadzami alebo dokonca riasami \u010di hubami, m\u00f4\u017eete si vybra\u0165 finan\u010dne ove\u013ea menej n\u00e1ro\u010dnej\u0161iu alternat\u00edvu \u2013 profesion\u00e1lne \u010distenie fas\u00e1d. Profesion\u00e1lne \u010distenie fas\u00e1d v\u00e1m dok\u00e1\u017ee zabezpe\u010di\u0165, \u017ee va\u0161a fas\u00e1da bude vyzera\u0165 op\u00e4\u0165 ako nov\u00e1. A\u00a0pritom do nej nemus\u00edte investova\u0165 tis\u00edce eur. Ak sa chcete dozvedie\u0165 o\u00a0\u010disten\u00ed fas\u00e1d viac, kliknite\u00a0<a href=\"https:\/\/cistime-fasady.sk\/cz\/cistenie-fasad\/\">TU<\/a>.<\/p>\n\n\n\n<div style=\"height:30px\" aria-hidden=\"true\" class=\"wp-block-spacer\"><\/div>\n\n\n\n<figure class=\"wp-block-gallery has-nested-images columns-default is-cropped wp-block-gallery-1 is-layout-flex wp-block-gallery-is-layout-flex\">\n<figure class=\"wp-block-image size-large\"><img fetchpriority=\"high\" decoding=\"async\" width=\"1024\" height=\"768\" data-id=\"991\" src=\"https:\/\/cistime-fasady.sk\/wp-content\/uploads\/2024\/06\/77.webp\" alt=\"\" class=\"wp-image-991\" srcset=\"https:\/\/cistime-fasady.sk\/wp-content\/uploads\/2024\/06\/77.webp 1024w, https:\/\/cistime-fasady.sk\/wp-content\/uploads\/2024\/06\/77-300x225.webp 300w, https:\/\/cistime-fasady.sk\/wp-content\/uploads\/2024\/06\/77-768x576.webp 768w\" sizes=\"(max-width: 1024px) 100vw, 1024px\" \/><\/figure>\n\n\n\n<figure class=\"wp-block-image size-large\"><img decoding=\"async\" width=\"1024\" height=\"768\" data-id=\"992\" src=\"https:\/\/cistime-fasady.sk\/wp-content\/uploads\/2024\/06\/78.webp\" alt=\"\" class=\"wp-image-992\" srcset=\"https:\/\/cistime-fasady.sk\/wp-content\/uploads\/2024\/06\/78.webp 1024w, https:\/\/cistime-fasady.sk\/wp-content\/uploads\/2024\/06\/78-300x225.webp 300w, https:\/\/cistime-fasady.sk\/wp-content\/uploads\/2024\/06\/78-768x576.webp 768w\" sizes=\"(max-width: 1024px) 100vw, 1024px\" \/><\/figure>\n<\/figure>","protected":false},"excerpt":{"rendered":"<p>Mo\u017eno to tak na prv\u00fd poh\u013ead nevyzer\u00e1, av\u0161ak\u00a0cena fas\u00e1dy bez zateplenia\u00a0sa m\u00f4\u017ee vy\u0161plha\u0165 a\u017e do v\u00fd\u0161ky nieko\u013ek\u00fdch tis\u00edc eur. Ak teda pl\u00e1nujete v\u00a0r\u00e1mci rekon\u0161trukcie domu aj nov\u00fa fas\u00e1du, m\u00f4\u017ee to by\u0165 jedna z\u00a0najv\u00e4\u010d\u0161\u00edch finan\u010dn\u00fdch invest\u00edci\u00ed po\u010das rekon\u0161trukcie. Existuje v\u0161ak aj in\u00e9 \u2013 lacnej\u0161ie rie\u0161enie? Pozrime sa na to.<\/p>","protected":false},"author":1,"featured_media":991,"comment_status":"closed","ping_status":"open","sticky":false,"template":"","format":"standard","meta":{"footnotes":""},"categories":[1],"tags":[],"class_list":["post-1191","post","type-post","status-publish","format-standard","has-post-thumbnail","hentry","category-nezaradene"],"yoast_head":"<!-- This site is optimized with the Yoast SEO plugin v23.1 - https:\/\/yoast.com\/wordpress\/plugins\/seo\/ -->\n<title>Cena fas\u00e1dy bez zateplenia | \u010cist\u00edme Fas\u00e1dy<\/title>\n<meta name=\"description\" content=\"Mo\u017eno to tak na prv\u00fd poh\u013ead nevyzer\u00e1, av\u0161ak\u00a0cena fas\u00e1dy bez zateplenia\u00a0sa m\u00f4\u017ee vy\u0161plha\u0165 a\u017e do v\u00fd\u0161ky nieko\u013ek\u00fdch tis\u00edc eur.\" \/>\n<meta name=\"robots\" content=\"index, follow, max-snippet:-1, max-image-preview:large, max-video-preview:-1\" \/>\n<link rel=\"canonical\" href=\"https:\/\/cistime-fasady.sk\/cz\/cena-fasady-bez-zateplenia\/\" \/>\n<meta property=\"og:locale\" content=\"cs_CZ\" \/>\n<meta property=\"og:type\" content=\"article\" \/>\n<meta property=\"og:title\" content=\"Cena fas\u00e1dy bez zateplenia | \u010cist\u00edme Fas\u00e1dy\" \/>\n<meta property=\"og:description\" content=\"Mo\u017eno to tak na prv\u00fd poh\u013ead nevyzer\u00e1, av\u0161ak\u00a0cena fas\u00e1dy bez zateplenia\u00a0sa m\u00f4\u017ee vy\u0161plha\u0165 a\u017e do v\u00fd\u0161ky nieko\u013ek\u00fdch tis\u00edc eur.\" \/>\n<meta property=\"og:url\" content=\"https:\/\/cistime-fasady.sk\/cz\/cena-fasady-bez-zateplenia\/\" \/>\n<meta property=\"og:site_name\" content=\"\u010cist\u00edme Fas\u00e1dy\" \/>\n<meta property=\"article:publisher\" content=\"https:\/\/www.facebook.com\/cisteniefasadvalmax\/\" \/>\n<meta property=\"article:published_time\" content=\"2020-04-29T11:24:00+00:00\" \/>\n<meta property=\"article:modified_time\" content=\"2024-08-13T10:36:21+00:00\" \/>\n<meta property=\"og:image\" content=\"https:\/\/cistime-fasady.sk\/wp-content\/uploads\/2024\/06\/77.webp\" \/>\n\t<meta property=\"og:image:width\" content=\"1024\" \/>\n\t<meta property=\"og:image:height\" content=\"768\" \/>\n\t<meta property=\"og:image:type\" content=\"image\/jpeg\" \/>\n<meta name=\"author\" content=\"RAKETING\" \/>\n<meta name=\"twitter:card\" content=\"summary_large_image\" \/>\n<meta name=\"twitter:label1\" content=\"Napsal(a)\" \/>\n\t<meta name=\"twitter:data1\" content=\"RAKETING\" \/>\n\t<meta name=\"twitter:label2\" content=\"Odhadovan\u00e1 doba \u010dten\u00ed\" \/>\n\t<meta name=\"twitter:data2\" content=\"2 minuty\" \/>\n<script type=\"application\/ld+json\" class=\"yoast-schema-graph\">{\"@context\":\"https:\/\/schema.org\",\"@graph\":[{\"@type\":\"Article\",\"@id\":\"https:\/\/cistime-fasady.sk\/cena-fasady-bez-zateplenia\/#article\",\"isPartOf\":{\"@id\":\"https:\/\/cistime-fasady.sk\/cena-fasady-bez-zateplenia\/\"},\"author\":{\"name\":\"RAKETING\",\"@id\":\"https:\/\/cistime-fasady.sk\/#\/schema\/person\/18a2e8eb3e0dbe04479779b3ac0c9865\"},\"headline\":\"Cena fas\u00e1dy bez zateplenia\",\"datePublished\":\"2020-04-29T11:24:00+00:00\",\"dateModified\":\"2024-08-13T10:36:21+00:00\",\"mainEntityOfPage\":{\"@id\":\"https:\/\/cistime-fasady.sk\/cena-fasady-bez-zateplenia\/\"},\"wordCount\":359,\"publisher\":{\"@id\":\"https:\/\/cistime-fasady.sk\/#organization\"},\"image\":{\"@id\":\"https:\/\/cistime-fasady.sk\/cena-fasady-bez-zateplenia\/#primaryimage\"},\"thumbnailUrl\":\"https:\/\/cistime-fasady.sk\/wp-content\/uploads\/2024\/06\/77.webp\",\"articleSection\":[\"Nezaraden\u00e9\"],\"inLanguage\":\"cs\"},{\"@type\":\"WebPage\",\"@id\":\"https:\/\/cistime-fasady.sk\/cena-fasady-bez-zateplenia\/\",\"url\":\"https:\/\/cistime-fasady.sk\/cena-fasady-bez-zateplenia\/\",\"name\":\"Cena fas\u00e1dy bez zateplenia | \u010cist\u00edme Fas\u00e1dy\",\"isPartOf\":{\"@id\":\"https:\/\/cistime-fasady.sk\/#website\"},\"primaryImageOfPage\":{\"@id\":\"https:\/\/cistime-fasady.sk\/cena-fasady-bez-zateplenia\/#primaryimage\"},\"image\":{\"@id\":\"https:\/\/cistime-fasady.sk\/cena-fasady-bez-zateplenia\/#primaryimage\"},\"thumbnailUrl\":\"https:\/\/cistime-fasady.sk\/wp-content\/uploads\/2024\/06\/77.webp\",\"datePublished\":\"2020-04-29T11:24:00+00:00\",\"dateModified\":\"2024-08-13T10:36:21+00:00\",\"description\":\"Mo\u017eno to tak na prv\u00fd poh\u013ead nevyzer\u00e1, av\u0161ak\u00a0cena fas\u00e1dy bez zateplenia\u00a0sa m\u00f4\u017ee vy\u0161plha\u0165 a\u017e do v\u00fd\u0161ky nieko\u013ek\u00fdch tis\u00edc eur.\",\"breadcrumb\":{\"@id\":\"https:\/\/cistime-fasady.sk\/cena-fasady-bez-zateplenia\/#breadcrumb\"},\"inLanguage\":\"cs\",\"potentialAction\":[{\"@type\":\"ReadAction\",\"target\":[\"https:\/\/cistime-fasady.sk\/cena-fasady-bez-zateplenia\/\"]}]},{\"@type\":\"ImageObject\",\"inLanguage\":\"cs\",\"@id\":\"https:\/\/cistime-fasady.sk\/cena-fasady-bez-zateplenia\/#primaryimage\",\"url\":\"https:\/\/cistime-fasady.sk\/wp-content\/uploads\/2024\/06\/77.webp\",\"contentUrl\":\"https:\/\/cistime-fasady.sk\/wp-content\/uploads\/2024\/06\/77.webp\",\"width\":1024,\"height\":768,\"caption\":\"77\"},{\"@type\":\"BreadcrumbList\",\"@id\":\"https:\/\/cistime-fasady.sk\/cena-fasady-bez-zateplenia\/#breadcrumb\",\"itemListElement\":[{\"@type\":\"ListItem\",\"position\":1,\"name\":\"Domovsk\u00e1 str\u00e1nka\",\"item\":\"https:\/\/cistime-fasady.sk\/\"},{\"@type\":\"ListItem\",\"position\":2,\"name\":\"Cena fas\u00e1dy bez zateplenia\"}]},{\"@type\":\"WebSite\",\"@id\":\"https:\/\/cistime-fasady.sk\/#website\",\"url\":\"https:\/\/cistime-fasady.sk\/\",\"name\":\"\u010cist\u00edme Fas\u00e1dy\",\"description\":\"Profesion\u00e1lne \u010distenie fas\u00e1d\",\"publisher\":{\"@id\":\"https:\/\/cistime-fasady.sk\/#organization\"},\"alternateName\":\"\u010cF\",\"potentialAction\":[{\"@type\":\"SearchAction\",\"target\":{\"@type\":\"EntryPoint\",\"urlTemplate\":\"https:\/\/cistime-fasady.sk\/?s={search_term_string}\"},\"query-input\":\"required name=search_term_string\"}],\"inLanguage\":\"cs\"},{\"@type\":\"Organization\",\"@id\":\"https:\/\/cistime-fasady.sk\/#organization\",\"name\":\"Valmax s.r.o.\",\"alternateName\":\"Valmax s.r.o.\",\"url\":\"https:\/\/cistime-fasady.sk\/\",\"logo\":{\"@type\":\"ImageObject\",\"inLanguage\":\"cs\",\"@id\":\"https:\/\/cistime-fasady.sk\/#\/schema\/logo\/image\/\",\"url\":\"https:\/\/cistime-fasady.sk\/wp-content\/uploads\/2024\/03\/313207521_617400896841873_42847256823662438_n.jpg\",\"contentUrl\":\"https:\/\/cistime-fasady.sk\/wp-content\/uploads\/2024\/03\/313207521_617400896841873_42847256823662438_n.jpg\",\"width\":971,\"height\":971,\"caption\":\"Valmax s.r.o.\"},\"image\":{\"@id\":\"https:\/\/cistime-fasady.sk\/#\/schema\/logo\/image\/\"},\"sameAs\":[\"https:\/\/www.facebook.com\/cisteniefasadvalmax\/\",\"https:\/\/www.instagram.com\/valmax_cisteniefasad\/\"]},{\"@type\":\"Person\",\"@id\":\"https:\/\/cistime-fasady.sk\/#\/schema\/person\/18a2e8eb3e0dbe04479779b3ac0c9865\",\"name\":\"RAKETING\",\"image\":{\"@type\":\"ImageObject\",\"inLanguage\":\"cs\",\"@id\":\"https:\/\/cistime-fasady.sk\/#\/schema\/person\/image\/\",\"url\":\"https:\/\/secure.gravatar.com\/avatar\/7c3caac6c6527a5588ed6ed3aa8a1560b2c5f42cf1b704448b0ba30756aecfbc?s=96&d=mm&r=g\",\"contentUrl\":\"https:\/\/secure.gravatar.com\/avatar\/7c3caac6c6527a5588ed6ed3aa8a1560b2c5f42cf1b704448b0ba30756aecfbc?s=96&d=mm&r=g\",\"caption\":\"RAKETING\"},\"sameAs\":[\"https:\/\/cistime-fasady.sk\"],\"url\":\"https:\/\/cistime-fasady.sk\/cz\/author\/test02\/\"}]}<\/script>\n<!-- \/ Yoast SEO plugin. -->","yoast_head_json":{"title":"Cena fas\u00e1dy bez zateplenia | \u010cist\u00edme Fas\u00e1dy","description":"Mo\u017eno to tak na prv\u00fd poh\u013ead nevyzer\u00e1, av\u0161ak\u00a0cena fas\u00e1dy bez zateplenia\u00a0sa m\u00f4\u017ee vy\u0161plha\u0165 a\u017e do v\u00fd\u0161ky nieko\u013ek\u00fdch tis\u00edc eur.","robots":{"index":"index","follow":"follow","max-snippet":"max-snippet:-1","max-image-preview":"max-image-preview:large","max-video-preview":"max-video-preview:-1"},"canonical":"https:\/\/cistime-fasady.sk\/cz\/cena-fasady-bez-zateplenia\/","og_locale":"cs_CZ","og_type":"article","og_title":"Cena fas\u00e1dy bez zateplenia | \u010cist\u00edme Fas\u00e1dy","og_description":"Mo\u017eno to tak na prv\u00fd poh\u013ead nevyzer\u00e1, av\u0161ak\u00a0cena fas\u00e1dy bez zateplenia\u00a0sa m\u00f4\u017ee vy\u0161plha\u0165 a\u017e do v\u00fd\u0161ky nieko\u013ek\u00fdch tis\u00edc eur.","og_url":"https:\/\/cistime-fasady.sk\/cz\/cena-fasady-bez-zateplenia\/","og_site_name":"\u010cist\u00edme Fas\u00e1dy","article_publisher":"https:\/\/www.facebook.com\/cisteniefasadvalmax\/","article_published_time":"2020-04-29T11:24:00+00:00","article_modified_time":"2024-08-13T10:36:21+00:00","og_image":[{"width":1024,"height":768,"url":"https:\/\/cistime-fasady.sk\/wp-content\/uploads\/2024\/06\/77.webp","type":"image\/jpeg"}],"author":"RAKETING","twitter_card":"summary_large_image","twitter_misc":{"Napsal(a)":"RAKETING","Odhadovan\u00e1 doba \u010dten\u00ed":"2 minuty"},"schema":{"@context":"https:\/\/schema.org","@graph":[{"@type":"Article","@id":"https:\/\/cistime-fasady.sk\/cena-fasady-bez-zateplenia\/#article","isPartOf":{"@id":"https:\/\/cistime-fasady.sk\/cena-fasady-bez-zateplenia\/"},"author":{"name":"RAKETING","@id":"https:\/\/cistime-fasady.sk\/#\/schema\/person\/18a2e8eb3e0dbe04479779b3ac0c9865"},"headline":"Cena fas\u00e1dy bez zateplenia","datePublished":"2020-04-29T11:24:00+00:00","dateModified":"2024-08-13T10:36:21+00:00","mainEntityOfPage":{"@id":"https:\/\/cistime-fasady.sk\/cena-fasady-bez-zateplenia\/"},"wordCount":359,"publisher":{"@id":"https:\/\/cistime-fasady.sk\/#organization"},"image":{"@id":"https:\/\/cistime-fasady.sk\/cena-fasady-bez-zateplenia\/#primaryimage"},"thumbnailUrl":"https:\/\/cistime-fasady.sk\/wp-content\/uploads\/2024\/06\/77.webp","articleSection":["Nezaraden\u00e9"],"inLanguage":"cs"},{"@type":"WebPage","@id":"https:\/\/cistime-fasady.sk\/cena-fasady-bez-zateplenia\/","url":"https:\/\/cistime-fasady.sk\/cena-fasady-bez-zateplenia\/","name":"Cena fas\u00e1dy bez zateplenia | \u010cist\u00edme Fas\u00e1dy","isPartOf":{"@id":"https:\/\/cistime-fasady.sk\/#website"},"primaryImageOfPage":{"@id":"https:\/\/cistime-fasady.sk\/cena-fasady-bez-zateplenia\/#primaryimage"},"image":{"@id":"https:\/\/cistime-fasady.sk\/cena-fasady-bez-zateplenia\/#primaryimage"},"thumbnailUrl":"https:\/\/cistime-fasady.sk\/wp-content\/uploads\/2024\/06\/77.webp","datePublished":"2020-04-29T11:24:00+00:00","dateModified":"2024-08-13T10:36:21+00:00","description":"Mo\u017eno to tak na prv\u00fd poh\u013ead nevyzer\u00e1, av\u0161ak\u00a0cena fas\u00e1dy bez zateplenia\u00a0sa m\u00f4\u017ee vy\u0161plha\u0165 a\u017e do v\u00fd\u0161ky nieko\u013ek\u00fdch tis\u00edc eur.","breadcrumb":{"@id":"https:\/\/cistime-fasady.sk\/cena-fasady-bez-zateplenia\/#breadcrumb"},"inLanguage":"cs","potentialAction":[{"@type":"ReadAction","target":["https:\/\/cistime-fasady.sk\/cena-fasady-bez-zateplenia\/"]}]},{"@type":"ImageObject","inLanguage":"cs","@id":"https:\/\/cistime-fasady.sk\/cena-fasady-bez-zateplenia\/#primaryimage","url":"https:\/\/cistime-fasady.sk\/wp-content\/uploads\/2024\/06\/77.webp","contentUrl":"https:\/\/cistime-fasady.sk\/wp-content\/uploads\/2024\/06\/77.webp","width":1024,"height":768,"caption":"77"},{"@type":"BreadcrumbList","@id":"https:\/\/cistime-fasady.sk\/cena-fasady-bez-zateplenia\/#breadcrumb","itemListElement":[{"@type":"ListItem","position":1,"name":"Domovsk\u00e1 str\u00e1nka","item":"https:\/\/cistime-fasady.sk\/"},{"@type":"ListItem","position":2,"name":"Cena fas\u00e1dy bez zateplenia"}]},{"@type":"WebSite","@id":"https:\/\/cistime-fasady.sk\/#website","url":"https:\/\/cistime-fasady.sk\/","name":"\u010cist\u00edme Fas\u00e1dy","description":"Profesion\u00e1lne \u010distenie fas\u00e1d","publisher":{"@id":"https:\/\/cistime-fasady.sk\/#organization"},"alternateName":"\u010cF","potentialAction":[{"@type":"SearchAction","target":{"@type":"EntryPoint","urlTemplate":"https:\/\/cistime-fasady.sk\/?s={search_term_string}"},"query-input":"required name=search_term_string"}],"inLanguage":"cs"},{"@type":"Organization","@id":"https:\/\/cistime-fasady.sk\/#organization","name":"Valmax s.r.o.","alternateName":"Valmax s.r.o.","url":"https:\/\/cistime-fasady.sk\/","logo":{"@type":"ImageObject","inLanguage":"cs","@id":"https:\/\/cistime-fasady.sk\/#\/schema\/logo\/image\/","url":"https:\/\/cistime-fasady.sk\/wp-content\/uploads\/2024\/03\/313207521_617400896841873_42847256823662438_n.jpg","contentUrl":"https:\/\/cistime-fasady.sk\/wp-content\/uploads\/2024\/03\/313207521_617400896841873_42847256823662438_n.jpg","width":971,"height":971,"caption":"Valmax s.r.o."},"image":{"@id":"https:\/\/cistime-fasady.sk\/#\/schema\/logo\/image\/"},"sameAs":["https:\/\/www.facebook.com\/cisteniefasadvalmax\/","https:\/\/www.instagram.com\/valmax_cisteniefasad\/"]},{"@type":"Person","@id":"https:\/\/cistime-fasady.sk\/#\/schema\/person\/18a2e8eb3e0dbe04479779b3ac0c9865","name":"RAKETING","image":{"@type":"ImageObject","inLanguage":"cs","@id":"https:\/\/cistime-fasady.sk\/#\/schema\/person\/image\/","url":"https:\/\/secure.gravatar.com\/avatar\/7c3caac6c6527a5588ed6ed3aa8a1560b2c5f42cf1b704448b0ba30756aecfbc?s=96&d=mm&r=g","contentUrl":"https:\/\/secure.gravatar.com\/avatar\/7c3caac6c6527a5588ed6ed3aa8a1560b2c5f42cf1b704448b0ba30756aecfbc?s=96&d=mm&r=g","caption":"RAKETING"},"sameAs":["https:\/\/cistime-fasady.sk"],"url":"https:\/\/cistime-fasady.sk\/cz\/author\/test02\/"}]}},"_links":{"self":[{"href":"https:\/\/cistime-fasady.sk\/cz\/wp-json\/wp\/v2\/posts\/1191","targetHints":{"allow":["GET"]}}],"collection":[{"href":"https:\/\/cistime-fasady.sk\/cz\/wp-json\/wp\/v2\/posts"}],"about":[{"href":"https:\/\/cistime-fasady.sk\/cz\/wp-json\/wp\/v2\/types\/post"}],"author":[{"embeddable":true,"href":"https:\/\/cistime-fasady.sk\/cz\/wp-json\/wp\/v2\/users\/1"}],"replies":[{"embeddable":true,"href":"https:\/\/cistime-fasady.sk\/cz\/wp-json\/wp\/v2\/comments?post=1191"}],"version-history":[{"count":3,"href":"https:\/\/cistime-fasady.sk\/cz\/wp-json\/wp\/v2\/posts\/1191\/revisions"}],"predecessor-version":[{"id":1678,"href":"https:\/\/cistime-fasady.sk\/cz\/wp-json\/wp\/v2\/posts\/1191\/revisions\/1678"}],"wp:featuredmedia":[{"embeddable":true,"href":"https:\/\/cistime-fasady.sk\/cz\/wp-json\/wp\/v2\/media\/991"}],"wp:attachment":[{"href":"https:\/\/cistime-fasady.sk\/cz\/wp-json\/wp\/v2\/media?parent=1191"}],"wp:term":[{"taxonomy":"category","embeddable":true,"href":"https:\/\/cistime-fasady.sk\/cz\/wp-json\/wp\/v2\/categories?post=1191"},{"taxonomy":"post_tag","embeddable":true,"href":"https:\/\/cistime-fasady.sk\/cz\/wp-json\/wp\/v2\/tags?post=1191"}],"curies":[{"name":"wp","href":"https:\/\/api.w.org\/{rel}","templated":true}]}}