{"id":1189,"date":"2020-05-02T13:19:00","date_gmt":"2020-05-02T11:19:00","guid":{"rendered":"https:\/\/cistime-fasady.sk\/?p=1189"},"modified":"2024-08-13T12:36:02","modified_gmt":"2024-08-13T10:36:02","slug":"cena-fasady-so-zateplenim","status":"publish","type":"post","link":"https:\/\/cistime-fasady.sk\/cz\/cena-fasady-so-zateplenim\/","title":{"rendered":"Cena fas\u00e1dy so zateplen\u00edm"},"content":{"rendered":"<p><em><em><strong><em>Cena fas\u00e1dy so zateplen\u00edm<\/em><\/strong>\u00a0sa zvy\u010dajne pohybuje a\u017e v\u00a0tis\u00edckach eur. A\u00a0tak sa st\u00e1va jednou z\u00a0finan\u010dne najn\u00e1ro\u010dnej\u0161\u00edch s\u00fa\u010dast\u00ed stavby alebo rekon\u0161trukcie rodinn\u00e9ho domu. Kone\u010dn\u00e1 suma fas\u00e1dy so zateplen\u00edm v\u0161ak z\u00e1vis\u00ed od mno\u017estva r\u00f4znych faktorov<\/em><\/em>.<em><em> Napr\u00edklad, \u010di ide o\u00a0star\u0161\u00ed rodinn\u00fd dom alebo o\u00a0novostavbu, v\u00a0akom stave sa nach\u00e1dza podklad, ktor\u00fd pl\u00e1nujete zatep\u013eova\u0165, ale tie\u017e od materi\u00e1lu, ktor\u00fd si na zateplenie zvol\u00edte \u010di od konkr\u00e9tnej firmy, ktor\u00e1 v\u00e1m bude zateplenie realizova\u0165.<\/em><\/em><\/p>\n\n\n\n<div style=\"height:30px\" aria-hidden=\"true\" class=\"wp-block-spacer\"><\/div>\n\n\n\n<h2 class=\"wp-block-heading\"><strong><strong><strong><strong>CENA FAS\u00c1DY SO ZATEPLEN\u00cdM PRI STAR\u0160OM RODINNOM DOME<\/strong><\/strong><\/strong><\/strong><\/h2>\n\n\n\n<p>Pri star\u0161om rodinnom dome b\u00fdva cena fas\u00e1dy so zateplen\u00edm \u010dastokr\u00e1t vy\u0161\u0161ia, ako pri novostavbe. D\u00f4vodom m\u00f4\u017eu by\u0165 r\u00f4zne probl\u00e9my, ktor\u00e9 je potrebn\u00e9 vyrie\u0161i\u0165 e\u0161te pred samotn\u00fdm zateplen\u00edm. Naj\u010dastej\u0161ie ide o\u00a0vlhk\u00e9 obvodov\u00e9 m\u00fary alebo o\u00a0r\u00f4zne praskliny a\u00a0trhliny na p\u00f4vodnej fas\u00e1de. Takisto je pri star\u0161\u00edch rodinn\u00fdch domoch potrebn\u00e9 investova\u0165 aj do pr\u00edpravy podkladu na zateplenie. V\u00a0tomto pr\u00edpade m\u00f4\u017ee \u00eds\u0165 o\u00a0vy\u010distenie starej fas\u00e1dy alebo o odstr\u00e1nenie rias a\u00a0h\u00fab z\u00a0jej povrchu.<\/p>\n\n\n\n<p>Mnoho majite\u013eov domov v\u0161ak nevie jednu d\u00f4le\u017eit\u00fa inform\u00e1ciu. Nie v\u017edy je nutn\u00e9 pri rekon\u0161trukcii star\u0161ieho rodinn\u00e9ho domu plati\u0165 za \u00faplne nov\u00fa fas\u00e1du. Ak je p\u00f4vodn\u00e1 fas\u00e1da kvalitn\u00e1 a\u00a0bez po\u0161koden\u00ed, m\u00f4\u017eete zv\u00e1\u017ei\u0165 vy\u010distenie fas\u00e1dy, ktor\u00e9 je finan\u010dne ove\u013ea menej n\u00e1ro\u010dn\u00e9 a\u00a0predsa efekt\u00edvne.<\/p>\n\n\n\n<div style=\"height:30px\" aria-hidden=\"true\" class=\"wp-block-spacer\"><\/div>\n\n\n\n<h2 class=\"wp-block-heading\"><strong><strong>ZATEPLENIE NOVOSTAVBY<\/strong><\/strong><\/h2>\n\n\n\n<p>Cena fas\u00e1dy so zateplen\u00edm pri novostavbe b\u00fdva zv\u00e4\u010d\u0161a o\u00a0nie\u010do ni\u017e\u0161ia ne\u017e pri star\u0161om rodinnom dome. Pri novostavbe toti\u017eto nemus\u00edte rie\u0161i\u0165 vy\u0161\u0161ie spom\u00ednan\u00e9 probl\u00e9my, sta\u010d\u00ed si len vybra\u0165 vhodn\u00fd materi\u00e1l na zateplenie a\u00a0tie\u017e spo\u013eahliv\u00fa firmu s\u00a0primeranou hodinovou sadzbou. M\u00f4\u017ee sa v\u0161ak sta\u0165, \u017ee va\u0161a nov\u00e1 fas\u00e1da bude u\u017e po nieko\u013ek\u00fdch rokoch zne\u010disten\u00e1 na nepoznanie \u2013 v\u00a0takomto pr\u00edpade v\u00e1m op\u00e4\u0165 odpor\u00fa\u010dame vyu\u017ei\u0165\u00a0<a href=\"https:\/\/cistime-fasady.sk\/cz\/cistenie-fasad\/\">profesion\u00e1lne \u010distenie fas\u00e1d<\/a>.<\/p>\n\n\n\n<div style=\"height:30px\" aria-hidden=\"true\" class=\"wp-block-spacer\"><\/div>\n\n\n\n<figure class=\"wp-block-gallery has-nested-images columns-default is-cropped wp-block-gallery-1 is-layout-flex wp-block-gallery-is-layout-flex\">\n<figure class=\"wp-block-image size-large\"><img fetchpriority=\"high\" decoding=\"async\" width=\"1024\" height=\"768\" data-id=\"993\" src=\"https:\/\/cistime-fasady.sk\/wp-content\/uploads\/2024\/06\/79.webp\" alt=\"cena fas\u00e1dy so zateplen\u00edm\" class=\"wp-image-993\" srcset=\"https:\/\/cistime-fasady.sk\/wp-content\/uploads\/2024\/06\/79.webp 1024w, https:\/\/cistime-fasady.sk\/wp-content\/uploads\/2024\/06\/79-300x225.webp 300w, https:\/\/cistime-fasady.sk\/wp-content\/uploads\/2024\/06\/79-768x576.webp 768w\" sizes=\"(max-width: 1024px) 100vw, 1024px\" \/><\/figure>\n\n\n\n<figure class=\"wp-block-image size-large\"><img decoding=\"async\" width=\"1024\" height=\"768\" data-id=\"994\" src=\"https:\/\/cistime-fasady.sk\/wp-content\/uploads\/2024\/06\/80.webp\" alt=\"cena fasady so zateplenim\" class=\"wp-image-994\" srcset=\"https:\/\/cistime-fasady.sk\/wp-content\/uploads\/2024\/06\/80.webp 1024w, https:\/\/cistime-fasady.sk\/wp-content\/uploads\/2024\/06\/80-300x225.webp 300w, https:\/\/cistime-fasady.sk\/wp-content\/uploads\/2024\/06\/80-768x576.webp 768w\" sizes=\"(max-width: 1024px) 100vw, 1024px\" \/><\/figure>\n<\/figure>","protected":false},"excerpt":{"rendered":"<p>Cena fas\u00e1dy so zateplen\u00edm\u00a0sa zvy\u010dajne pohybuje a\u017e v\u00a0tis\u00edckach eur. A\u00a0tak sa st\u00e1va jednou z\u00a0finan\u010dne najn\u00e1ro\u010dnej\u0161\u00edch s\u00fa\u010dast\u00ed stavby alebo rekon\u0161trukcie rodinn\u00e9ho domu. Kone\u010dn\u00e1 suma fas\u00e1dy so zateplen\u00edm v\u0161ak z\u00e1vis\u00ed od mno\u017estva r\u00f4znych faktorov. Napr\u00edklad, \u010di ide o\u00a0star\u0161\u00ed rodinn\u00fd dom alebo o\u00a0novostavbu, v\u00a0akom stave sa nach\u00e1dza podklad, ktor\u00fd pl\u00e1nujete zatep\u013eova\u0165, ale tie\u017e od materi\u00e1lu, ktor\u00fd si na zateplenie zvol\u00edte \u010di od konkr\u00e9tnej firmy, ktor\u00e1 v\u00e1m bude zateplenie realizova\u0165.<\/p>","protected":false},"author":1,"featured_media":993,"comment_status":"closed","ping_status":"open","sticky":false,"template":"","format":"standard","meta":{"footnotes":""},"categories":[1],"tags":[],"class_list":["post-1189","post","type-post","status-publish","format-standard","has-post-thumbnail","hentry","category-nezaradene"],"yoast_head":"<!-- This site is optimized with the Yoast SEO plugin v23.1 - https:\/\/yoast.com\/wordpress\/plugins\/seo\/ -->\n<title>Cena fas\u00e1dy so zateplen\u00edm | \u010cist\u00edme Fas\u00e1dy<\/title>\n<meta name=\"description\" content=\"Cena fas\u00e1dy so zateplen\u00edm\u00a0sa zvy\u010dajne pohybuje a\u017e v\u00a0tis\u00edckach eur. Kone\u010dn\u00e1 suma fas\u00e1dy so zateplen\u00edm v\u0161ak z\u00e1vis\u00ed od mno\u017estva faktorov.\" \/>\n<meta name=\"robots\" content=\"index, follow, max-snippet:-1, max-image-preview:large, max-video-preview:-1\" \/>\n<link rel=\"canonical\" href=\"https:\/\/cistime-fasady.sk\/cz\/cena-fasady-so-zateplenim\/\" \/>\n<meta property=\"og:locale\" content=\"cs_CZ\" \/>\n<meta property=\"og:type\" content=\"article\" \/>\n<meta property=\"og:title\" content=\"Cena fas\u00e1dy so zateplen\u00edm | \u010cist\u00edme Fas\u00e1dy\" \/>\n<meta property=\"og:description\" content=\"Cena fas\u00e1dy so zateplen\u00edm\u00a0sa zvy\u010dajne pohybuje a\u017e v\u00a0tis\u00edckach eur. Kone\u010dn\u00e1 suma fas\u00e1dy so zateplen\u00edm v\u0161ak z\u00e1vis\u00ed od mno\u017estva faktorov.\" \/>\n<meta property=\"og:url\" content=\"https:\/\/cistime-fasady.sk\/cz\/cena-fasady-so-zateplenim\/\" \/>\n<meta property=\"og:site_name\" content=\"\u010cist\u00edme Fas\u00e1dy\" \/>\n<meta property=\"article:publisher\" content=\"https:\/\/www.facebook.com\/cisteniefasadvalmax\/\" \/>\n<meta property=\"article:published_time\" content=\"2020-05-02T11:19:00+00:00\" \/>\n<meta property=\"article:modified_time\" content=\"2024-08-13T10:36:02+00:00\" \/>\n<meta property=\"og:image\" content=\"https:\/\/cistime-fasady.sk\/wp-content\/uploads\/2024\/06\/79.webp\" \/>\n\t<meta property=\"og:image:width\" content=\"1024\" \/>\n\t<meta property=\"og:image:height\" content=\"768\" \/>\n\t<meta property=\"og:image:type\" content=\"image\/jpeg\" \/>\n<meta name=\"author\" content=\"RAKETING\" \/>\n<meta name=\"twitter:card\" content=\"summary_large_image\" \/>\n<meta name=\"twitter:label1\" content=\"Napsal(a)\" \/>\n\t<meta name=\"twitter:data1\" content=\"RAKETING\" \/>\n\t<meta name=\"twitter:label2\" content=\"Odhadovan\u00e1 doba \u010dten\u00ed\" \/>\n\t<meta name=\"twitter:data2\" content=\"3 minuty\" \/>\n<script type=\"application\/ld+json\" class=\"yoast-schema-graph\">{\"@context\":\"https:\/\/schema.org\",\"@graph\":[{\"@type\":\"Article\",\"@id\":\"https:\/\/cistime-fasady.sk\/cena-fasady-so-zateplenim\/#article\",\"isPartOf\":{\"@id\":\"https:\/\/cistime-fasady.sk\/cena-fasady-so-zateplenim\/\"},\"author\":{\"name\":\"RAKETING\",\"@id\":\"https:\/\/cistime-fasady.sk\/#\/schema\/person\/18a2e8eb3e0dbe04479779b3ac0c9865\"},\"headline\":\"Cena fas\u00e1dy so zateplen\u00edm\",\"datePublished\":\"2020-05-02T11:19:00+00:00\",\"dateModified\":\"2024-08-13T10:36:02+00:00\",\"mainEntityOfPage\":{\"@id\":\"https:\/\/cistime-fasady.sk\/cena-fasady-so-zateplenim\/\"},\"wordCount\":381,\"publisher\":{\"@id\":\"https:\/\/cistime-fasady.sk\/#organization\"},\"image\":{\"@id\":\"https:\/\/cistime-fasady.sk\/cena-fasady-so-zateplenim\/#primaryimage\"},\"thumbnailUrl\":\"https:\/\/cistime-fasady.sk\/wp-content\/uploads\/2024\/06\/79.webp\",\"articleSection\":[\"Nezaraden\u00e9\"],\"inLanguage\":\"cs\"},{\"@type\":\"WebPage\",\"@id\":\"https:\/\/cistime-fasady.sk\/cena-fasady-so-zateplenim\/\",\"url\":\"https:\/\/cistime-fasady.sk\/cena-fasady-so-zateplenim\/\",\"name\":\"Cena fas\u00e1dy so zateplen\u00edm | \u010cist\u00edme Fas\u00e1dy\",\"isPartOf\":{\"@id\":\"https:\/\/cistime-fasady.sk\/#website\"},\"primaryImageOfPage\":{\"@id\":\"https:\/\/cistime-fasady.sk\/cena-fasady-so-zateplenim\/#primaryimage\"},\"image\":{\"@id\":\"https:\/\/cistime-fasady.sk\/cena-fasady-so-zateplenim\/#primaryimage\"},\"thumbnailUrl\":\"https:\/\/cistime-fasady.sk\/wp-content\/uploads\/2024\/06\/79.webp\",\"datePublished\":\"2020-05-02T11:19:00+00:00\",\"dateModified\":\"2024-08-13T10:36:02+00:00\",\"description\":\"Cena fas\u00e1dy so zateplen\u00edm\u00a0sa zvy\u010dajne pohybuje a\u017e v\u00a0tis\u00edckach eur. Kone\u010dn\u00e1 suma fas\u00e1dy so zateplen\u00edm v\u0161ak z\u00e1vis\u00ed od mno\u017estva faktorov.\",\"breadcrumb\":{\"@id\":\"https:\/\/cistime-fasady.sk\/cena-fasady-so-zateplenim\/#breadcrumb\"},\"inLanguage\":\"cs\",\"potentialAction\":[{\"@type\":\"ReadAction\",\"target\":[\"https:\/\/cistime-fasady.sk\/cena-fasady-so-zateplenim\/\"]}]},{\"@type\":\"ImageObject\",\"inLanguage\":\"cs\",\"@id\":\"https:\/\/cistime-fasady.sk\/cena-fasady-so-zateplenim\/#primaryimage\",\"url\":\"https:\/\/cistime-fasady.sk\/wp-content\/uploads\/2024\/06\/79.webp\",\"contentUrl\":\"https:\/\/cistime-fasady.sk\/wp-content\/uploads\/2024\/06\/79.webp\",\"width\":1024,\"height\":768,\"caption\":\"79\"},{\"@type\":\"BreadcrumbList\",\"@id\":\"https:\/\/cistime-fasady.sk\/cena-fasady-so-zateplenim\/#breadcrumb\",\"itemListElement\":[{\"@type\":\"ListItem\",\"position\":1,\"name\":\"Domovsk\u00e1 str\u00e1nka\",\"item\":\"https:\/\/cistime-fasady.sk\/\"},{\"@type\":\"ListItem\",\"position\":2,\"name\":\"Cena fas\u00e1dy so zateplen\u00edm\"}]},{\"@type\":\"WebSite\",\"@id\":\"https:\/\/cistime-fasady.sk\/#website\",\"url\":\"https:\/\/cistime-fasady.sk\/\",\"name\":\"\u010cist\u00edme Fas\u00e1dy\",\"description\":\"Profesion\u00e1lne \u010distenie fas\u00e1d\",\"publisher\":{\"@id\":\"https:\/\/cistime-fasady.sk\/#organization\"},\"alternateName\":\"\u010cF\",\"potentialAction\":[{\"@type\":\"SearchAction\",\"target\":{\"@type\":\"EntryPoint\",\"urlTemplate\":\"https:\/\/cistime-fasady.sk\/?s={search_term_string}\"},\"query-input\":\"required name=search_term_string\"}],\"inLanguage\":\"cs\"},{\"@type\":\"Organization\",\"@id\":\"https:\/\/cistime-fasady.sk\/#organization\",\"name\":\"Valmax s.r.o.\",\"alternateName\":\"Valmax s.r.o.\",\"url\":\"https:\/\/cistime-fasady.sk\/\",\"logo\":{\"@type\":\"ImageObject\",\"inLanguage\":\"cs\",\"@id\":\"https:\/\/cistime-fasady.sk\/#\/schema\/logo\/image\/\",\"url\":\"https:\/\/cistime-fasady.sk\/wp-content\/uploads\/2024\/03\/313207521_617400896841873_42847256823662438_n.jpg\",\"contentUrl\":\"https:\/\/cistime-fasady.sk\/wp-content\/uploads\/2024\/03\/313207521_617400896841873_42847256823662438_n.jpg\",\"width\":971,\"height\":971,\"caption\":\"Valmax s.r.o.\"},\"image\":{\"@id\":\"https:\/\/cistime-fasady.sk\/#\/schema\/logo\/image\/\"},\"sameAs\":[\"https:\/\/www.facebook.com\/cisteniefasadvalmax\/\",\"https:\/\/www.instagram.com\/valmax_cisteniefasad\/\"]},{\"@type\":\"Person\",\"@id\":\"https:\/\/cistime-fasady.sk\/#\/schema\/person\/18a2e8eb3e0dbe04479779b3ac0c9865\",\"name\":\"RAKETING\",\"image\":{\"@type\":\"ImageObject\",\"inLanguage\":\"cs\",\"@id\":\"https:\/\/cistime-fasady.sk\/#\/schema\/person\/image\/\",\"url\":\"https:\/\/secure.gravatar.com\/avatar\/7c3caac6c6527a5588ed6ed3aa8a1560b2c5f42cf1b704448b0ba30756aecfbc?s=96&d=mm&r=g\",\"contentUrl\":\"https:\/\/secure.gravatar.com\/avatar\/7c3caac6c6527a5588ed6ed3aa8a1560b2c5f42cf1b704448b0ba30756aecfbc?s=96&d=mm&r=g\",\"caption\":\"RAKETING\"},\"sameAs\":[\"https:\/\/cistime-fasady.sk\"],\"url\":\"https:\/\/cistime-fasady.sk\/cz\/author\/test02\/\"}]}<\/script>\n<!-- \/ Yoast SEO plugin. -->","yoast_head_json":{"title":"Cena fas\u00e1dy so zateplen\u00edm | \u010cist\u00edme Fas\u00e1dy","description":"Cena fas\u00e1dy so zateplen\u00edm\u00a0sa zvy\u010dajne pohybuje a\u017e v\u00a0tis\u00edckach eur. Kone\u010dn\u00e1 suma fas\u00e1dy so zateplen\u00edm v\u0161ak z\u00e1vis\u00ed od mno\u017estva faktorov.","robots":{"index":"index","follow":"follow","max-snippet":"max-snippet:-1","max-image-preview":"max-image-preview:large","max-video-preview":"max-video-preview:-1"},"canonical":"https:\/\/cistime-fasady.sk\/cz\/cena-fasady-so-zateplenim\/","og_locale":"cs_CZ","og_type":"article","og_title":"Cena fas\u00e1dy so zateplen\u00edm | \u010cist\u00edme Fas\u00e1dy","og_description":"Cena fas\u00e1dy so zateplen\u00edm\u00a0sa zvy\u010dajne pohybuje a\u017e v\u00a0tis\u00edckach eur. Kone\u010dn\u00e1 suma fas\u00e1dy so zateplen\u00edm v\u0161ak z\u00e1vis\u00ed od mno\u017estva faktorov.","og_url":"https:\/\/cistime-fasady.sk\/cz\/cena-fasady-so-zateplenim\/","og_site_name":"\u010cist\u00edme Fas\u00e1dy","article_publisher":"https:\/\/www.facebook.com\/cisteniefasadvalmax\/","article_published_time":"2020-05-02T11:19:00+00:00","article_modified_time":"2024-08-13T10:36:02+00:00","og_image":[{"width":1024,"height":768,"url":"https:\/\/cistime-fasady.sk\/wp-content\/uploads\/2024\/06\/79.webp","type":"image\/jpeg"}],"author":"RAKETING","twitter_card":"summary_large_image","twitter_misc":{"Napsal(a)":"RAKETING","Odhadovan\u00e1 doba \u010dten\u00ed":"3 minuty"},"schema":{"@context":"https:\/\/schema.org","@graph":[{"@type":"Article","@id":"https:\/\/cistime-fasady.sk\/cena-fasady-so-zateplenim\/#article","isPartOf":{"@id":"https:\/\/cistime-fasady.sk\/cena-fasady-so-zateplenim\/"},"author":{"name":"RAKETING","@id":"https:\/\/cistime-fasady.sk\/#\/schema\/person\/18a2e8eb3e0dbe04479779b3ac0c9865"},"headline":"Cena fas\u00e1dy so zateplen\u00edm","datePublished":"2020-05-02T11:19:00+00:00","dateModified":"2024-08-13T10:36:02+00:00","mainEntityOfPage":{"@id":"https:\/\/cistime-fasady.sk\/cena-fasady-so-zateplenim\/"},"wordCount":381,"publisher":{"@id":"https:\/\/cistime-fasady.sk\/#organization"},"image":{"@id":"https:\/\/cistime-fasady.sk\/cena-fasady-so-zateplenim\/#primaryimage"},"thumbnailUrl":"https:\/\/cistime-fasady.sk\/wp-content\/uploads\/2024\/06\/79.webp","articleSection":["Nezaraden\u00e9"],"inLanguage":"cs"},{"@type":"WebPage","@id":"https:\/\/cistime-fasady.sk\/cena-fasady-so-zateplenim\/","url":"https:\/\/cistime-fasady.sk\/cena-fasady-so-zateplenim\/","name":"Cena fas\u00e1dy so zateplen\u00edm | \u010cist\u00edme Fas\u00e1dy","isPartOf":{"@id":"https:\/\/cistime-fasady.sk\/#website"},"primaryImageOfPage":{"@id":"https:\/\/cistime-fasady.sk\/cena-fasady-so-zateplenim\/#primaryimage"},"image":{"@id":"https:\/\/cistime-fasady.sk\/cena-fasady-so-zateplenim\/#primaryimage"},"thumbnailUrl":"https:\/\/cistime-fasady.sk\/wp-content\/uploads\/2024\/06\/79.webp","datePublished":"2020-05-02T11:19:00+00:00","dateModified":"2024-08-13T10:36:02+00:00","description":"Cena fas\u00e1dy so zateplen\u00edm\u00a0sa zvy\u010dajne pohybuje a\u017e v\u00a0tis\u00edckach eur. Kone\u010dn\u00e1 suma fas\u00e1dy so zateplen\u00edm v\u0161ak z\u00e1vis\u00ed od mno\u017estva faktorov.","breadcrumb":{"@id":"https:\/\/cistime-fasady.sk\/cena-fasady-so-zateplenim\/#breadcrumb"},"inLanguage":"cs","potentialAction":[{"@type":"ReadAction","target":["https:\/\/cistime-fasady.sk\/cena-fasady-so-zateplenim\/"]}]},{"@type":"ImageObject","inLanguage":"cs","@id":"https:\/\/cistime-fasady.sk\/cena-fasady-so-zateplenim\/#primaryimage","url":"https:\/\/cistime-fasady.sk\/wp-content\/uploads\/2024\/06\/79.webp","contentUrl":"https:\/\/cistime-fasady.sk\/wp-content\/uploads\/2024\/06\/79.webp","width":1024,"height":768,"caption":"79"},{"@type":"BreadcrumbList","@id":"https:\/\/cistime-fasady.sk\/cena-fasady-so-zateplenim\/#breadcrumb","itemListElement":[{"@type":"ListItem","position":1,"name":"Domovsk\u00e1 str\u00e1nka","item":"https:\/\/cistime-fasady.sk\/"},{"@type":"ListItem","position":2,"name":"Cena fas\u00e1dy so zateplen\u00edm"}]},{"@type":"WebSite","@id":"https:\/\/cistime-fasady.sk\/#website","url":"https:\/\/cistime-fasady.sk\/","name":"\u010cist\u00edme Fas\u00e1dy","description":"Profesion\u00e1lne \u010distenie fas\u00e1d","publisher":{"@id":"https:\/\/cistime-fasady.sk\/#organization"},"alternateName":"\u010cF","potentialAction":[{"@type":"SearchAction","target":{"@type":"EntryPoint","urlTemplate":"https:\/\/cistime-fasady.sk\/?s={search_term_string}"},"query-input":"required name=search_term_string"}],"inLanguage":"cs"},{"@type":"Organization","@id":"https:\/\/cistime-fasady.sk\/#organization","name":"Valmax s.r.o.","alternateName":"Valmax s.r.o.","url":"https:\/\/cistime-fasady.sk\/","logo":{"@type":"ImageObject","inLanguage":"cs","@id":"https:\/\/cistime-fasady.sk\/#\/schema\/logo\/image\/","url":"https:\/\/cistime-fasady.sk\/wp-content\/uploads\/2024\/03\/313207521_617400896841873_42847256823662438_n.jpg","contentUrl":"https:\/\/cistime-fasady.sk\/wp-content\/uploads\/2024\/03\/313207521_617400896841873_42847256823662438_n.jpg","width":971,"height":971,"caption":"Valmax s.r.o."},"image":{"@id":"https:\/\/cistime-fasady.sk\/#\/schema\/logo\/image\/"},"sameAs":["https:\/\/www.facebook.com\/cisteniefasadvalmax\/","https:\/\/www.instagram.com\/valmax_cisteniefasad\/"]},{"@type":"Person","@id":"https:\/\/cistime-fasady.sk\/#\/schema\/person\/18a2e8eb3e0dbe04479779b3ac0c9865","name":"RAKETING","image":{"@type":"ImageObject","inLanguage":"cs","@id":"https:\/\/cistime-fasady.sk\/#\/schema\/person\/image\/","url":"https:\/\/secure.gravatar.com\/avatar\/7c3caac6c6527a5588ed6ed3aa8a1560b2c5f42cf1b704448b0ba30756aecfbc?s=96&d=mm&r=g","contentUrl":"https:\/\/secure.gravatar.com\/avatar\/7c3caac6c6527a5588ed6ed3aa8a1560b2c5f42cf1b704448b0ba30756aecfbc?s=96&d=mm&r=g","caption":"RAKETING"},"sameAs":["https:\/\/cistime-fasady.sk"],"url":"https:\/\/cistime-fasady.sk\/cz\/author\/test02\/"}]}},"_links":{"self":[{"href":"https:\/\/cistime-fasady.sk\/cz\/wp-json\/wp\/v2\/posts\/1189","targetHints":{"allow":["GET"]}}],"collection":[{"href":"https:\/\/cistime-fasady.sk\/cz\/wp-json\/wp\/v2\/posts"}],"about":[{"href":"https:\/\/cistime-fasady.sk\/cz\/wp-json\/wp\/v2\/types\/post"}],"author":[{"embeddable":true,"href":"https:\/\/cistime-fasady.sk\/cz\/wp-json\/wp\/v2\/users\/1"}],"replies":[{"embeddable":true,"href":"https:\/\/cistime-fasady.sk\/cz\/wp-json\/wp\/v2\/comments?post=1189"}],"version-history":[{"count":3,"href":"https:\/\/cistime-fasady.sk\/cz\/wp-json\/wp\/v2\/posts\/1189\/revisions"}],"predecessor-version":[{"id":1674,"href":"https:\/\/cistime-fasady.sk\/cz\/wp-json\/wp\/v2\/posts\/1189\/revisions\/1674"}],"wp:featuredmedia":[{"embeddable":true,"href":"https:\/\/cistime-fasady.sk\/cz\/wp-json\/wp\/v2\/media\/993"}],"wp:attachment":[{"href":"https:\/\/cistime-fasady.sk\/cz\/wp-json\/wp\/v2\/media?parent=1189"}],"wp:term":[{"taxonomy":"category","embeddable":true,"href":"https:\/\/cistime-fasady.sk\/cz\/wp-json\/wp\/v2\/categories?post=1189"},{"taxonomy":"post_tag","embeddable":true,"href":"https:\/\/cistime-fasady.sk\/cz\/wp-json\/wp\/v2\/tags?post=1189"}],"curies":[{"name":"wp","href":"https:\/\/api.w.org\/{rel}","templated":true}]}}