{"id":1183,"date":"2020-05-07T13:10:00","date_gmt":"2020-05-07T11:10:00","guid":{"rendered":"https:\/\/cistime-fasady.sk\/?p=1183"},"modified":"2024-08-13T12:35:18","modified_gmt":"2024-08-13T10:35:18","slug":"nater-fasady-cena","status":"publish","type":"post","link":"https:\/\/cistime-fasady.sk\/cz\/nater-fasady-cena\/","title":{"rendered":"N\u00e1ter fas\u00e1dy cena"},"content":{"rendered":"<p><em><em>Pl\u00e1nujete nov\u00fd n\u00e1ter fas\u00e1dy a\u00a0chcete vedie\u0165, ak\u00e1 bude pribli\u017ene jeho cena? Pr\u00edpadne v\u00e1s tr\u00e1pi zne\u010disten\u00e1 fas\u00e1da a\u00a0uva\u017eujete nad najlacnej\u0161ou alternat\u00edvou, ako dopria\u0165 svojmu domu op\u00e4\u0165 \u010dist\u00fa fas\u00e1du? Pozrime sa teda bli\u017e\u0161ie na to, ko\u013eko stoj\u00ed nov\u00fd n\u00e1ter fas\u00e1dy a\u00a0\u010di existuje aj lacnej\u0161ia alternat\u00edva.<\/em><\/em><\/p>\n\n\n\n<div style=\"height:30px\" aria-hidden=\"true\" class=\"wp-block-spacer\"><\/div>\n\n\n\n<h2 class=\"wp-block-heading\"><strong><strong><strong><strong>NOV\u00dd N\u00c1TER FAS\u00c1DY CENA<\/strong><\/strong><\/strong><\/strong><\/h2>\n\n\n\n<p>Nov\u00fd n\u00e1ter fas\u00e1dy \u2013 cena sa pohybuje pribli\u017ene od 16 eur za meter \u0161tvorcov\u00fd. Ak si t\u00fato sumu prer\u00e1tate vzh\u013eadom k\u00a0ploche va\u0161ej fas\u00e1dy, ur\u010dite zist\u00edte, \u017ee invest\u00edcia do nov\u00e9ho n\u00e1teru m\u00f4\u017ee by\u0165 naozaj vysok\u00e1. Nov\u00fd n\u00e1ter teda odpor\u00fa\u010dame aplikova\u0165 iba v\u00a0tom pr\u00edpade, ak u\u017e nie ste spokojn\u00fd s\u00a0farbou va\u0161ej fas\u00e1dy alebo sa na fas\u00e1de nach\u00e1dzaj\u00fa v\u00e4\u010d\u0161ie trhliny a\u00a0praskliny.<\/p>\n\n\n\n<div style=\"height:30px\" aria-hidden=\"true\" class=\"wp-block-spacer\"><\/div>\n\n\n\n<h2 class=\"wp-block-heading\"><strong><strong>CENA ZA VY\u010cISTENIE FAS\u00c1DY<\/strong><\/strong><\/h2>\n\n\n\n<p>Ak je v\u0161ak va\u0161a fas\u00e1da iba zne\u010disten\u00e1, nie s\u00fa na nej \u017eiadne trhliny a\u00a0praskliny, existuje aj lacnej\u0161ie rie\u0161enie ako nov\u00fd n\u00e1ter. T\u00fdmto rie\u0161en\u00edm je\u00a0<a href=\"https:\/\/cistime-fasady.sk\/cz\/cistenie-fasad\/\">profesion\u00e1lne vy\u010distenie fas\u00e1dy,<\/a>\u00a0kde sa cena pohybuje u\u017e od 3,8 eur za meter \u0161tvorcov\u00fd. V\u010faka vy\u010disteniu fas\u00e1dy m\u00f4\u017eete u\u0161etri\u0165 a\u017e 70% n\u00e1kladov oproti nov\u00e9mu n\u00e1teru. A\u00a0\u010do je najlep\u0161ie \u2013 v\u00e1\u0161 dom bude op\u00e4\u0165 vyzera\u0165 ako nov\u00fd. Okrem vy\u010distenia fas\u00e1dy v\u00e1m pon\u00fakame aj mo\u017enos\u0165 aplikova\u0165 na fas\u00e1du ochrann\u00fd n\u00e1ter. Ten zabezpe\u010d\u00ed, \u017ee va\u0161a fas\u00e1da bude \u010dist\u00e1 aj nasleduj\u00facich 5 rokov.<\/p>\n\n\n\n<div style=\"height:30px\" aria-hidden=\"true\" class=\"wp-block-spacer\"><\/div>\n\n\n\n<figure class=\"wp-block-gallery has-nested-images columns-default is-cropped wp-block-gallery-1 is-layout-flex wp-block-gallery-is-layout-flex\">\n<figure class=\"wp-block-image size-large\"><img fetchpriority=\"high\" decoding=\"async\" width=\"1024\" height=\"768\" data-id=\"995\" src=\"https:\/\/cistime-fasady.sk\/wp-content\/uploads\/2024\/06\/81.webp\" alt=\"n\u00e1ter fas\u00e1dy cena\" class=\"wp-image-995\" srcset=\"https:\/\/cistime-fasady.sk\/wp-content\/uploads\/2024\/06\/81.webp 1024w, https:\/\/cistime-fasady.sk\/wp-content\/uploads\/2024\/06\/81-300x225.webp 300w, https:\/\/cistime-fasady.sk\/wp-content\/uploads\/2024\/06\/81-768x576.webp 768w\" sizes=\"(max-width: 1024px) 100vw, 1024px\" \/><\/figure>\n\n\n\n<figure class=\"wp-block-image size-large\"><img decoding=\"async\" width=\"1024\" height=\"768\" data-id=\"996\" src=\"https:\/\/cistime-fasady.sk\/wp-content\/uploads\/2024\/06\/82.webp\" alt=\"nater fasady cena\" class=\"wp-image-996\" srcset=\"https:\/\/cistime-fasady.sk\/wp-content\/uploads\/2024\/06\/82.webp 1024w, https:\/\/cistime-fasady.sk\/wp-content\/uploads\/2024\/06\/82-300x225.webp 300w, https:\/\/cistime-fasady.sk\/wp-content\/uploads\/2024\/06\/82-768x576.webp 768w\" sizes=\"(max-width: 1024px) 100vw, 1024px\" \/><\/figure>\n<\/figure>","protected":false},"excerpt":{"rendered":"<p>Pl\u00e1nujete nov\u00fd n\u00e1ter fas\u00e1dy a\u00a0chcete vedie\u0165, ak\u00e1 bude pribli\u017ene jeho cena? Pr\u00edpadne v\u00e1s tr\u00e1pi zne\u010disten\u00e1 fas\u00e1da a\u00a0uva\u017eujete nad najlacnej\u0161ou alternat\u00edvou, ako dopria\u0165 svojmu domu op\u00e4\u0165 \u010dist\u00fa fas\u00e1du? Pozrime sa teda bli\u017e\u0161ie na to, ko\u013eko stoj\u00ed nov\u00fd n\u00e1ter fas\u00e1dy a\u00a0\u010di existuje aj lacnej\u0161ia alternat\u00edva.<\/p>","protected":false},"author":1,"featured_media":995,"comment_status":"closed","ping_status":"open","sticky":false,"template":"","format":"standard","meta":{"footnotes":""},"categories":[1],"tags":[],"class_list":["post-1183","post","type-post","status-publish","format-standard","has-post-thumbnail","hentry","category-nezaradene"],"yoast_head":"<!-- This site is optimized with the Yoast SEO plugin v23.1 - https:\/\/yoast.com\/wordpress\/plugins\/seo\/ -->\n<title>N\u00e1ter fas\u00e1dy cena | \u010cist\u00edme Fas\u00e1dy<\/title>\n<meta name=\"description\" content=\"Nov\u00fd n\u00e1ter fas\u00e1dy \u2013 cena sa pohybuje pribli\u017ene od 16\u20ac\/m2. Cena za profesion\u00e1lne vy\u010distenie fas\u00e1d sa pohybuje u\u017e od 3,8\u20ac\/m2.\" \/>\n<meta name=\"robots\" content=\"index, follow, max-snippet:-1, max-image-preview:large, max-video-preview:-1\" \/>\n<link rel=\"canonical\" href=\"https:\/\/cistime-fasady.sk\/cz\/nater-fasady-cena\/\" \/>\n<meta property=\"og:locale\" content=\"cs_CZ\" \/>\n<meta property=\"og:type\" content=\"article\" \/>\n<meta property=\"og:title\" content=\"N\u00e1ter fas\u00e1dy cena | \u010cist\u00edme Fas\u00e1dy\" \/>\n<meta property=\"og:description\" content=\"Nov\u00fd n\u00e1ter fas\u00e1dy \u2013 cena sa pohybuje pribli\u017ene od 16\u20ac\/m2. Cena za profesion\u00e1lne vy\u010distenie fas\u00e1d sa pohybuje u\u017e od 3,8\u20ac\/m2.\" \/>\n<meta property=\"og:url\" content=\"https:\/\/cistime-fasady.sk\/cz\/nater-fasady-cena\/\" \/>\n<meta property=\"og:site_name\" content=\"\u010cist\u00edme Fas\u00e1dy\" \/>\n<meta property=\"article:publisher\" content=\"https:\/\/www.facebook.com\/cisteniefasadvalmax\/\" \/>\n<meta property=\"article:published_time\" content=\"2020-05-07T11:10:00+00:00\" \/>\n<meta property=\"article:modified_time\" content=\"2024-08-13T10:35:18+00:00\" \/>\n<meta property=\"og:image\" content=\"https:\/\/cistime-fasady.sk\/wp-content\/uploads\/2024\/06\/81.webp\" \/>\n\t<meta property=\"og:image:width\" content=\"1024\" \/>\n\t<meta property=\"og:image:height\" content=\"768\" \/>\n\t<meta property=\"og:image:type\" content=\"image\/jpeg\" \/>\n<meta name=\"author\" content=\"RAKETING\" \/>\n<meta name=\"twitter:card\" content=\"summary_large_image\" \/>\n<meta name=\"twitter:label1\" content=\"Napsal(a)\" \/>\n\t<meta name=\"twitter:data1\" content=\"RAKETING\" \/>\n\t<meta name=\"twitter:label2\" content=\"Odhadovan\u00e1 doba \u010dten\u00ed\" \/>\n\t<meta name=\"twitter:data2\" content=\"2 minuty\" \/>\n<script type=\"application\/ld+json\" class=\"yoast-schema-graph\">{\"@context\":\"https:\/\/schema.org\",\"@graph\":[{\"@type\":\"Article\",\"@id\":\"https:\/\/cistime-fasady.sk\/nater-fasady-cena\/#article\",\"isPartOf\":{\"@id\":\"https:\/\/cistime-fasady.sk\/nater-fasady-cena\/\"},\"author\":{\"name\":\"RAKETING\",\"@id\":\"https:\/\/cistime-fasady.sk\/#\/schema\/person\/18a2e8eb3e0dbe04479779b3ac0c9865\"},\"headline\":\"N\u00e1ter fas\u00e1dy cena\",\"datePublished\":\"2020-05-07T11:10:00+00:00\",\"dateModified\":\"2024-08-13T10:35:18+00:00\",\"mainEntityOfPage\":{\"@id\":\"https:\/\/cistime-fasady.sk\/nater-fasady-cena\/\"},\"wordCount\":277,\"publisher\":{\"@id\":\"https:\/\/cistime-fasady.sk\/#organization\"},\"image\":{\"@id\":\"https:\/\/cistime-fasady.sk\/nater-fasady-cena\/#primaryimage\"},\"thumbnailUrl\":\"https:\/\/cistime-fasady.sk\/wp-content\/uploads\/2024\/06\/81.webp\",\"articleSection\":[\"Nezaraden\u00e9\"],\"inLanguage\":\"cs\"},{\"@type\":\"WebPage\",\"@id\":\"https:\/\/cistime-fasady.sk\/nater-fasady-cena\/\",\"url\":\"https:\/\/cistime-fasady.sk\/nater-fasady-cena\/\",\"name\":\"N\u00e1ter fas\u00e1dy cena | \u010cist\u00edme Fas\u00e1dy\",\"isPartOf\":{\"@id\":\"https:\/\/cistime-fasady.sk\/#website\"},\"primaryImageOfPage\":{\"@id\":\"https:\/\/cistime-fasady.sk\/nater-fasady-cena\/#primaryimage\"},\"image\":{\"@id\":\"https:\/\/cistime-fasady.sk\/nater-fasady-cena\/#primaryimage\"},\"thumbnailUrl\":\"https:\/\/cistime-fasady.sk\/wp-content\/uploads\/2024\/06\/81.webp\",\"datePublished\":\"2020-05-07T11:10:00+00:00\",\"dateModified\":\"2024-08-13T10:35:18+00:00\",\"description\":\"Nov\u00fd n\u00e1ter fas\u00e1dy \u2013 cena sa pohybuje pribli\u017ene od 16\u20ac\/m2. Cena za profesion\u00e1lne vy\u010distenie fas\u00e1d sa pohybuje u\u017e od 3,8\u20ac\/m2.\",\"breadcrumb\":{\"@id\":\"https:\/\/cistime-fasady.sk\/nater-fasady-cena\/#breadcrumb\"},\"inLanguage\":\"cs\",\"potentialAction\":[{\"@type\":\"ReadAction\",\"target\":[\"https:\/\/cistime-fasady.sk\/nater-fasady-cena\/\"]}]},{\"@type\":\"ImageObject\",\"inLanguage\":\"cs\",\"@id\":\"https:\/\/cistime-fasady.sk\/nater-fasady-cena\/#primaryimage\",\"url\":\"https:\/\/cistime-fasady.sk\/wp-content\/uploads\/2024\/06\/81.webp\",\"contentUrl\":\"https:\/\/cistime-fasady.sk\/wp-content\/uploads\/2024\/06\/81.webp\",\"width\":1024,\"height\":768,\"caption\":\"81\"},{\"@type\":\"BreadcrumbList\",\"@id\":\"https:\/\/cistime-fasady.sk\/nater-fasady-cena\/#breadcrumb\",\"itemListElement\":[{\"@type\":\"ListItem\",\"position\":1,\"name\":\"Domovsk\u00e1 str\u00e1nka\",\"item\":\"https:\/\/cistime-fasady.sk\/\"},{\"@type\":\"ListItem\",\"position\":2,\"name\":\"N\u00e1ter fas\u00e1dy cena\"}]},{\"@type\":\"WebSite\",\"@id\":\"https:\/\/cistime-fasady.sk\/#website\",\"url\":\"https:\/\/cistime-fasady.sk\/\",\"name\":\"\u010cist\u00edme Fas\u00e1dy\",\"description\":\"Profesion\u00e1lne \u010distenie fas\u00e1d\",\"publisher\":{\"@id\":\"https:\/\/cistime-fasady.sk\/#organization\"},\"alternateName\":\"\u010cF\",\"potentialAction\":[{\"@type\":\"SearchAction\",\"target\":{\"@type\":\"EntryPoint\",\"urlTemplate\":\"https:\/\/cistime-fasady.sk\/?s={search_term_string}\"},\"query-input\":\"required name=search_term_string\"}],\"inLanguage\":\"cs\"},{\"@type\":\"Organization\",\"@id\":\"https:\/\/cistime-fasady.sk\/#organization\",\"name\":\"Valmax s.r.o.\",\"alternateName\":\"Valmax s.r.o.\",\"url\":\"https:\/\/cistime-fasady.sk\/\",\"logo\":{\"@type\":\"ImageObject\",\"inLanguage\":\"cs\",\"@id\":\"https:\/\/cistime-fasady.sk\/#\/schema\/logo\/image\/\",\"url\":\"https:\/\/cistime-fasady.sk\/wp-content\/uploads\/2024\/03\/313207521_617400896841873_42847256823662438_n.jpg\",\"contentUrl\":\"https:\/\/cistime-fasady.sk\/wp-content\/uploads\/2024\/03\/313207521_617400896841873_42847256823662438_n.jpg\",\"width\":971,\"height\":971,\"caption\":\"Valmax s.r.o.\"},\"image\":{\"@id\":\"https:\/\/cistime-fasady.sk\/#\/schema\/logo\/image\/\"},\"sameAs\":[\"https:\/\/www.facebook.com\/cisteniefasadvalmax\/\",\"https:\/\/www.instagram.com\/valmax_cisteniefasad\/\"]},{\"@type\":\"Person\",\"@id\":\"https:\/\/cistime-fasady.sk\/#\/schema\/person\/18a2e8eb3e0dbe04479779b3ac0c9865\",\"name\":\"RAKETING\",\"image\":{\"@type\":\"ImageObject\",\"inLanguage\":\"cs\",\"@id\":\"https:\/\/cistime-fasady.sk\/#\/schema\/person\/image\/\",\"url\":\"https:\/\/secure.gravatar.com\/avatar\/7c3caac6c6527a5588ed6ed3aa8a1560b2c5f42cf1b704448b0ba30756aecfbc?s=96&d=mm&r=g\",\"contentUrl\":\"https:\/\/secure.gravatar.com\/avatar\/7c3caac6c6527a5588ed6ed3aa8a1560b2c5f42cf1b704448b0ba30756aecfbc?s=96&d=mm&r=g\",\"caption\":\"RAKETING\"},\"sameAs\":[\"https:\/\/cistime-fasady.sk\"],\"url\":\"https:\/\/cistime-fasady.sk\/cz\/author\/test02\/\"}]}<\/script>\n<!-- \/ Yoast SEO plugin. -->","yoast_head_json":{"title":"N\u00e1ter fas\u00e1dy cena | \u010cist\u00edme Fas\u00e1dy","description":"Nov\u00fd n\u00e1ter fas\u00e1dy \u2013 cena sa pohybuje pribli\u017ene od 16\u20ac\/m2. Cena za profesion\u00e1lne vy\u010distenie fas\u00e1d sa pohybuje u\u017e od 3,8\u20ac\/m2.","robots":{"index":"index","follow":"follow","max-snippet":"max-snippet:-1","max-image-preview":"max-image-preview:large","max-video-preview":"max-video-preview:-1"},"canonical":"https:\/\/cistime-fasady.sk\/cz\/nater-fasady-cena\/","og_locale":"cs_CZ","og_type":"article","og_title":"N\u00e1ter fas\u00e1dy cena | \u010cist\u00edme Fas\u00e1dy","og_description":"Nov\u00fd n\u00e1ter fas\u00e1dy \u2013 cena sa pohybuje pribli\u017ene od 16\u20ac\/m2. Cena za profesion\u00e1lne vy\u010distenie fas\u00e1d sa pohybuje u\u017e od 3,8\u20ac\/m2.","og_url":"https:\/\/cistime-fasady.sk\/cz\/nater-fasady-cena\/","og_site_name":"\u010cist\u00edme Fas\u00e1dy","article_publisher":"https:\/\/www.facebook.com\/cisteniefasadvalmax\/","article_published_time":"2020-05-07T11:10:00+00:00","article_modified_time":"2024-08-13T10:35:18+00:00","og_image":[{"width":1024,"height":768,"url":"https:\/\/cistime-fasady.sk\/wp-content\/uploads\/2024\/06\/81.webp","type":"image\/jpeg"}],"author":"RAKETING","twitter_card":"summary_large_image","twitter_misc":{"Napsal(a)":"RAKETING","Odhadovan\u00e1 doba \u010dten\u00ed":"2 minuty"},"schema":{"@context":"https:\/\/schema.org","@graph":[{"@type":"Article","@id":"https:\/\/cistime-fasady.sk\/nater-fasady-cena\/#article","isPartOf":{"@id":"https:\/\/cistime-fasady.sk\/nater-fasady-cena\/"},"author":{"name":"RAKETING","@id":"https:\/\/cistime-fasady.sk\/#\/schema\/person\/18a2e8eb3e0dbe04479779b3ac0c9865"},"headline":"N\u00e1ter fas\u00e1dy cena","datePublished":"2020-05-07T11:10:00+00:00","dateModified":"2024-08-13T10:35:18+00:00","mainEntityOfPage":{"@id":"https:\/\/cistime-fasady.sk\/nater-fasady-cena\/"},"wordCount":277,"publisher":{"@id":"https:\/\/cistime-fasady.sk\/#organization"},"image":{"@id":"https:\/\/cistime-fasady.sk\/nater-fasady-cena\/#primaryimage"},"thumbnailUrl":"https:\/\/cistime-fasady.sk\/wp-content\/uploads\/2024\/06\/81.webp","articleSection":["Nezaraden\u00e9"],"inLanguage":"cs"},{"@type":"WebPage","@id":"https:\/\/cistime-fasady.sk\/nater-fasady-cena\/","url":"https:\/\/cistime-fasady.sk\/nater-fasady-cena\/","name":"N\u00e1ter fas\u00e1dy cena | \u010cist\u00edme Fas\u00e1dy","isPartOf":{"@id":"https:\/\/cistime-fasady.sk\/#website"},"primaryImageOfPage":{"@id":"https:\/\/cistime-fasady.sk\/nater-fasady-cena\/#primaryimage"},"image":{"@id":"https:\/\/cistime-fasady.sk\/nater-fasady-cena\/#primaryimage"},"thumbnailUrl":"https:\/\/cistime-fasady.sk\/wp-content\/uploads\/2024\/06\/81.webp","datePublished":"2020-05-07T11:10:00+00:00","dateModified":"2024-08-13T10:35:18+00:00","description":"Nov\u00fd n\u00e1ter fas\u00e1dy \u2013 cena sa pohybuje pribli\u017ene od 16\u20ac\/m2. Cena za profesion\u00e1lne vy\u010distenie fas\u00e1d sa pohybuje u\u017e od 3,8\u20ac\/m2.","breadcrumb":{"@id":"https:\/\/cistime-fasady.sk\/nater-fasady-cena\/#breadcrumb"},"inLanguage":"cs","potentialAction":[{"@type":"ReadAction","target":["https:\/\/cistime-fasady.sk\/nater-fasady-cena\/"]}]},{"@type":"ImageObject","inLanguage":"cs","@id":"https:\/\/cistime-fasady.sk\/nater-fasady-cena\/#primaryimage","url":"https:\/\/cistime-fasady.sk\/wp-content\/uploads\/2024\/06\/81.webp","contentUrl":"https:\/\/cistime-fasady.sk\/wp-content\/uploads\/2024\/06\/81.webp","width":1024,"height":768,"caption":"81"},{"@type":"BreadcrumbList","@id":"https:\/\/cistime-fasady.sk\/nater-fasady-cena\/#breadcrumb","itemListElement":[{"@type":"ListItem","position":1,"name":"Domovsk\u00e1 str\u00e1nka","item":"https:\/\/cistime-fasady.sk\/"},{"@type":"ListItem","position":2,"name":"N\u00e1ter fas\u00e1dy cena"}]},{"@type":"WebSite","@id":"https:\/\/cistime-fasady.sk\/#website","url":"https:\/\/cistime-fasady.sk\/","name":"\u010cist\u00edme Fas\u00e1dy","description":"Profesion\u00e1lne \u010distenie fas\u00e1d","publisher":{"@id":"https:\/\/cistime-fasady.sk\/#organization"},"alternateName":"\u010cF","potentialAction":[{"@type":"SearchAction","target":{"@type":"EntryPoint","urlTemplate":"https:\/\/cistime-fasady.sk\/?s={search_term_string}"},"query-input":"required name=search_term_string"}],"inLanguage":"cs"},{"@type":"Organization","@id":"https:\/\/cistime-fasady.sk\/#organization","name":"Valmax s.r.o.","alternateName":"Valmax s.r.o.","url":"https:\/\/cistime-fasady.sk\/","logo":{"@type":"ImageObject","inLanguage":"cs","@id":"https:\/\/cistime-fasady.sk\/#\/schema\/logo\/image\/","url":"https:\/\/cistime-fasady.sk\/wp-content\/uploads\/2024\/03\/313207521_617400896841873_42847256823662438_n.jpg","contentUrl":"https:\/\/cistime-fasady.sk\/wp-content\/uploads\/2024\/03\/313207521_617400896841873_42847256823662438_n.jpg","width":971,"height":971,"caption":"Valmax s.r.o."},"image":{"@id":"https:\/\/cistime-fasady.sk\/#\/schema\/logo\/image\/"},"sameAs":["https:\/\/www.facebook.com\/cisteniefasadvalmax\/","https:\/\/www.instagram.com\/valmax_cisteniefasad\/"]},{"@type":"Person","@id":"https:\/\/cistime-fasady.sk\/#\/schema\/person\/18a2e8eb3e0dbe04479779b3ac0c9865","name":"RAKETING","image":{"@type":"ImageObject","inLanguage":"cs","@id":"https:\/\/cistime-fasady.sk\/#\/schema\/person\/image\/","url":"https:\/\/secure.gravatar.com\/avatar\/7c3caac6c6527a5588ed6ed3aa8a1560b2c5f42cf1b704448b0ba30756aecfbc?s=96&d=mm&r=g","contentUrl":"https:\/\/secure.gravatar.com\/avatar\/7c3caac6c6527a5588ed6ed3aa8a1560b2c5f42cf1b704448b0ba30756aecfbc?s=96&d=mm&r=g","caption":"RAKETING"},"sameAs":["https:\/\/cistime-fasady.sk"],"url":"https:\/\/cistime-fasady.sk\/cz\/author\/test02\/"}]}},"_links":{"self":[{"href":"https:\/\/cistime-fasady.sk\/cz\/wp-json\/wp\/v2\/posts\/1183","targetHints":{"allow":["GET"]}}],"collection":[{"href":"https:\/\/cistime-fasady.sk\/cz\/wp-json\/wp\/v2\/posts"}],"about":[{"href":"https:\/\/cistime-fasady.sk\/cz\/wp-json\/wp\/v2\/types\/post"}],"author":[{"embeddable":true,"href":"https:\/\/cistime-fasady.sk\/cz\/wp-json\/wp\/v2\/users\/1"}],"replies":[{"embeddable":true,"href":"https:\/\/cistime-fasady.sk\/cz\/wp-json\/wp\/v2\/comments?post=1183"}],"version-history":[{"count":3,"href":"https:\/\/cistime-fasady.sk\/cz\/wp-json\/wp\/v2\/posts\/1183\/revisions"}],"predecessor-version":[{"id":1668,"href":"https:\/\/cistime-fasady.sk\/cz\/wp-json\/wp\/v2\/posts\/1183\/revisions\/1668"}],"wp:featuredmedia":[{"embeddable":true,"href":"https:\/\/cistime-fasady.sk\/cz\/wp-json\/wp\/v2\/media\/995"}],"wp:attachment":[{"href":"https:\/\/cistime-fasady.sk\/cz\/wp-json\/wp\/v2\/media?parent=1183"}],"wp:term":[{"taxonomy":"category","embeddable":true,"href":"https:\/\/cistime-fasady.sk\/cz\/wp-json\/wp\/v2\/categories?post=1183"},{"taxonomy":"post_tag","embeddable":true,"href":"https:\/\/cistime-fasady.sk\/cz\/wp-json\/wp\/v2\/tags?post=1183"}],"curies":[{"name":"wp","href":"https:\/\/api.w.org\/{rel}","templated":true}]}}