{"id":1180,"date":"2020-05-11T13:07:00","date_gmt":"2020-05-11T11:07:00","guid":{"rendered":"https:\/\/cistime-fasady.sk\/?p=1180"},"modified":"2024-08-13T12:34:47","modified_gmt":"2024-08-13T10:34:47","slug":"fasadna-farba-cena","status":"publish","type":"post","link":"https:\/\/cistime-fasady.sk\/cz\/fasadna-farba-cena\/","title":{"rendered":"Fas\u00e1dna farba cena"},"content":{"rendered":"<p><em><em>Staviate alebo rekon\u0161truujete dom a\u00a0v\u00a0r\u00e1mci pr\u00edpravy fas\u00e1dy h\u013ead\u00e1te info, ak\u00e9 s\u00fa pribli\u017en\u00e9 ceny za fas\u00e1dne farby? Alebo h\u013ead\u00e1te in\u00fa \u2013 lacnej\u0161iu alternat\u00edvu k\u00a0fas\u00e1dnym farb\u00e1m? Ak ste na niektor\u00fa z\u00a0t\u00fdchto ot\u00e1zok odpovedali \u201e\u00e1no\u201c, potom je tento \u010dl\u00e1nok ur\u010den\u00fd pr\u00e1ve v\u00e1m.<\/em><\/em><\/p>\n\n\n\n<div style=\"height:30px\" aria-hidden=\"true\" class=\"wp-block-spacer\"><\/div>\n\n\n\n<h2 class=\"wp-block-heading\"><strong><strong><strong>FAS\u00c1DNA FARBA CENA<\/strong><\/strong><\/strong><\/h2>\n\n\n\n<p>Fas\u00e1dna farba \u2013 cena za nov\u00fd fas\u00e1dny n\u00e1ter sa dnes pohybuje od 16\u20ac\/m2 a vy\u0161\u0161ie. Samozrejme, kone\u010dn\u00e1 suma z\u00e1vis\u00ed od konkr\u00e9tnej fas\u00e1dnej farby, ktor\u00fa si zvol\u00edte a\u00a0tie\u017e od toho, \u010di sa pl\u00e1nujete do nov\u00e9ho n\u00e1teru pusti\u0165 sami alebo si na to zavol\u00e1te profesion\u00e1lnu firmu. Ka\u017edop\u00e1dne, aj ke\u010f r\u00e1tame s\u00a0najni\u017e\u0161ou sumou (16\u20ac\/m2), cena nov\u00e9ho fas\u00e1dneho n\u00e1teru je naozaj vysok\u00e1.<\/p>\n\n\n\n<div style=\"height:30px\" aria-hidden=\"true\" class=\"wp-block-spacer\"><\/div>\n\n\n\n<h2 class=\"wp-block-heading\"><strong><strong>PROFESION\u00c1LNE \u010cISTENIE FAS\u00c1D CENA<\/strong><\/strong><\/h2>\n\n\n\n<p>Pr\u00e1ve z\u00a0d\u00f4vodu vysok\u00fdch finan\u010dn\u00fdch n\u00e1kladov h\u013ead\u00e1 mnoho majite\u013eov domov in\u00fa \u2013 lacnej\u0161iu alternat\u00edvu. Ak pr\u00e1ve rekon\u0161truujete star\u0161\u00ed dom alebo je len va\u0161a fas\u00e1da zne\u010disten\u00e1, odpor\u00fa\u010dame v\u00e1m zv\u00e1\u017ei\u0165\u00a0<a href=\"https:\/\/cistime-fasady.sk\/cz\/cistenie-fasad\/\">profesion\u00e1lne \u010distenie fas\u00e1d<\/a>. Cena za vy\u010distenie fas\u00e1dy sa pohybuje u\u017e od 3,8\u20ac\/m2, \u010do je oproti nov\u00e9mu n\u00e1teru obrovsk\u00fd rozdiel.<\/p>\n\n\n\n<p>Aby sme to na z\u00e1ver zhrnuli, nov\u00e1 fas\u00e1dna farba je nevyhnutn\u00e1 v\u00a0pr\u00edpade, \u017ee dom e\u0161te len staviate alebo je va\u0161a fas\u00e1da po\u0161koden\u00e1 (napr. sa odlupuje alebo sa v\u00a0nej nach\u00e1dzaj\u00fa praskliny a\u00a0trhliny). Ak v\u0161ak dom rekon\u0161truujete a\u00a0va\u0161a fas\u00e1da je iba zne\u010disten\u00e1, potom odpor\u00fa\u010dame zvoli\u0165 si finan\u010dne menej n\u00e1ro\u010dn\u00fa, no st\u00e1le ve\u013emi efekt\u00edvnu alternat\u00edvu \u2013 \u010distenie fas\u00e1d.<\/p>\n\n\n\n<div style=\"height:30px\" aria-hidden=\"true\" class=\"wp-block-spacer\"><\/div>\n\n\n\n<figure class=\"wp-block-gallery has-nested-images columns-default is-cropped wp-block-gallery-1 is-layout-flex wp-block-gallery-is-layout-flex\">\n<figure class=\"wp-block-image size-large\"><img fetchpriority=\"high\" decoding=\"async\" width=\"1024\" height=\"576\" data-id=\"997\" src=\"https:\/\/cistime-fasady.sk\/wp-content\/uploads\/2024\/06\/83.webp\" alt=\"fas\u00e1dna farba cena\" class=\"wp-image-997\" srcset=\"https:\/\/cistime-fasady.sk\/wp-content\/uploads\/2024\/06\/83.webp 1024w, https:\/\/cistime-fasady.sk\/wp-content\/uploads\/2024\/06\/83-300x169.webp 300w, https:\/\/cistime-fasady.sk\/wp-content\/uploads\/2024\/06\/83-768x432.jpg 768w\" sizes=\"(max-width: 1024px) 100vw, 1024px\" \/><\/figure>\n\n\n\n<figure class=\"wp-block-image size-large\"><img decoding=\"async\" width=\"1024\" height=\"576\" data-id=\"998\" src=\"https:\/\/cistime-fasady.sk\/wp-content\/uploads\/2024\/06\/84.webp\" alt=\"fasadna farba cena\" class=\"wp-image-998\" srcset=\"https:\/\/cistime-fasady.sk\/wp-content\/uploads\/2024\/06\/84.webp 1024w, https:\/\/cistime-fasady.sk\/wp-content\/uploads\/2024\/06\/84-300x169.webp 300w, https:\/\/cistime-fasady.sk\/wp-content\/uploads\/2024\/06\/84-768x432.webp 768w\" sizes=\"(max-width: 1024px) 100vw, 1024px\" \/><\/figure>\n<\/figure>","protected":false},"excerpt":{"rendered":"<p>Staviate alebo rekon\u0161truujete dom a\u00a0v\u00a0r\u00e1mci pr\u00edpravy fas\u00e1dy h\u013ead\u00e1te info, ak\u00e9 s\u00fa pribli\u017en\u00e9 ceny za fas\u00e1dne farby? Alebo h\u013ead\u00e1te in\u00fa \u2013 lacnej\u0161iu alternat\u00edvu k\u00a0fas\u00e1dnym farb\u00e1m? Ak ste na niektor\u00fa z\u00a0t\u00fdchto ot\u00e1zok odpovedali \u201e\u00e1no\u201c, potom je tento \u010dl\u00e1nok ur\u010den\u00fd pr\u00e1ve v\u00e1m.<\/p>","protected":false},"author":1,"featured_media":997,"comment_status":"closed","ping_status":"open","sticky":false,"template":"","format":"standard","meta":{"footnotes":""},"categories":[1],"tags":[],"class_list":["post-1180","post","type-post","status-publish","format-standard","has-post-thumbnail","hentry","category-nezaradene"],"yoast_head":"<!-- This site is optimized with the Yoast SEO plugin v23.1 - https:\/\/yoast.com\/wordpress\/plugins\/seo\/ -->\n<title>Fas\u00e1dna farba cena | \u010cist\u00edme Fas\u00e1dy<\/title>\n<meta name=\"description\" content=\"Fas\u00e1dna farba \u2013 cena za nov\u00fd fas\u00e1dny n\u00e1ter sa dnes pohybuje od 16\u20ac\/m2 a vy\u0161\u0161ie. Cena za vy\u010distenie fas\u00e1dy sa pohybuje u\u017e od 3,8\u20ac\/m2.\" \/>\n<meta name=\"robots\" content=\"index, follow, max-snippet:-1, max-image-preview:large, max-video-preview:-1\" \/>\n<link rel=\"canonical\" href=\"https:\/\/cistime-fasady.sk\/cz\/fasadna-farba-cena\/\" \/>\n<meta property=\"og:locale\" content=\"cs_CZ\" \/>\n<meta property=\"og:type\" content=\"article\" \/>\n<meta property=\"og:title\" content=\"Fas\u00e1dna farba cena | \u010cist\u00edme Fas\u00e1dy\" \/>\n<meta property=\"og:description\" content=\"Fas\u00e1dna farba \u2013 cena za nov\u00fd fas\u00e1dny n\u00e1ter sa dnes pohybuje od 16\u20ac\/m2 a vy\u0161\u0161ie. Cena za vy\u010distenie fas\u00e1dy sa pohybuje u\u017e od 3,8\u20ac\/m2.\" \/>\n<meta property=\"og:url\" content=\"https:\/\/cistime-fasady.sk\/cz\/fasadna-farba-cena\/\" \/>\n<meta property=\"og:site_name\" content=\"\u010cist\u00edme Fas\u00e1dy\" \/>\n<meta property=\"article:publisher\" content=\"https:\/\/www.facebook.com\/cisteniefasadvalmax\/\" \/>\n<meta property=\"article:published_time\" content=\"2020-05-11T11:07:00+00:00\" \/>\n<meta property=\"article:modified_time\" content=\"2024-08-13T10:34:47+00:00\" \/>\n<meta property=\"og:image\" content=\"https:\/\/cistime-fasady.sk\/wp-content\/uploads\/2024\/06\/83.webp\" \/>\n\t<meta property=\"og:image:width\" content=\"1024\" \/>\n\t<meta property=\"og:image:height\" content=\"576\" \/>\n\t<meta property=\"og:image:type\" content=\"image\/jpeg\" \/>\n<meta name=\"author\" content=\"RAKETING\" \/>\n<meta name=\"twitter:card\" content=\"summary_large_image\" \/>\n<meta name=\"twitter:label1\" content=\"Napsal(a)\" \/>\n\t<meta name=\"twitter:data1\" content=\"RAKETING\" \/>\n\t<meta name=\"twitter:label2\" content=\"Odhadovan\u00e1 doba \u010dten\u00ed\" \/>\n\t<meta name=\"twitter:data2\" content=\"2 minuty\" \/>\n<script type=\"application\/ld+json\" class=\"yoast-schema-graph\">{\"@context\":\"https:\/\/schema.org\",\"@graph\":[{\"@type\":\"Article\",\"@id\":\"https:\/\/cistime-fasady.sk\/fasadna-farba-cena\/#article\",\"isPartOf\":{\"@id\":\"https:\/\/cistime-fasady.sk\/fasadna-farba-cena\/\"},\"author\":{\"name\":\"RAKETING\",\"@id\":\"https:\/\/cistime-fasady.sk\/#\/schema\/person\/18a2e8eb3e0dbe04479779b3ac0c9865\"},\"headline\":\"Fas\u00e1dna farba cena\",\"datePublished\":\"2020-05-11T11:07:00+00:00\",\"dateModified\":\"2024-08-13T10:34:47+00:00\",\"mainEntityOfPage\":{\"@id\":\"https:\/\/cistime-fasady.sk\/fasadna-farba-cena\/\"},\"wordCount\":306,\"publisher\":{\"@id\":\"https:\/\/cistime-fasady.sk\/#organization\"},\"image\":{\"@id\":\"https:\/\/cistime-fasady.sk\/fasadna-farba-cena\/#primaryimage\"},\"thumbnailUrl\":\"https:\/\/cistime-fasady.sk\/wp-content\/uploads\/2024\/06\/83.webp\",\"articleSection\":[\"Nezaraden\u00e9\"],\"inLanguage\":\"cs\"},{\"@type\":\"WebPage\",\"@id\":\"https:\/\/cistime-fasady.sk\/fasadna-farba-cena\/\",\"url\":\"https:\/\/cistime-fasady.sk\/fasadna-farba-cena\/\",\"name\":\"Fas\u00e1dna farba cena | \u010cist\u00edme Fas\u00e1dy\",\"isPartOf\":{\"@id\":\"https:\/\/cistime-fasady.sk\/#website\"},\"primaryImageOfPage\":{\"@id\":\"https:\/\/cistime-fasady.sk\/fasadna-farba-cena\/#primaryimage\"},\"image\":{\"@id\":\"https:\/\/cistime-fasady.sk\/fasadna-farba-cena\/#primaryimage\"},\"thumbnailUrl\":\"https:\/\/cistime-fasady.sk\/wp-content\/uploads\/2024\/06\/83.webp\",\"datePublished\":\"2020-05-11T11:07:00+00:00\",\"dateModified\":\"2024-08-13T10:34:47+00:00\",\"description\":\"Fas\u00e1dna farba \u2013 cena za nov\u00fd fas\u00e1dny n\u00e1ter sa dnes pohybuje od 16\u20ac\/m2 a vy\u0161\u0161ie. Cena za vy\u010distenie fas\u00e1dy sa pohybuje u\u017e od 3,8\u20ac\/m2.\",\"breadcrumb\":{\"@id\":\"https:\/\/cistime-fasady.sk\/fasadna-farba-cena\/#breadcrumb\"},\"inLanguage\":\"cs\",\"potentialAction\":[{\"@type\":\"ReadAction\",\"target\":[\"https:\/\/cistime-fasady.sk\/fasadna-farba-cena\/\"]}]},{\"@type\":\"ImageObject\",\"inLanguage\":\"cs\",\"@id\":\"https:\/\/cistime-fasady.sk\/fasadna-farba-cena\/#primaryimage\",\"url\":\"https:\/\/cistime-fasady.sk\/wp-content\/uploads\/2024\/06\/83.webp\",\"contentUrl\":\"https:\/\/cistime-fasady.sk\/wp-content\/uploads\/2024\/06\/83.webp\",\"width\":1024,\"height\":576,\"caption\":\"83\"},{\"@type\":\"BreadcrumbList\",\"@id\":\"https:\/\/cistime-fasady.sk\/fasadna-farba-cena\/#breadcrumb\",\"itemListElement\":[{\"@type\":\"ListItem\",\"position\":1,\"name\":\"Domovsk\u00e1 str\u00e1nka\",\"item\":\"https:\/\/cistime-fasady.sk\/\"},{\"@type\":\"ListItem\",\"position\":2,\"name\":\"Fas\u00e1dna farba cena\"}]},{\"@type\":\"WebSite\",\"@id\":\"https:\/\/cistime-fasady.sk\/#website\",\"url\":\"https:\/\/cistime-fasady.sk\/\",\"name\":\"\u010cist\u00edme Fas\u00e1dy\",\"description\":\"Profesion\u00e1lne \u010distenie fas\u00e1d\",\"publisher\":{\"@id\":\"https:\/\/cistime-fasady.sk\/#organization\"},\"alternateName\":\"\u010cF\",\"potentialAction\":[{\"@type\":\"SearchAction\",\"target\":{\"@type\":\"EntryPoint\",\"urlTemplate\":\"https:\/\/cistime-fasady.sk\/?s={search_term_string}\"},\"query-input\":\"required name=search_term_string\"}],\"inLanguage\":\"cs\"},{\"@type\":\"Organization\",\"@id\":\"https:\/\/cistime-fasady.sk\/#organization\",\"name\":\"Valmax s.r.o.\",\"alternateName\":\"Valmax s.r.o.\",\"url\":\"https:\/\/cistime-fasady.sk\/\",\"logo\":{\"@type\":\"ImageObject\",\"inLanguage\":\"cs\",\"@id\":\"https:\/\/cistime-fasady.sk\/#\/schema\/logo\/image\/\",\"url\":\"https:\/\/cistime-fasady.sk\/wp-content\/uploads\/2024\/03\/313207521_617400896841873_42847256823662438_n.jpg\",\"contentUrl\":\"https:\/\/cistime-fasady.sk\/wp-content\/uploads\/2024\/03\/313207521_617400896841873_42847256823662438_n.jpg\",\"width\":971,\"height\":971,\"caption\":\"Valmax s.r.o.\"},\"image\":{\"@id\":\"https:\/\/cistime-fasady.sk\/#\/schema\/logo\/image\/\"},\"sameAs\":[\"https:\/\/www.facebook.com\/cisteniefasadvalmax\/\",\"https:\/\/www.instagram.com\/valmax_cisteniefasad\/\"]},{\"@type\":\"Person\",\"@id\":\"https:\/\/cistime-fasady.sk\/#\/schema\/person\/18a2e8eb3e0dbe04479779b3ac0c9865\",\"name\":\"RAKETING\",\"image\":{\"@type\":\"ImageObject\",\"inLanguage\":\"cs\",\"@id\":\"https:\/\/cistime-fasady.sk\/#\/schema\/person\/image\/\",\"url\":\"https:\/\/secure.gravatar.com\/avatar\/7c3caac6c6527a5588ed6ed3aa8a1560b2c5f42cf1b704448b0ba30756aecfbc?s=96&d=mm&r=g\",\"contentUrl\":\"https:\/\/secure.gravatar.com\/avatar\/7c3caac6c6527a5588ed6ed3aa8a1560b2c5f42cf1b704448b0ba30756aecfbc?s=96&d=mm&r=g\",\"caption\":\"RAKETING\"},\"sameAs\":[\"https:\/\/cistime-fasady.sk\"],\"url\":\"https:\/\/cistime-fasady.sk\/cz\/author\/test02\/\"}]}<\/script>\n<!-- \/ Yoast SEO plugin. -->","yoast_head_json":{"title":"Fas\u00e1dna farba cena | \u010cist\u00edme Fas\u00e1dy","description":"Fas\u00e1dna farba \u2013 cena za nov\u00fd fas\u00e1dny n\u00e1ter sa dnes pohybuje od 16\u20ac\/m2 a vy\u0161\u0161ie. Cena za vy\u010distenie fas\u00e1dy sa pohybuje u\u017e od 3,8\u20ac\/m2.","robots":{"index":"index","follow":"follow","max-snippet":"max-snippet:-1","max-image-preview":"max-image-preview:large","max-video-preview":"max-video-preview:-1"},"canonical":"https:\/\/cistime-fasady.sk\/cz\/fasadna-farba-cena\/","og_locale":"cs_CZ","og_type":"article","og_title":"Fas\u00e1dna farba cena | \u010cist\u00edme Fas\u00e1dy","og_description":"Fas\u00e1dna farba \u2013 cena za nov\u00fd fas\u00e1dny n\u00e1ter sa dnes pohybuje od 16\u20ac\/m2 a vy\u0161\u0161ie. Cena za vy\u010distenie fas\u00e1dy sa pohybuje u\u017e od 3,8\u20ac\/m2.","og_url":"https:\/\/cistime-fasady.sk\/cz\/fasadna-farba-cena\/","og_site_name":"\u010cist\u00edme Fas\u00e1dy","article_publisher":"https:\/\/www.facebook.com\/cisteniefasadvalmax\/","article_published_time":"2020-05-11T11:07:00+00:00","article_modified_time":"2024-08-13T10:34:47+00:00","og_image":[{"width":1024,"height":576,"url":"https:\/\/cistime-fasady.sk\/wp-content\/uploads\/2024\/06\/83.webp","type":"image\/jpeg"}],"author":"RAKETING","twitter_card":"summary_large_image","twitter_misc":{"Napsal(a)":"RAKETING","Odhadovan\u00e1 doba \u010dten\u00ed":"2 minuty"},"schema":{"@context":"https:\/\/schema.org","@graph":[{"@type":"Article","@id":"https:\/\/cistime-fasady.sk\/fasadna-farba-cena\/#article","isPartOf":{"@id":"https:\/\/cistime-fasady.sk\/fasadna-farba-cena\/"},"author":{"name":"RAKETING","@id":"https:\/\/cistime-fasady.sk\/#\/schema\/person\/18a2e8eb3e0dbe04479779b3ac0c9865"},"headline":"Fas\u00e1dna farba cena","datePublished":"2020-05-11T11:07:00+00:00","dateModified":"2024-08-13T10:34:47+00:00","mainEntityOfPage":{"@id":"https:\/\/cistime-fasady.sk\/fasadna-farba-cena\/"},"wordCount":306,"publisher":{"@id":"https:\/\/cistime-fasady.sk\/#organization"},"image":{"@id":"https:\/\/cistime-fasady.sk\/fasadna-farba-cena\/#primaryimage"},"thumbnailUrl":"https:\/\/cistime-fasady.sk\/wp-content\/uploads\/2024\/06\/83.webp","articleSection":["Nezaraden\u00e9"],"inLanguage":"cs"},{"@type":"WebPage","@id":"https:\/\/cistime-fasady.sk\/fasadna-farba-cena\/","url":"https:\/\/cistime-fasady.sk\/fasadna-farba-cena\/","name":"Fas\u00e1dna farba cena | \u010cist\u00edme Fas\u00e1dy","isPartOf":{"@id":"https:\/\/cistime-fasady.sk\/#website"},"primaryImageOfPage":{"@id":"https:\/\/cistime-fasady.sk\/fasadna-farba-cena\/#primaryimage"},"image":{"@id":"https:\/\/cistime-fasady.sk\/fasadna-farba-cena\/#primaryimage"},"thumbnailUrl":"https:\/\/cistime-fasady.sk\/wp-content\/uploads\/2024\/06\/83.webp","datePublished":"2020-05-11T11:07:00+00:00","dateModified":"2024-08-13T10:34:47+00:00","description":"Fas\u00e1dna farba \u2013 cena za nov\u00fd fas\u00e1dny n\u00e1ter sa dnes pohybuje od 16\u20ac\/m2 a vy\u0161\u0161ie. Cena za vy\u010distenie fas\u00e1dy sa pohybuje u\u017e od 3,8\u20ac\/m2.","breadcrumb":{"@id":"https:\/\/cistime-fasady.sk\/fasadna-farba-cena\/#breadcrumb"},"inLanguage":"cs","potentialAction":[{"@type":"ReadAction","target":["https:\/\/cistime-fasady.sk\/fasadna-farba-cena\/"]}]},{"@type":"ImageObject","inLanguage":"cs","@id":"https:\/\/cistime-fasady.sk\/fasadna-farba-cena\/#primaryimage","url":"https:\/\/cistime-fasady.sk\/wp-content\/uploads\/2024\/06\/83.webp","contentUrl":"https:\/\/cistime-fasady.sk\/wp-content\/uploads\/2024\/06\/83.webp","width":1024,"height":576,"caption":"83"},{"@type":"BreadcrumbList","@id":"https:\/\/cistime-fasady.sk\/fasadna-farba-cena\/#breadcrumb","itemListElement":[{"@type":"ListItem","position":1,"name":"Domovsk\u00e1 str\u00e1nka","item":"https:\/\/cistime-fasady.sk\/"},{"@type":"ListItem","position":2,"name":"Fas\u00e1dna farba cena"}]},{"@type":"WebSite","@id":"https:\/\/cistime-fasady.sk\/#website","url":"https:\/\/cistime-fasady.sk\/","name":"\u010cist\u00edme Fas\u00e1dy","description":"Profesion\u00e1lne \u010distenie fas\u00e1d","publisher":{"@id":"https:\/\/cistime-fasady.sk\/#organization"},"alternateName":"\u010cF","potentialAction":[{"@type":"SearchAction","target":{"@type":"EntryPoint","urlTemplate":"https:\/\/cistime-fasady.sk\/?s={search_term_string}"},"query-input":"required name=search_term_string"}],"inLanguage":"cs"},{"@type":"Organization","@id":"https:\/\/cistime-fasady.sk\/#organization","name":"Valmax s.r.o.","alternateName":"Valmax s.r.o.","url":"https:\/\/cistime-fasady.sk\/","logo":{"@type":"ImageObject","inLanguage":"cs","@id":"https:\/\/cistime-fasady.sk\/#\/schema\/logo\/image\/","url":"https:\/\/cistime-fasady.sk\/wp-content\/uploads\/2024\/03\/313207521_617400896841873_42847256823662438_n.jpg","contentUrl":"https:\/\/cistime-fasady.sk\/wp-content\/uploads\/2024\/03\/313207521_617400896841873_42847256823662438_n.jpg","width":971,"height":971,"caption":"Valmax s.r.o."},"image":{"@id":"https:\/\/cistime-fasady.sk\/#\/schema\/logo\/image\/"},"sameAs":["https:\/\/www.facebook.com\/cisteniefasadvalmax\/","https:\/\/www.instagram.com\/valmax_cisteniefasad\/"]},{"@type":"Person","@id":"https:\/\/cistime-fasady.sk\/#\/schema\/person\/18a2e8eb3e0dbe04479779b3ac0c9865","name":"RAKETING","image":{"@type":"ImageObject","inLanguage":"cs","@id":"https:\/\/cistime-fasady.sk\/#\/schema\/person\/image\/","url":"https:\/\/secure.gravatar.com\/avatar\/7c3caac6c6527a5588ed6ed3aa8a1560b2c5f42cf1b704448b0ba30756aecfbc?s=96&d=mm&r=g","contentUrl":"https:\/\/secure.gravatar.com\/avatar\/7c3caac6c6527a5588ed6ed3aa8a1560b2c5f42cf1b704448b0ba30756aecfbc?s=96&d=mm&r=g","caption":"RAKETING"},"sameAs":["https:\/\/cistime-fasady.sk"],"url":"https:\/\/cistime-fasady.sk\/cz\/author\/test02\/"}]}},"_links":{"self":[{"href":"https:\/\/cistime-fasady.sk\/cz\/wp-json\/wp\/v2\/posts\/1180","targetHints":{"allow":["GET"]}}],"collection":[{"href":"https:\/\/cistime-fasady.sk\/cz\/wp-json\/wp\/v2\/posts"}],"about":[{"href":"https:\/\/cistime-fasady.sk\/cz\/wp-json\/wp\/v2\/types\/post"}],"author":[{"embeddable":true,"href":"https:\/\/cistime-fasady.sk\/cz\/wp-json\/wp\/v2\/users\/1"}],"replies":[{"embeddable":true,"href":"https:\/\/cistime-fasady.sk\/cz\/wp-json\/wp\/v2\/comments?post=1180"}],"version-history":[{"count":4,"href":"https:\/\/cistime-fasady.sk\/cz\/wp-json\/wp\/v2\/posts\/1180\/revisions"}],"predecessor-version":[{"id":1662,"href":"https:\/\/cistime-fasady.sk\/cz\/wp-json\/wp\/v2\/posts\/1180\/revisions\/1662"}],"wp:featuredmedia":[{"embeddable":true,"href":"https:\/\/cistime-fasady.sk\/cz\/wp-json\/wp\/v2\/media\/997"}],"wp:attachment":[{"href":"https:\/\/cistime-fasady.sk\/cz\/wp-json\/wp\/v2\/media?parent=1180"}],"wp:term":[{"taxonomy":"category","embeddable":true,"href":"https:\/\/cistime-fasady.sk\/cz\/wp-json\/wp\/v2\/categories?post=1180"},{"taxonomy":"post_tag","embeddable":true,"href":"https:\/\/cistime-fasady.sk\/cz\/wp-json\/wp\/v2\/tags?post=1180"}],"curies":[{"name":"wp","href":"https:\/\/api.w.org\/{rel}","templated":true}]}}