{"id":1173,"date":"2020-05-23T18:22:00","date_gmt":"2020-05-23T16:22:00","guid":{"rendered":"https:\/\/cistime-fasady.sk\/?p=1173"},"modified":"2024-08-13T12:32:43","modified_gmt":"2024-08-13T10:32:43","slug":"najlacnejsie-fasadne-omietky","status":"publish","type":"post","link":"https:\/\/cistime-fasady.sk\/cz\/najlacnejsie-fasadne-omietky\/","title":{"rendered":"Najlacnej\u0161ie fas\u00e1dne omietky"},"content":{"rendered":"<p><em>Pri stavbe alebo rekon\u0161trukcii domu je jednou z\u00a0najv\u00e4\u010d\u0161\u00edch polo\u017eiek pr\u00e1ve fas\u00e1dna omietka. Niet preto divu, \u017ee mno\u017estvo majite\u013eov h\u013ead\u00e1 najlacnej\u0161ie fas\u00e1dne omietky na trhu, aby u\u0161etrili aspo\u0148 \u010das\u0165 nemal\u00fdch n\u00e1kladov. V\u00a0na\u0161om \u010dl\u00e1nku sa dozviete v\u00a0ak\u00fdch cenov\u00fdch rel\u00e1ci\u00e1ch sa pohybuj\u00fa tie\u00a0<strong><em>najlacnej\u0161ie fas\u00e1dne omietky<\/em><\/strong>. Ale prezrad\u00edme v\u00e1m, \u017ee existuje dokonca e\u0161te lacnej\u0161ia alternat\u00edva. Ak ste teda zvedav\u00fd, \u010d\u00edtajte \u010falej.<\/em><\/p>\n\n\n\n<div style=\"height:30px\" aria-hidden=\"true\" class=\"wp-block-spacer\"><\/div>\n\n\n\n<h2 class=\"wp-block-heading\"><strong><strong>CENA ZA NAJLACNEJ\u0160IE FAS\u00c1DNE OMIETKY<\/strong><\/strong><\/h2>\n\n\n\n<p>Nebudete teda dlho chodi\u0165 okolo hor\u00facej ka\u0161e. Urobili sme si men\u0161\u00ed prieskum na trhu a\u00a0aktu\u00e1lne sa cena za najlacnej\u0161ie fas\u00e1dne omietky pohybuje okolo 16 eur za meter \u0161tvorcov\u00fd. Treba v\u0161ak myslie\u0165 na to, \u017ee kone\u010dn\u00e1 suma bude z\u00e1visie\u0165 od vami preferovanej fas\u00e1dnej farby, od jej kvality a\u00a0tie\u017e od toho, \u010di sa do novej fas\u00e1dnej omietky pust\u00edte sami, alebo si zavol\u00e1te na pomoc profesion\u00e1lnu firmu.<\/p>\n\n\n\n<div style=\"height:30px\" aria-hidden=\"true\" class=\"wp-block-spacer\"><\/div>\n\n\n\n<h2 class=\"wp-block-heading\"><strong><strong>LACNEJ\u0160IA ALTERNAT\u00cdVA V\u00a0PODOBE \u010cISTENIA FAS\u00c1DY<\/strong><\/strong><\/h2>\n\n\n\n<p>Ak staviate \u00faplne nov\u00fd dom, samozrejme, nem\u00e1te na v\u00fdber a&nbsp;do novej fas\u00e1dy jednoducho mus\u00edte investova\u0165. Ak v\u0161ak dom iba rekon\u0161truujete, existuje aj lacnej\u0161ie rie\u0161enie ako \u201enajlacnej\u0161ie fas\u00e1dne omietky\u201c. My v\u00e1m pon\u00fakame profesion\u00e1lne \u010distenie fas\u00e1d. Cena za tak\u00e9to \u010distenie fas\u00e1dy sa pohybuje u\u017e od 3,8 eura za meter \u0161tvorcov\u00fd, \u010do je teda obrovsk\u00fd rozdiel aj oproti tej najlacnej\u0161ej fas\u00e1dnej omietke. Jedin\u00e9, na \u010do si treba d\u00e1va\u0165 pozor je to, aby vo va\u0161ej aktu\u00e1lnej fas\u00e1de neboli \u017eiadne v\u00e4\u010d\u0161ie trhliny ani praskliny.<\/p>\n\n\n\n<p>Ak chcete zisti\u0165 viac o&nbsp;mo\u017enostiach vy\u010distenia va\u0161ej fas\u00e1dy,&nbsp;<a href=\"https:\/\/cistime-fasady.sk\/cz\/kontakt\/\">nev\u00e1hajte n\u00e1s kontaktova\u0165<\/a>.<\/p>\n\n\n\n<div style=\"height:30px\" aria-hidden=\"true\" class=\"wp-block-spacer\"><\/div>\n\n\n\n<figure class=\"wp-block-gallery has-nested-images columns-default is-cropped wp-block-gallery-1 is-layout-flex wp-block-gallery-is-layout-flex\">\n<figure class=\"wp-block-image size-large\"><img fetchpriority=\"high\" decoding=\"async\" width=\"1024\" height=\"768\" data-id=\"1001\" src=\"https:\/\/cistime-fasady.sk\/wp-content\/uploads\/2024\/06\/87.webp\" alt=\"najlacnej\u0161ie fas\u00e1dne omietky\" class=\"wp-image-1001\" srcset=\"https:\/\/cistime-fasady.sk\/wp-content\/uploads\/2024\/06\/87.webp 1024w, https:\/\/cistime-fasady.sk\/wp-content\/uploads\/2024\/06\/87-300x225.webp 300w, https:\/\/cistime-fasady.sk\/wp-content\/uploads\/2024\/06\/87-768x576.webp 768w\" sizes=\"(max-width: 1024px) 100vw, 1024px\" \/><\/figure>\n\n\n\n<figure class=\"wp-block-image size-large\"><img decoding=\"async\" width=\"1024\" height=\"768\" data-id=\"1002\" src=\"https:\/\/cistime-fasady.sk\/wp-content\/uploads\/2024\/06\/88.webp\" alt=\"najlacnejsie fasadne omietky\" class=\"wp-image-1002\" srcset=\"https:\/\/cistime-fasady.sk\/wp-content\/uploads\/2024\/06\/88.webp 1024w, https:\/\/cistime-fasady.sk\/wp-content\/uploads\/2024\/06\/88-300x225.webp 300w, https:\/\/cistime-fasady.sk\/wp-content\/uploads\/2024\/06\/88-768x576.webp 768w\" sizes=\"(max-width: 1024px) 100vw, 1024px\" \/><\/figure>\n<\/figure>","protected":false},"excerpt":{"rendered":"<p>Pri stavbe alebo rekon\u0161trukcii domu je jednou z\u00a0najv\u00e4\u010d\u0161\u00edch polo\u017eiek pr\u00e1ve fas\u00e1dna omietka. Niet preto divu, \u017ee mno\u017estvo majite\u013eov h\u013ead\u00e1 najlacnej\u0161ie fas\u00e1dne omietky na trhu, aby u\u0161etrili aspo\u0148 \u010das\u0165 nemal\u00fdch n\u00e1kladov. V\u00a0na\u0161om \u010dl\u00e1nku sa dozviete v\u00a0ak\u00fdch cenov\u00fdch rel\u00e1ci\u00e1ch sa pohybuj\u00fa tie\u00a0najlacnej\u0161ie fas\u00e1dne omietky. Ale prezrad\u00edme v\u00e1m, \u017ee existuje dokonca e\u0161te lacnej\u0161ia alternat\u00edva. Ak ste teda zvedav\u00fd, \u010d\u00edtajte \u010falej.<\/p>","protected":false},"author":1,"featured_media":1001,"comment_status":"closed","ping_status":"open","sticky":false,"template":"","format":"standard","meta":{"footnotes":""},"categories":[1],"tags":[],"class_list":["post-1173","post","type-post","status-publish","format-standard","has-post-thumbnail","hentry","category-nezaradene"],"yoast_head":"<!-- This site is optimized with the Yoast SEO plugin v23.1 - https:\/\/yoast.com\/wordpress\/plugins\/seo\/ -->\n<title>Najlacnej\u0161ie fas\u00e1dne omietky | \u010cist\u00edme Fas\u00e1dy<\/title>\n<meta name=\"description\" content=\"V\u00a0\u010dl\u00e1nku sa dozviete, v\u00a0ak\u00fdch cen\u00e1ch sa pohybuj\u00fa najlacnej\u0161ie fas\u00e1dne omietky, ale prezrad\u00edme v\u00e1m, ak\u00e1 e\u0161te lacnej\u0161ia alternat\u00edva existuje.\" \/>\n<meta name=\"robots\" content=\"index, follow, max-snippet:-1, max-image-preview:large, max-video-preview:-1\" \/>\n<link rel=\"canonical\" href=\"https:\/\/cistime-fasady.sk\/cz\/najlacnejsie-fasadne-omietky\/\" \/>\n<meta property=\"og:locale\" content=\"cs_CZ\" \/>\n<meta property=\"og:type\" content=\"article\" \/>\n<meta property=\"og:title\" content=\"Najlacnej\u0161ie fas\u00e1dne omietky | \u010cist\u00edme Fas\u00e1dy\" \/>\n<meta property=\"og:description\" content=\"V\u00a0\u010dl\u00e1nku sa dozviete, v\u00a0ak\u00fdch cen\u00e1ch sa pohybuj\u00fa najlacnej\u0161ie fas\u00e1dne omietky, ale prezrad\u00edme v\u00e1m, ak\u00e1 e\u0161te lacnej\u0161ia alternat\u00edva existuje.\" \/>\n<meta property=\"og:url\" content=\"https:\/\/cistime-fasady.sk\/cz\/najlacnejsie-fasadne-omietky\/\" \/>\n<meta property=\"og:site_name\" content=\"\u010cist\u00edme Fas\u00e1dy\" \/>\n<meta property=\"article:publisher\" content=\"https:\/\/www.facebook.com\/cisteniefasadvalmax\/\" \/>\n<meta property=\"article:published_time\" content=\"2020-05-23T16:22:00+00:00\" \/>\n<meta property=\"article:modified_time\" content=\"2024-08-13T10:32:43+00:00\" \/>\n<meta property=\"og:image\" content=\"https:\/\/cistime-fasady.sk\/wp-content\/uploads\/2024\/06\/87.webp\" \/>\n\t<meta property=\"og:image:width\" content=\"1024\" \/>\n\t<meta property=\"og:image:height\" content=\"768\" \/>\n\t<meta property=\"og:image:type\" content=\"image\/jpeg\" \/>\n<meta name=\"author\" content=\"RAKETING\" \/>\n<meta name=\"twitter:card\" content=\"summary_large_image\" \/>\n<meta name=\"twitter:label1\" content=\"Napsal(a)\" \/>\n\t<meta name=\"twitter:data1\" content=\"RAKETING\" \/>\n\t<meta name=\"twitter:label2\" content=\"Odhadovan\u00e1 doba \u010dten\u00ed\" \/>\n\t<meta name=\"twitter:data2\" content=\"2 minuty\" \/>\n<script type=\"application\/ld+json\" class=\"yoast-schema-graph\">{\"@context\":\"https:\/\/schema.org\",\"@graph\":[{\"@type\":\"Article\",\"@id\":\"https:\/\/cistime-fasady.sk\/najlacnejsie-fasadne-omietky\/#article\",\"isPartOf\":{\"@id\":\"https:\/\/cistime-fasady.sk\/najlacnejsie-fasadne-omietky\/\"},\"author\":{\"name\":\"RAKETING\",\"@id\":\"https:\/\/cistime-fasady.sk\/#\/schema\/person\/18a2e8eb3e0dbe04479779b3ac0c9865\"},\"headline\":\"Najlacnej\u0161ie fas\u00e1dne omietky\",\"datePublished\":\"2020-05-23T16:22:00+00:00\",\"dateModified\":\"2024-08-13T10:32:43+00:00\",\"mainEntityOfPage\":{\"@id\":\"https:\/\/cistime-fasady.sk\/najlacnejsie-fasadne-omietky\/\"},\"wordCount\":309,\"publisher\":{\"@id\":\"https:\/\/cistime-fasady.sk\/#organization\"},\"image\":{\"@id\":\"https:\/\/cistime-fasady.sk\/najlacnejsie-fasadne-omietky\/#primaryimage\"},\"thumbnailUrl\":\"https:\/\/cistime-fasady.sk\/wp-content\/uploads\/2024\/06\/87.webp\",\"articleSection\":[\"Nezaraden\u00e9\"],\"inLanguage\":\"cs\"},{\"@type\":\"WebPage\",\"@id\":\"https:\/\/cistime-fasady.sk\/najlacnejsie-fasadne-omietky\/\",\"url\":\"https:\/\/cistime-fasady.sk\/najlacnejsie-fasadne-omietky\/\",\"name\":\"Najlacnej\u0161ie fas\u00e1dne omietky | \u010cist\u00edme Fas\u00e1dy\",\"isPartOf\":{\"@id\":\"https:\/\/cistime-fasady.sk\/#website\"},\"primaryImageOfPage\":{\"@id\":\"https:\/\/cistime-fasady.sk\/najlacnejsie-fasadne-omietky\/#primaryimage\"},\"image\":{\"@id\":\"https:\/\/cistime-fasady.sk\/najlacnejsie-fasadne-omietky\/#primaryimage\"},\"thumbnailUrl\":\"https:\/\/cistime-fasady.sk\/wp-content\/uploads\/2024\/06\/87.webp\",\"datePublished\":\"2020-05-23T16:22:00+00:00\",\"dateModified\":\"2024-08-13T10:32:43+00:00\",\"description\":\"V\u00a0\u010dl\u00e1nku sa dozviete, v\u00a0ak\u00fdch cen\u00e1ch sa pohybuj\u00fa najlacnej\u0161ie fas\u00e1dne omietky, ale prezrad\u00edme v\u00e1m, ak\u00e1 e\u0161te lacnej\u0161ia alternat\u00edva existuje.\",\"breadcrumb\":{\"@id\":\"https:\/\/cistime-fasady.sk\/najlacnejsie-fasadne-omietky\/#breadcrumb\"},\"inLanguage\":\"cs\",\"potentialAction\":[{\"@type\":\"ReadAction\",\"target\":[\"https:\/\/cistime-fasady.sk\/najlacnejsie-fasadne-omietky\/\"]}]},{\"@type\":\"ImageObject\",\"inLanguage\":\"cs\",\"@id\":\"https:\/\/cistime-fasady.sk\/najlacnejsie-fasadne-omietky\/#primaryimage\",\"url\":\"https:\/\/cistime-fasady.sk\/wp-content\/uploads\/2024\/06\/87.webp\",\"contentUrl\":\"https:\/\/cistime-fasady.sk\/wp-content\/uploads\/2024\/06\/87.webp\",\"width\":1024,\"height\":768,\"caption\":\"87\"},{\"@type\":\"BreadcrumbList\",\"@id\":\"https:\/\/cistime-fasady.sk\/najlacnejsie-fasadne-omietky\/#breadcrumb\",\"itemListElement\":[{\"@type\":\"ListItem\",\"position\":1,\"name\":\"Domovsk\u00e1 str\u00e1nka\",\"item\":\"https:\/\/cistime-fasady.sk\/\"},{\"@type\":\"ListItem\",\"position\":2,\"name\":\"Najlacnej\u0161ie fas\u00e1dne omietky\"}]},{\"@type\":\"WebSite\",\"@id\":\"https:\/\/cistime-fasady.sk\/#website\",\"url\":\"https:\/\/cistime-fasady.sk\/\",\"name\":\"\u010cist\u00edme Fas\u00e1dy\",\"description\":\"Profesion\u00e1lne \u010distenie fas\u00e1d\",\"publisher\":{\"@id\":\"https:\/\/cistime-fasady.sk\/#organization\"},\"alternateName\":\"\u010cF\",\"potentialAction\":[{\"@type\":\"SearchAction\",\"target\":{\"@type\":\"EntryPoint\",\"urlTemplate\":\"https:\/\/cistime-fasady.sk\/?s={search_term_string}\"},\"query-input\":\"required name=search_term_string\"}],\"inLanguage\":\"cs\"},{\"@type\":\"Organization\",\"@id\":\"https:\/\/cistime-fasady.sk\/#organization\",\"name\":\"Valmax s.r.o.\",\"alternateName\":\"Valmax s.r.o.\",\"url\":\"https:\/\/cistime-fasady.sk\/\",\"logo\":{\"@type\":\"ImageObject\",\"inLanguage\":\"cs\",\"@id\":\"https:\/\/cistime-fasady.sk\/#\/schema\/logo\/image\/\",\"url\":\"https:\/\/cistime-fasady.sk\/wp-content\/uploads\/2024\/03\/313207521_617400896841873_42847256823662438_n.jpg\",\"contentUrl\":\"https:\/\/cistime-fasady.sk\/wp-content\/uploads\/2024\/03\/313207521_617400896841873_42847256823662438_n.jpg\",\"width\":971,\"height\":971,\"caption\":\"Valmax s.r.o.\"},\"image\":{\"@id\":\"https:\/\/cistime-fasady.sk\/#\/schema\/logo\/image\/\"},\"sameAs\":[\"https:\/\/www.facebook.com\/cisteniefasadvalmax\/\",\"https:\/\/www.instagram.com\/valmax_cisteniefasad\/\"]},{\"@type\":\"Person\",\"@id\":\"https:\/\/cistime-fasady.sk\/#\/schema\/person\/18a2e8eb3e0dbe04479779b3ac0c9865\",\"name\":\"RAKETING\",\"image\":{\"@type\":\"ImageObject\",\"inLanguage\":\"cs\",\"@id\":\"https:\/\/cistime-fasady.sk\/#\/schema\/person\/image\/\",\"url\":\"https:\/\/secure.gravatar.com\/avatar\/7c3caac6c6527a5588ed6ed3aa8a1560b2c5f42cf1b704448b0ba30756aecfbc?s=96&d=mm&r=g\",\"contentUrl\":\"https:\/\/secure.gravatar.com\/avatar\/7c3caac6c6527a5588ed6ed3aa8a1560b2c5f42cf1b704448b0ba30756aecfbc?s=96&d=mm&r=g\",\"caption\":\"RAKETING\"},\"sameAs\":[\"https:\/\/cistime-fasady.sk\"],\"url\":\"https:\/\/cistime-fasady.sk\/cz\/author\/test02\/\"}]}<\/script>\n<!-- \/ Yoast SEO plugin. -->","yoast_head_json":{"title":"Najlacnej\u0161ie fas\u00e1dne omietky | \u010cist\u00edme Fas\u00e1dy","description":"V\u00a0\u010dl\u00e1nku sa dozviete, v\u00a0ak\u00fdch cen\u00e1ch sa pohybuj\u00fa najlacnej\u0161ie fas\u00e1dne omietky, ale prezrad\u00edme v\u00e1m, ak\u00e1 e\u0161te lacnej\u0161ia alternat\u00edva existuje.","robots":{"index":"index","follow":"follow","max-snippet":"max-snippet:-1","max-image-preview":"max-image-preview:large","max-video-preview":"max-video-preview:-1"},"canonical":"https:\/\/cistime-fasady.sk\/cz\/najlacnejsie-fasadne-omietky\/","og_locale":"cs_CZ","og_type":"article","og_title":"Najlacnej\u0161ie fas\u00e1dne omietky | \u010cist\u00edme Fas\u00e1dy","og_description":"V\u00a0\u010dl\u00e1nku sa dozviete, v\u00a0ak\u00fdch cen\u00e1ch sa pohybuj\u00fa najlacnej\u0161ie fas\u00e1dne omietky, ale prezrad\u00edme v\u00e1m, ak\u00e1 e\u0161te lacnej\u0161ia alternat\u00edva existuje.","og_url":"https:\/\/cistime-fasady.sk\/cz\/najlacnejsie-fasadne-omietky\/","og_site_name":"\u010cist\u00edme Fas\u00e1dy","article_publisher":"https:\/\/www.facebook.com\/cisteniefasadvalmax\/","article_published_time":"2020-05-23T16:22:00+00:00","article_modified_time":"2024-08-13T10:32:43+00:00","og_image":[{"width":1024,"height":768,"url":"https:\/\/cistime-fasady.sk\/wp-content\/uploads\/2024\/06\/87.webp","type":"image\/jpeg"}],"author":"RAKETING","twitter_card":"summary_large_image","twitter_misc":{"Napsal(a)":"RAKETING","Odhadovan\u00e1 doba \u010dten\u00ed":"2 minuty"},"schema":{"@context":"https:\/\/schema.org","@graph":[{"@type":"Article","@id":"https:\/\/cistime-fasady.sk\/najlacnejsie-fasadne-omietky\/#article","isPartOf":{"@id":"https:\/\/cistime-fasady.sk\/najlacnejsie-fasadne-omietky\/"},"author":{"name":"RAKETING","@id":"https:\/\/cistime-fasady.sk\/#\/schema\/person\/18a2e8eb3e0dbe04479779b3ac0c9865"},"headline":"Najlacnej\u0161ie fas\u00e1dne omietky","datePublished":"2020-05-23T16:22:00+00:00","dateModified":"2024-08-13T10:32:43+00:00","mainEntityOfPage":{"@id":"https:\/\/cistime-fasady.sk\/najlacnejsie-fasadne-omietky\/"},"wordCount":309,"publisher":{"@id":"https:\/\/cistime-fasady.sk\/#organization"},"image":{"@id":"https:\/\/cistime-fasady.sk\/najlacnejsie-fasadne-omietky\/#primaryimage"},"thumbnailUrl":"https:\/\/cistime-fasady.sk\/wp-content\/uploads\/2024\/06\/87.webp","articleSection":["Nezaraden\u00e9"],"inLanguage":"cs"},{"@type":"WebPage","@id":"https:\/\/cistime-fasady.sk\/najlacnejsie-fasadne-omietky\/","url":"https:\/\/cistime-fasady.sk\/najlacnejsie-fasadne-omietky\/","name":"Najlacnej\u0161ie fas\u00e1dne omietky | \u010cist\u00edme Fas\u00e1dy","isPartOf":{"@id":"https:\/\/cistime-fasady.sk\/#website"},"primaryImageOfPage":{"@id":"https:\/\/cistime-fasady.sk\/najlacnejsie-fasadne-omietky\/#primaryimage"},"image":{"@id":"https:\/\/cistime-fasady.sk\/najlacnejsie-fasadne-omietky\/#primaryimage"},"thumbnailUrl":"https:\/\/cistime-fasady.sk\/wp-content\/uploads\/2024\/06\/87.webp","datePublished":"2020-05-23T16:22:00+00:00","dateModified":"2024-08-13T10:32:43+00:00","description":"V\u00a0\u010dl\u00e1nku sa dozviete, v\u00a0ak\u00fdch cen\u00e1ch sa pohybuj\u00fa najlacnej\u0161ie fas\u00e1dne omietky, ale prezrad\u00edme v\u00e1m, ak\u00e1 e\u0161te lacnej\u0161ia alternat\u00edva existuje.","breadcrumb":{"@id":"https:\/\/cistime-fasady.sk\/najlacnejsie-fasadne-omietky\/#breadcrumb"},"inLanguage":"cs","potentialAction":[{"@type":"ReadAction","target":["https:\/\/cistime-fasady.sk\/najlacnejsie-fasadne-omietky\/"]}]},{"@type":"ImageObject","inLanguage":"cs","@id":"https:\/\/cistime-fasady.sk\/najlacnejsie-fasadne-omietky\/#primaryimage","url":"https:\/\/cistime-fasady.sk\/wp-content\/uploads\/2024\/06\/87.webp","contentUrl":"https:\/\/cistime-fasady.sk\/wp-content\/uploads\/2024\/06\/87.webp","width":1024,"height":768,"caption":"87"},{"@type":"BreadcrumbList","@id":"https:\/\/cistime-fasady.sk\/najlacnejsie-fasadne-omietky\/#breadcrumb","itemListElement":[{"@type":"ListItem","position":1,"name":"Domovsk\u00e1 str\u00e1nka","item":"https:\/\/cistime-fasady.sk\/"},{"@type":"ListItem","position":2,"name":"Najlacnej\u0161ie fas\u00e1dne omietky"}]},{"@type":"WebSite","@id":"https:\/\/cistime-fasady.sk\/#website","url":"https:\/\/cistime-fasady.sk\/","name":"\u010cist\u00edme Fas\u00e1dy","description":"Profesion\u00e1lne \u010distenie fas\u00e1d","publisher":{"@id":"https:\/\/cistime-fasady.sk\/#organization"},"alternateName":"\u010cF","potentialAction":[{"@type":"SearchAction","target":{"@type":"EntryPoint","urlTemplate":"https:\/\/cistime-fasady.sk\/?s={search_term_string}"},"query-input":"required name=search_term_string"}],"inLanguage":"cs"},{"@type":"Organization","@id":"https:\/\/cistime-fasady.sk\/#organization","name":"Valmax s.r.o.","alternateName":"Valmax s.r.o.","url":"https:\/\/cistime-fasady.sk\/","logo":{"@type":"ImageObject","inLanguage":"cs","@id":"https:\/\/cistime-fasady.sk\/#\/schema\/logo\/image\/","url":"https:\/\/cistime-fasady.sk\/wp-content\/uploads\/2024\/03\/313207521_617400896841873_42847256823662438_n.jpg","contentUrl":"https:\/\/cistime-fasady.sk\/wp-content\/uploads\/2024\/03\/313207521_617400896841873_42847256823662438_n.jpg","width":971,"height":971,"caption":"Valmax s.r.o."},"image":{"@id":"https:\/\/cistime-fasady.sk\/#\/schema\/logo\/image\/"},"sameAs":["https:\/\/www.facebook.com\/cisteniefasadvalmax\/","https:\/\/www.instagram.com\/valmax_cisteniefasad\/"]},{"@type":"Person","@id":"https:\/\/cistime-fasady.sk\/#\/schema\/person\/18a2e8eb3e0dbe04479779b3ac0c9865","name":"RAKETING","image":{"@type":"ImageObject","inLanguage":"cs","@id":"https:\/\/cistime-fasady.sk\/#\/schema\/person\/image\/","url":"https:\/\/secure.gravatar.com\/avatar\/7c3caac6c6527a5588ed6ed3aa8a1560b2c5f42cf1b704448b0ba30756aecfbc?s=96&d=mm&r=g","contentUrl":"https:\/\/secure.gravatar.com\/avatar\/7c3caac6c6527a5588ed6ed3aa8a1560b2c5f42cf1b704448b0ba30756aecfbc?s=96&d=mm&r=g","caption":"RAKETING"},"sameAs":["https:\/\/cistime-fasady.sk"],"url":"https:\/\/cistime-fasady.sk\/cz\/author\/test02\/"}]}},"_links":{"self":[{"href":"https:\/\/cistime-fasady.sk\/cz\/wp-json\/wp\/v2\/posts\/1173","targetHints":{"allow":["GET"]}}],"collection":[{"href":"https:\/\/cistime-fasady.sk\/cz\/wp-json\/wp\/v2\/posts"}],"about":[{"href":"https:\/\/cistime-fasady.sk\/cz\/wp-json\/wp\/v2\/types\/post"}],"author":[{"embeddable":true,"href":"https:\/\/cistime-fasady.sk\/cz\/wp-json\/wp\/v2\/users\/1"}],"replies":[{"embeddable":true,"href":"https:\/\/cistime-fasady.sk\/cz\/wp-json\/wp\/v2\/comments?post=1173"}],"version-history":[{"count":3,"href":"https:\/\/cistime-fasady.sk\/cz\/wp-json\/wp\/v2\/posts\/1173\/revisions"}],"predecessor-version":[{"id":1650,"href":"https:\/\/cistime-fasady.sk\/cz\/wp-json\/wp\/v2\/posts\/1173\/revisions\/1650"}],"wp:featuredmedia":[{"embeddable":true,"href":"https:\/\/cistime-fasady.sk\/cz\/wp-json\/wp\/v2\/media\/1001"}],"wp:attachment":[{"href":"https:\/\/cistime-fasady.sk\/cz\/wp-json\/wp\/v2\/media?parent=1173"}],"wp:term":[{"taxonomy":"category","embeddable":true,"href":"https:\/\/cistime-fasady.sk\/cz\/wp-json\/wp\/v2\/categories?post=1173"},{"taxonomy":"post_tag","embeddable":true,"href":"https:\/\/cistime-fasady.sk\/cz\/wp-json\/wp\/v2\/tags?post=1173"}],"curies":[{"name":"wp","href":"https:\/\/api.w.org\/{rel}","templated":true}]}}