{"id":1163,"date":"2020-06-07T17:52:00","date_gmt":"2020-06-07T15:52:00","guid":{"rendered":"https:\/\/cistime-fasady.sk\/?p=1163"},"modified":"2024-06-19T17:59:43","modified_gmt":"2024-06-19T15:59:43","slug":"akrylatova-omietka-cena","status":"publish","type":"post","link":"https:\/\/cistime-fasady.sk\/cz\/akrylatova-omietka-cena\/","title":{"rendered":"Akryl\u00e1tov\u00e1 omietka cena"},"content":{"rendered":"<p><em>Pri v\u00fdbere novej fas\u00e1dy sa majitelia domov zv\u00e4\u010d\u0161a rozhoduj\u00fa medzi dvoma druhmi fas\u00e1d, a\u00a0to konkr\u00e9tne medzi akryl\u00e1tovou a\u00a0silik\u00f3novou omietkou. Ka\u017ed\u00e1 z\u00a0nich m\u00e1 svoje v\u00fdhody aj nev\u00fdhody, o\u00a0ktor\u00fdch si povieme viac v\u00a0tomto \u010dl\u00e1nku. Okrem v\u00fdhod a\u00a0nev\u00fdhod m\u00f4\u017ee v\u0161ak u\u00a0majite\u013eov zav\u00e1\u017ei\u0165 aj cena.\u00a0V<\/em> <em>tomto smere m\u00e1 jednozna\u010dne prvenstvo akryl\u00e1tov\u00e1 omietka, ktorej cena je v\u00fdrazne ni\u017e\u0161ia ne\u017e pri silik\u00f3novej omietke.<\/em><\/p>\n\n\n\n<div style=\"height:30px\" aria-hidden=\"true\" class=\"wp-block-spacer\"><\/div>\n\n\n\n<h2 class=\"wp-block-heading\"><strong><strong>AKRYL\u00c1TOV\u00c1 OMIETKA CENA \u2013 OPLAT\u00cd SA TO?<\/strong><\/strong><\/h2>\n\n\n\n<p>Ako sme u\u017e spom\u00ednali, cena akryl\u00e1tovej omietky je ove\u013ea v\u00fdhodnej\u0161ia, ne\u017e cena silik\u00f3novej omietky. Hlavn\u00fdm d\u00f4vodom ni\u017e\u0161ej ceny v\u0161ak je, \u017ee tento typ omietky nem\u00f4\u017eete pou\u017ei\u0165 kdeko\u013evek. Akryl\u00e1tov\u00fa omietku by ste nemali aplikova\u0165 napr\u00edklad na murivo s&nbsp;vysokou paropriepustnos\u0165ou alebo na zateplenie s&nbsp;miner\u00e1lnou vlnou.<\/p>\n\n\n\n<p>\u010eal\u0161ou nev\u00fdhodou m\u00f4\u017ee by\u0165 aj to, \u017ee povrch akryl\u00e1tovej omietky doslova pri\u0165ahuje \u010dastice prachu. Je to kv\u00f4li svojmu elektrostatick\u00e9mu n\u00e1boju, a\u00a0preto sa tieto omietky r\u00fdchlo zne\u010distia. Toto je v\u0161ak vec, ktor\u00fa dok\u00e1\u017eete jednoducho vyrie\u0161i\u0165 pravideln\u00fdm\u00a0<a href=\"https:\/\/cistime-fasady.sk\/cz\/cistenie-fasad\/\">\u010disten\u00edm fas\u00e1dy<\/a>.<\/p>\n\n\n\n<p>Samozrejme, akryl\u00e1tov\u00e1 omietka m\u00e1 aj svoje nesporn\u00e9 v\u00fdhody. T\u00fdmi s\u00fa napr\u00edklad vysok\u00e1 odolnos\u0165 vo\u010di poveternostn\u00fdm vplyvom a\u00a0u\u017e viackr\u00e1t spom\u00ednan\u00e1 ni\u017e\u0161ia cena. Tie\u017e je potrebn\u00e9 doda\u0165, \u017ee ak chcete ma\u0165 svoju fas\u00e1du v\u00a0tmav\u0161\u00edch, s\u00fdtej\u0161\u00edch a\u00a0v\u00fdraznej\u0161\u00edch odtie\u0148och, mus\u00edte siahnu\u0165 pr\u00e1ve po tomto type omietky. Pri silik\u00f3nov\u00fdch omietkach v\u00e1m toti\u017eto samotn\u00e9 ich zlo\u017eenie nedovol\u00ed t\u00f3novanie do s\u00fdtej\u0161\u00edch farieb.<\/p>\n\n\n\n<p>Ak sa teda pr\u00e1ve aj vy rozhodujete medzi akryl\u00e1tovou a&nbsp;silik\u00f3novou fas\u00e1dou, zv\u00e1\u017ete si v\u0161etky pre a&nbsp;proti a&nbsp;vyberte si t\u00fa najvhodnej\u0161iu fas\u00e1du pre v\u00e1\u0161 dom.<\/p>\n\n\n\n<div style=\"height:30px\" aria-hidden=\"true\" class=\"wp-block-spacer\"><\/div>\n\n\n\n<figure class=\"wp-block-gallery has-nested-images columns-default is-cropped wp-block-gallery-1 is-layout-flex wp-block-gallery-is-layout-flex\">\n<figure class=\"wp-block-image size-large\"><img fetchpriority=\"high\" decoding=\"async\" width=\"1024\" height=\"768\" data-id=\"919\" src=\"https:\/\/cistime-fasady.sk\/wp-content\/uploads\/2024\/06\/03.jpeg\" alt=\"akryl\u00e1tov\u00e1 omietka cena\" class=\"wp-image-919\" srcset=\"https:\/\/cistime-fasady.sk\/wp-content\/uploads\/2024\/06\/03.jpeg 1024w, https:\/\/cistime-fasady.sk\/wp-content\/uploads\/2024\/06\/03-300x225.jpeg 300w, https:\/\/cistime-fasady.sk\/wp-content\/uploads\/2024\/06\/03-768x576.jpeg 768w\" sizes=\"(max-width: 1024px) 100vw, 1024px\" \/><\/figure>\n\n\n\n<figure class=\"wp-block-image size-large\"><img decoding=\"async\" width=\"1024\" height=\"768\" data-id=\"920\" src=\"https:\/\/cistime-fasady.sk\/wp-content\/uploads\/2024\/06\/04.jpeg\" alt=\"akrylatova omietka cena\" class=\"wp-image-920\" srcset=\"https:\/\/cistime-fasady.sk\/wp-content\/uploads\/2024\/06\/04.jpeg 1024w, https:\/\/cistime-fasady.sk\/wp-content\/uploads\/2024\/06\/04-300x225.jpeg 300w, https:\/\/cistime-fasady.sk\/wp-content\/uploads\/2024\/06\/04-768x576.jpeg 768w\" sizes=\"(max-width: 1024px) 100vw, 1024px\" \/><\/figure>\n<\/figure>","protected":false},"excerpt":{"rendered":"<p>Pri v\u00fdbere novej fas\u00e1dy sa majitelia domov zv\u00e4\u010d\u0161a rozhoduj\u00fa medzi dvoma druhmi fas\u00e1d, a\u00a0to konkr\u00e9tne medzi akryl\u00e1tovou a\u00a0silik\u00f3novou omietkou. Ka\u017ed\u00e1 z\u00a0nich m\u00e1 svoje v\u00fdhody aj nev\u00fdhody, o\u00a0ktor\u00fdch si povieme viac v\u00a0tomto \u010dl\u00e1nku. Okrem v\u00fdhod a\u00a0nev\u00fdhod m\u00f4\u017ee v\u0161ak u\u00a0majite\u013eov zav\u00e1\u017ei\u0165 aj cena.\u00a0V tomto smere m\u00e1 jednozna\u010dne prvenstvo akryl\u00e1tov\u00e1 omietka, ktorej cena je v\u00fdrazne ni\u017e\u0161ia ne\u017e pri silik\u00f3novej omietke.<\/p>","protected":false},"author":1,"featured_media":919,"comment_status":"closed","ping_status":"open","sticky":false,"template":"","format":"standard","meta":{"footnotes":""},"categories":[1],"tags":[],"class_list":["post-1163","post","type-post","status-publish","format-standard","has-post-thumbnail","hentry","category-nezaradene"],"yoast_head":"<!-- This site is optimized with the Yoast SEO plugin v23.1 - https:\/\/yoast.com\/wordpress\/plugins\/seo\/ -->\n<title>Akryl\u00e1tov\u00e1 omietka cena | \u010cist\u00edme Fas\u00e1dy<\/title>\n<meta name=\"description\" content=\"Akryl\u00e1tov\u00e1 omietka - cena je ove\u013ea v\u00fdhodnej\u0161ia, ne\u017e cena silik\u00f3novej omietky. Ak\u00e9 s\u00fa v\u0161ak jej in\u00e9 v\u00fdhody a hlavne nev\u00fdhody?\" \/>\n<meta name=\"robots\" content=\"index, follow, max-snippet:-1, max-image-preview:large, max-video-preview:-1\" \/>\n<link rel=\"canonical\" href=\"https:\/\/cistime-fasady.sk\/cz\/akrylatova-omietka-cena\/\" \/>\n<meta property=\"og:locale\" content=\"cs_CZ\" \/>\n<meta property=\"og:type\" content=\"article\" \/>\n<meta property=\"og:title\" content=\"Akryl\u00e1tov\u00e1 omietka cena | \u010cist\u00edme Fas\u00e1dy\" \/>\n<meta property=\"og:description\" content=\"Akryl\u00e1tov\u00e1 omietka - cena je ove\u013ea v\u00fdhodnej\u0161ia, ne\u017e cena silik\u00f3novej omietky. Ak\u00e9 s\u00fa v\u0161ak jej in\u00e9 v\u00fdhody a hlavne nev\u00fdhody?\" \/>\n<meta property=\"og:url\" content=\"https:\/\/cistime-fasady.sk\/cz\/akrylatova-omietka-cena\/\" \/>\n<meta property=\"og:site_name\" content=\"\u010cist\u00edme Fas\u00e1dy\" \/>\n<meta property=\"article:publisher\" content=\"https:\/\/www.facebook.com\/cisteniefasadvalmax\/\" \/>\n<meta property=\"article:published_time\" content=\"2020-06-07T15:52:00+00:00\" \/>\n<meta property=\"article:modified_time\" content=\"2024-06-19T15:59:43+00:00\" \/>\n<meta property=\"og:image\" content=\"https:\/\/cistime-fasady.sk\/wp-content\/uploads\/2024\/06\/03.jpeg\" \/>\n\t<meta property=\"og:image:width\" content=\"1024\" \/>\n\t<meta property=\"og:image:height\" content=\"768\" \/>\n\t<meta property=\"og:image:type\" content=\"image\/jpeg\" \/>\n<meta name=\"author\" content=\"RAKETING\" \/>\n<meta name=\"twitter:card\" content=\"summary_large_image\" \/>\n<meta name=\"twitter:label1\" content=\"Napsal(a)\" \/>\n\t<meta name=\"twitter:data1\" content=\"RAKETING\" \/>\n\t<meta name=\"twitter:label2\" content=\"Odhadovan\u00e1 doba \u010dten\u00ed\" \/>\n\t<meta name=\"twitter:data2\" content=\"2 minuty\" \/>\n<script type=\"application\/ld+json\" class=\"yoast-schema-graph\">{\"@context\":\"https:\/\/schema.org\",\"@graph\":[{\"@type\":\"Article\",\"@id\":\"https:\/\/cistime-fasady.sk\/akrylatova-omietka-cena\/#article\",\"isPartOf\":{\"@id\":\"https:\/\/cistime-fasady.sk\/akrylatova-omietka-cena\/\"},\"author\":{\"name\":\"RAKETING\",\"@id\":\"https:\/\/cistime-fasady.sk\/#\/schema\/person\/18a2e8eb3e0dbe04479779b3ac0c9865\"},\"headline\":\"Akryl\u00e1tov\u00e1 omietka cena\",\"datePublished\":\"2020-06-07T15:52:00+00:00\",\"dateModified\":\"2024-06-19T15:59:43+00:00\",\"mainEntityOfPage\":{\"@id\":\"https:\/\/cistime-fasady.sk\/akrylatova-omietka-cena\/\"},\"wordCount\":339,\"publisher\":{\"@id\":\"https:\/\/cistime-fasady.sk\/#organization\"},\"image\":{\"@id\":\"https:\/\/cistime-fasady.sk\/akrylatova-omietka-cena\/#primaryimage\"},\"thumbnailUrl\":\"https:\/\/cistime-fasady.sk\/wp-content\/uploads\/2024\/06\/03.jpeg\",\"articleSection\":[\"Nezaraden\u00e9\"],\"inLanguage\":\"cs\"},{\"@type\":\"WebPage\",\"@id\":\"https:\/\/cistime-fasady.sk\/akrylatova-omietka-cena\/\",\"url\":\"https:\/\/cistime-fasady.sk\/akrylatova-omietka-cena\/\",\"name\":\"Akryl\u00e1tov\u00e1 omietka cena | \u010cist\u00edme Fas\u00e1dy\",\"isPartOf\":{\"@id\":\"https:\/\/cistime-fasady.sk\/#website\"},\"primaryImageOfPage\":{\"@id\":\"https:\/\/cistime-fasady.sk\/akrylatova-omietka-cena\/#primaryimage\"},\"image\":{\"@id\":\"https:\/\/cistime-fasady.sk\/akrylatova-omietka-cena\/#primaryimage\"},\"thumbnailUrl\":\"https:\/\/cistime-fasady.sk\/wp-content\/uploads\/2024\/06\/03.jpeg\",\"datePublished\":\"2020-06-07T15:52:00+00:00\",\"dateModified\":\"2024-06-19T15:59:43+00:00\",\"description\":\"Akryl\u00e1tov\u00e1 omietka - cena je ove\u013ea v\u00fdhodnej\u0161ia, ne\u017e cena silik\u00f3novej omietky. Ak\u00e9 s\u00fa v\u0161ak jej in\u00e9 v\u00fdhody a hlavne nev\u00fdhody?\",\"breadcrumb\":{\"@id\":\"https:\/\/cistime-fasady.sk\/akrylatova-omietka-cena\/#breadcrumb\"},\"inLanguage\":\"cs\",\"potentialAction\":[{\"@type\":\"ReadAction\",\"target\":[\"https:\/\/cistime-fasady.sk\/akrylatova-omietka-cena\/\"]}]},{\"@type\":\"ImageObject\",\"inLanguage\":\"cs\",\"@id\":\"https:\/\/cistime-fasady.sk\/akrylatova-omietka-cena\/#primaryimage\",\"url\":\"https:\/\/cistime-fasady.sk\/wp-content\/uploads\/2024\/06\/03.jpeg\",\"contentUrl\":\"https:\/\/cistime-fasady.sk\/wp-content\/uploads\/2024\/06\/03.jpeg\",\"width\":1024,\"height\":768,\"caption\":\"03\"},{\"@type\":\"BreadcrumbList\",\"@id\":\"https:\/\/cistime-fasady.sk\/akrylatova-omietka-cena\/#breadcrumb\",\"itemListElement\":[{\"@type\":\"ListItem\",\"position\":1,\"name\":\"Domovsk\u00e1 str\u00e1nka\",\"item\":\"https:\/\/cistime-fasady.sk\/\"},{\"@type\":\"ListItem\",\"position\":2,\"name\":\"Akryl\u00e1tov\u00e1 omietka cena\"}]},{\"@type\":\"WebSite\",\"@id\":\"https:\/\/cistime-fasady.sk\/#website\",\"url\":\"https:\/\/cistime-fasady.sk\/\",\"name\":\"\u010cist\u00edme Fas\u00e1dy\",\"description\":\"Profesion\u00e1lne \u010distenie fas\u00e1d\",\"publisher\":{\"@id\":\"https:\/\/cistime-fasady.sk\/#organization\"},\"alternateName\":\"\u010cF\",\"potentialAction\":[{\"@type\":\"SearchAction\",\"target\":{\"@type\":\"EntryPoint\",\"urlTemplate\":\"https:\/\/cistime-fasady.sk\/?s={search_term_string}\"},\"query-input\":\"required name=search_term_string\"}],\"inLanguage\":\"cs\"},{\"@type\":\"Organization\",\"@id\":\"https:\/\/cistime-fasady.sk\/#organization\",\"name\":\"Valmax s.r.o.\",\"alternateName\":\"Valmax s.r.o.\",\"url\":\"https:\/\/cistime-fasady.sk\/\",\"logo\":{\"@type\":\"ImageObject\",\"inLanguage\":\"cs\",\"@id\":\"https:\/\/cistime-fasady.sk\/#\/schema\/logo\/image\/\",\"url\":\"https:\/\/cistime-fasady.sk\/wp-content\/uploads\/2024\/03\/313207521_617400896841873_42847256823662438_n.jpg\",\"contentUrl\":\"https:\/\/cistime-fasady.sk\/wp-content\/uploads\/2024\/03\/313207521_617400896841873_42847256823662438_n.jpg\",\"width\":971,\"height\":971,\"caption\":\"Valmax s.r.o.\"},\"image\":{\"@id\":\"https:\/\/cistime-fasady.sk\/#\/schema\/logo\/image\/\"},\"sameAs\":[\"https:\/\/www.facebook.com\/cisteniefasadvalmax\/\",\"https:\/\/www.instagram.com\/valmax_cisteniefasad\/\"]},{\"@type\":\"Person\",\"@id\":\"https:\/\/cistime-fasady.sk\/#\/schema\/person\/18a2e8eb3e0dbe04479779b3ac0c9865\",\"name\":\"RAKETING\",\"image\":{\"@type\":\"ImageObject\",\"inLanguage\":\"cs\",\"@id\":\"https:\/\/cistime-fasady.sk\/#\/schema\/person\/image\/\",\"url\":\"https:\/\/secure.gravatar.com\/avatar\/7c3caac6c6527a5588ed6ed3aa8a1560b2c5f42cf1b704448b0ba30756aecfbc?s=96&d=mm&r=g\",\"contentUrl\":\"https:\/\/secure.gravatar.com\/avatar\/7c3caac6c6527a5588ed6ed3aa8a1560b2c5f42cf1b704448b0ba30756aecfbc?s=96&d=mm&r=g\",\"caption\":\"RAKETING\"},\"sameAs\":[\"https:\/\/cistime-fasady.sk\"],\"url\":\"https:\/\/cistime-fasady.sk\/cz\/author\/test02\/\"}]}<\/script>\n<!-- \/ Yoast SEO plugin. -->","yoast_head_json":{"title":"Akryl\u00e1tov\u00e1 omietka cena | \u010cist\u00edme Fas\u00e1dy","description":"Akryl\u00e1tov\u00e1 omietka - cena je ove\u013ea v\u00fdhodnej\u0161ia, ne\u017e cena silik\u00f3novej omietky. Ak\u00e9 s\u00fa v\u0161ak jej in\u00e9 v\u00fdhody a hlavne nev\u00fdhody?","robots":{"index":"index","follow":"follow","max-snippet":"max-snippet:-1","max-image-preview":"max-image-preview:large","max-video-preview":"max-video-preview:-1"},"canonical":"https:\/\/cistime-fasady.sk\/cz\/akrylatova-omietka-cena\/","og_locale":"cs_CZ","og_type":"article","og_title":"Akryl\u00e1tov\u00e1 omietka cena | \u010cist\u00edme Fas\u00e1dy","og_description":"Akryl\u00e1tov\u00e1 omietka - cena je ove\u013ea v\u00fdhodnej\u0161ia, ne\u017e cena silik\u00f3novej omietky. Ak\u00e9 s\u00fa v\u0161ak jej in\u00e9 v\u00fdhody a hlavne nev\u00fdhody?","og_url":"https:\/\/cistime-fasady.sk\/cz\/akrylatova-omietka-cena\/","og_site_name":"\u010cist\u00edme Fas\u00e1dy","article_publisher":"https:\/\/www.facebook.com\/cisteniefasadvalmax\/","article_published_time":"2020-06-07T15:52:00+00:00","article_modified_time":"2024-06-19T15:59:43+00:00","og_image":[{"width":1024,"height":768,"url":"https:\/\/cistime-fasady.sk\/wp-content\/uploads\/2024\/06\/03.jpeg","type":"image\/jpeg"}],"author":"RAKETING","twitter_card":"summary_large_image","twitter_misc":{"Napsal(a)":"RAKETING","Odhadovan\u00e1 doba \u010dten\u00ed":"2 minuty"},"schema":{"@context":"https:\/\/schema.org","@graph":[{"@type":"Article","@id":"https:\/\/cistime-fasady.sk\/akrylatova-omietka-cena\/#article","isPartOf":{"@id":"https:\/\/cistime-fasady.sk\/akrylatova-omietka-cena\/"},"author":{"name":"RAKETING","@id":"https:\/\/cistime-fasady.sk\/#\/schema\/person\/18a2e8eb3e0dbe04479779b3ac0c9865"},"headline":"Akryl\u00e1tov\u00e1 omietka cena","datePublished":"2020-06-07T15:52:00+00:00","dateModified":"2024-06-19T15:59:43+00:00","mainEntityOfPage":{"@id":"https:\/\/cistime-fasady.sk\/akrylatova-omietka-cena\/"},"wordCount":339,"publisher":{"@id":"https:\/\/cistime-fasady.sk\/#organization"},"image":{"@id":"https:\/\/cistime-fasady.sk\/akrylatova-omietka-cena\/#primaryimage"},"thumbnailUrl":"https:\/\/cistime-fasady.sk\/wp-content\/uploads\/2024\/06\/03.jpeg","articleSection":["Nezaraden\u00e9"],"inLanguage":"cs"},{"@type":"WebPage","@id":"https:\/\/cistime-fasady.sk\/akrylatova-omietka-cena\/","url":"https:\/\/cistime-fasady.sk\/akrylatova-omietka-cena\/","name":"Akryl\u00e1tov\u00e1 omietka cena | \u010cist\u00edme Fas\u00e1dy","isPartOf":{"@id":"https:\/\/cistime-fasady.sk\/#website"},"primaryImageOfPage":{"@id":"https:\/\/cistime-fasady.sk\/akrylatova-omietka-cena\/#primaryimage"},"image":{"@id":"https:\/\/cistime-fasady.sk\/akrylatova-omietka-cena\/#primaryimage"},"thumbnailUrl":"https:\/\/cistime-fasady.sk\/wp-content\/uploads\/2024\/06\/03.jpeg","datePublished":"2020-06-07T15:52:00+00:00","dateModified":"2024-06-19T15:59:43+00:00","description":"Akryl\u00e1tov\u00e1 omietka - cena je ove\u013ea v\u00fdhodnej\u0161ia, ne\u017e cena silik\u00f3novej omietky. Ak\u00e9 s\u00fa v\u0161ak jej in\u00e9 v\u00fdhody a hlavne nev\u00fdhody?","breadcrumb":{"@id":"https:\/\/cistime-fasady.sk\/akrylatova-omietka-cena\/#breadcrumb"},"inLanguage":"cs","potentialAction":[{"@type":"ReadAction","target":["https:\/\/cistime-fasady.sk\/akrylatova-omietka-cena\/"]}]},{"@type":"ImageObject","inLanguage":"cs","@id":"https:\/\/cistime-fasady.sk\/akrylatova-omietka-cena\/#primaryimage","url":"https:\/\/cistime-fasady.sk\/wp-content\/uploads\/2024\/06\/03.jpeg","contentUrl":"https:\/\/cistime-fasady.sk\/wp-content\/uploads\/2024\/06\/03.jpeg","width":1024,"height":768,"caption":"03"},{"@type":"BreadcrumbList","@id":"https:\/\/cistime-fasady.sk\/akrylatova-omietka-cena\/#breadcrumb","itemListElement":[{"@type":"ListItem","position":1,"name":"Domovsk\u00e1 str\u00e1nka","item":"https:\/\/cistime-fasady.sk\/"},{"@type":"ListItem","position":2,"name":"Akryl\u00e1tov\u00e1 omietka cena"}]},{"@type":"WebSite","@id":"https:\/\/cistime-fasady.sk\/#website","url":"https:\/\/cistime-fasady.sk\/","name":"\u010cist\u00edme Fas\u00e1dy","description":"Profesion\u00e1lne \u010distenie fas\u00e1d","publisher":{"@id":"https:\/\/cistime-fasady.sk\/#organization"},"alternateName":"\u010cF","potentialAction":[{"@type":"SearchAction","target":{"@type":"EntryPoint","urlTemplate":"https:\/\/cistime-fasady.sk\/?s={search_term_string}"},"query-input":"required name=search_term_string"}],"inLanguage":"cs"},{"@type":"Organization","@id":"https:\/\/cistime-fasady.sk\/#organization","name":"Valmax s.r.o.","alternateName":"Valmax s.r.o.","url":"https:\/\/cistime-fasady.sk\/","logo":{"@type":"ImageObject","inLanguage":"cs","@id":"https:\/\/cistime-fasady.sk\/#\/schema\/logo\/image\/","url":"https:\/\/cistime-fasady.sk\/wp-content\/uploads\/2024\/03\/313207521_617400896841873_42847256823662438_n.jpg","contentUrl":"https:\/\/cistime-fasady.sk\/wp-content\/uploads\/2024\/03\/313207521_617400896841873_42847256823662438_n.jpg","width":971,"height":971,"caption":"Valmax s.r.o."},"image":{"@id":"https:\/\/cistime-fasady.sk\/#\/schema\/logo\/image\/"},"sameAs":["https:\/\/www.facebook.com\/cisteniefasadvalmax\/","https:\/\/www.instagram.com\/valmax_cisteniefasad\/"]},{"@type":"Person","@id":"https:\/\/cistime-fasady.sk\/#\/schema\/person\/18a2e8eb3e0dbe04479779b3ac0c9865","name":"RAKETING","image":{"@type":"ImageObject","inLanguage":"cs","@id":"https:\/\/cistime-fasady.sk\/#\/schema\/person\/image\/","url":"https:\/\/secure.gravatar.com\/avatar\/7c3caac6c6527a5588ed6ed3aa8a1560b2c5f42cf1b704448b0ba30756aecfbc?s=96&d=mm&r=g","contentUrl":"https:\/\/secure.gravatar.com\/avatar\/7c3caac6c6527a5588ed6ed3aa8a1560b2c5f42cf1b704448b0ba30756aecfbc?s=96&d=mm&r=g","caption":"RAKETING"},"sameAs":["https:\/\/cistime-fasady.sk"],"url":"https:\/\/cistime-fasady.sk\/cz\/author\/test02\/"}]}},"_links":{"self":[{"href":"https:\/\/cistime-fasady.sk\/cz\/wp-json\/wp\/v2\/posts\/1163","targetHints":{"allow":["GET"]}}],"collection":[{"href":"https:\/\/cistime-fasady.sk\/cz\/wp-json\/wp\/v2\/posts"}],"about":[{"href":"https:\/\/cistime-fasady.sk\/cz\/wp-json\/wp\/v2\/types\/post"}],"author":[{"embeddable":true,"href":"https:\/\/cistime-fasady.sk\/cz\/wp-json\/wp\/v2\/users\/1"}],"replies":[{"embeddable":true,"href":"https:\/\/cistime-fasady.sk\/cz\/wp-json\/wp\/v2\/comments?post=1163"}],"version-history":[{"count":2,"href":"https:\/\/cistime-fasady.sk\/cz\/wp-json\/wp\/v2\/posts\/1163\/revisions"}],"predecessor-version":[{"id":1165,"href":"https:\/\/cistime-fasady.sk\/cz\/wp-json\/wp\/v2\/posts\/1163\/revisions\/1165"}],"wp:featuredmedia":[{"embeddable":true,"href":"https:\/\/cistime-fasady.sk\/cz\/wp-json\/wp\/v2\/media\/919"}],"wp:attachment":[{"href":"https:\/\/cistime-fasady.sk\/cz\/wp-json\/wp\/v2\/media?parent=1163"}],"wp:term":[{"taxonomy":"category","embeddable":true,"href":"https:\/\/cistime-fasady.sk\/cz\/wp-json\/wp\/v2\/categories?post=1163"},{"taxonomy":"post_tag","embeddable":true,"href":"https:\/\/cistime-fasady.sk\/cz\/wp-json\/wp\/v2\/tags?post=1163"}],"curies":[{"name":"wp","href":"https:\/\/api.w.org\/{rel}","templated":true}]}}