{"id":1159,"date":"2020-06-19T17:47:00","date_gmt":"2020-06-19T15:47:00","guid":{"rendered":"https:\/\/cistime-fasady.sk\/?p=1159"},"modified":"2024-06-19T17:51:32","modified_gmt":"2024-06-19T15:51:32","slug":"ochrana-fasady-proti-vtakom","status":"publish","type":"post","link":"https:\/\/cistime-fasady.sk\/cz\/ochrana-fasady-proti-vtakom\/","title":{"rendered":"Ochrana fas\u00e1dy proti vt\u00e1kom"},"content":{"rendered":"<p><em>Pr\u00edtomnos\u0165 vt\u00e1kov a hlavne ich stavanie hniezd sp\u00f4sobuje majite\u013eom domov, ale aj bytov, zna\u010dn\u00e9 starosti. Vo v\u00e4\u010d\u0161ine pr\u00edpadov je priebeh rovnak\u00fd. Majite\u013e investuje nemal\u00e9 financie do novej fas\u00e1dy a\u00a0onedlho sa mu pr\u00e1ve na t\u00fato nov\u00fa fas\u00e1du nas\u0165ahuj\u00fa aj nov\u00ed \u201en\u00e1jomn\u00edci\u201c \u2013 vt\u00e1ky. T\u00edto n\u00e1jomn\u00edci so sebou prin\u00e1\u0161aj\u00fa nepr\u00edjemnosti v\u00a0podobe zne\u010dis\u0165ovania fas\u00e1dy (ale aj okolia) vt\u00e1\u010d\u00edm trusom. Zne\u010distenie tie\u017e vznik\u00e1 v\u00a0d\u00f4sledku materi\u00e1lov, z\u00a0ktor\u00fdch si vt\u00e1ky svoje hniezda stavaj\u00fa a\u00a0t\u00fdmi s\u00fa napr\u00edklad slama, hlina a\u00a0op\u00e4\u0165 \u2013 trus. Existuje v\u00f4bec \u00fa\u010dinn\u00e1\u00a0<strong><em>ochrana fas\u00e1dy proti vt\u00e1kom<\/em><\/strong>? A\u00a0\u010do robi\u0165, ke\u010f u\u017e stihli va\u0161u fas\u00e1du zne\u010disti\u0165?<\/em><\/p>\n\n\n\n<div style=\"height:30px\" aria-hidden=\"true\" class=\"wp-block-spacer\"><\/div>\n\n\n\n<h2 class=\"wp-block-heading\"><strong>OCHRANA FAS\u00c1DY PROTI VT\u00c1KOM<\/strong><\/h2>\n\n\n\n<p>Medzi naj\u010dastej\u0161ie sp\u00f4soby, ako ochr\u00e1ni\u0165 svoju fas\u00e1du vo\u010di vt\u00e1kom, patria hrotov\u00e9 syst\u00e9my, ultrazvukov\u00e9 odpudzova\u010de, elektrick\u00e9 siete \u010di \u0161peci\u00e1lne chemick\u00e9 prostriedky. Ako najjednoduch\u0161\u00ed a\u00a0z\u00e1rove\u0148 najefekt\u00edvnej\u0161\u00ed sp\u00f4sob sa zatia\u013e osved\u010dil pr\u00e1ve hrotov\u00fd syst\u00e9m, ktor\u00e9ho \u00falohou je odradi\u0165 vt\u00e1ky od hniezdenia. \u010co je d\u00f4le\u017eit\u00e9, vt\u00e1kom nijak neubl\u00ed\u017ei, ani ich neusmrt\u00ed.<\/p>\n\n\n\n<div style=\"height:30px\" aria-hidden=\"true\" class=\"wp-block-spacer\"><\/div>\n\n\n\n<h2 class=\"wp-block-heading\"><strong>ZNE\u010cISTEN\u00c1 FAS\u00c1DA \u2013 RIE\u0160EN\u00cdM JE PROFESION\u00c1LNE \u010cISTENIE FAS\u00c1D<\/strong><\/h2>\n\n\n\n<p>Stihli u\u017e vt\u00e1ky medzi \u010dasom va\u0161u fas\u00e1du zne\u010disti\u0165? Nemajte obavy, nemus\u00edte ihne\u010f investova\u0165 do nov\u00e9ho n\u00e1teru. Efekt\u00edvnym rie\u0161en\u00edm je\u00a0<a href=\"https:\/\/cistime-fasady.sk\/cz\/cistenie-fasad\/\">profesion\u00e1lne \u010distenie fas\u00e1d<\/a>, ktor\u00e9 v\u00e1m pon\u00fakame aj my. Va\u0161u fas\u00e1du dok\u00e1\u017eeme vy\u010disti\u0165 tak, aby op\u00e4\u0165 vyzerala ako nov\u00e1. Bonusom je, \u017ee po vy\u010disten\u00ed nanesieme na fas\u00e1du ochrann\u00fd n\u00e1ter, ktor\u00fd ju bude chr\u00e1ni\u0165 pred zne\u010disten\u00edm aj nasleduj\u00facich 5 rokov.<\/p>\n\n\n\n<div style=\"height:30px\" aria-hidden=\"true\" class=\"wp-block-spacer\"><\/div>\n\n\n\n<figure class=\"wp-block-gallery has-nested-images columns-default is-cropped wp-block-gallery-1 is-layout-flex wp-block-gallery-is-layout-flex\">\n<figure class=\"wp-block-image size-large\"><img fetchpriority=\"high\" decoding=\"async\" width=\"1024\" height=\"576\" data-id=\"923\" src=\"https:\/\/cistime-fasady.sk\/wp-content\/uploads\/2024\/06\/09.jpg\" alt=\"ochrana fas\u00e1dy proti vt\u00e1kom\" class=\"wp-image-923\" srcset=\"https:\/\/cistime-fasady.sk\/wp-content\/uploads\/2024\/06\/09.jpg 1024w, https:\/\/cistime-fasady.sk\/wp-content\/uploads\/2024\/06\/09-300x169.jpg 300w, https:\/\/cistime-fasady.sk\/wp-content\/uploads\/2024\/06\/09-768x432.jpg 768w\" sizes=\"(max-width: 1024px) 100vw, 1024px\" \/><\/figure>\n\n\n\n<figure class=\"wp-block-image size-large\"><img decoding=\"async\" width=\"1024\" height=\"576\" data-id=\"924\" src=\"https:\/\/cistime-fasady.sk\/wp-content\/uploads\/2024\/06\/10.jpg\" alt=\"ochrana fasady proti vtakom\" class=\"wp-image-924\" srcset=\"https:\/\/cistime-fasady.sk\/wp-content\/uploads\/2024\/06\/10.jpg 1024w, https:\/\/cistime-fasady.sk\/wp-content\/uploads\/2024\/06\/10-300x169.jpg 300w, https:\/\/cistime-fasady.sk\/wp-content\/uploads\/2024\/06\/10-768x432.jpg 768w\" sizes=\"(max-width: 1024px) 100vw, 1024px\" \/><\/figure>\n<\/figure>","protected":false},"excerpt":{"rendered":"<p>Pr\u00edtomnos\u0165 vt\u00e1kov a hlavne ich stavanie hniezd sp\u00f4sobuje majite\u013eom domov, ale aj bytov, zna\u010dn\u00e9 starosti. Vo v\u00e4\u010d\u0161ine pr\u00edpadov je priebeh rovnak\u00fd. Majite\u013e investuje nemal\u00e9 financie do novej fas\u00e1dy a\u00a0onedlho sa mu pr\u00e1ve na t\u00fato nov\u00fa fas\u00e1du nas\u0165ahuj\u00fa aj nov\u00ed \u201en\u00e1jomn\u00edci\u201c \u2013 vt\u00e1ky. T\u00edto n\u00e1jomn\u00edci so sebou prin\u00e1\u0161aj\u00fa nepr\u00edjemnosti v\u00a0podobe zne\u010dis\u0165ovania fas\u00e1dy (ale aj okolia) vt\u00e1\u010d\u00edm trusom. Zne\u010distenie tie\u017e vznik\u00e1 v\u00a0d\u00f4sledku materi\u00e1lov, z\u00a0ktor\u00fdch si vt\u00e1ky svoje hniezda stavaj\u00fa a\u00a0t\u00fdmi s\u00fa napr\u00edklad slama, hlina a\u00a0op\u00e4\u0165 \u2013 trus. Existuje v\u00f4bec \u00fa\u010dinn\u00e1\u00a0ochrana fas\u00e1dy proti vt\u00e1kom? A\u00a0\u010do robi\u0165, ke\u010f u\u017e stihli va\u0161u fas\u00e1du zne\u010disti\u0165?<\/p>","protected":false},"author":1,"featured_media":923,"comment_status":"closed","ping_status":"open","sticky":false,"template":"","format":"standard","meta":{"footnotes":""},"categories":[1],"tags":[],"class_list":["post-1159","post","type-post","status-publish","format-standard","has-post-thumbnail","hentry","category-nezaradene"],"yoast_head":"<!-- This site is optimized with the Yoast SEO plugin v23.1 - https:\/\/yoast.com\/wordpress\/plugins\/seo\/ -->\n<title>Ochrana fas\u00e1dy proti vt\u00e1kom | \u010cist\u00edme Fas\u00e1dy<\/title>\n<meta name=\"description\" content=\"Existuje v\u00f4bec \u00fa\u010dinn\u00e1\u00a0ochrana fas\u00e1dy proti vt\u00e1kom? A\u00a0\u010do robi\u0165, ke\u010f u\u017e stihli va\u0161u fas\u00e1du zne\u010disti\u0165? Pre\u010d\u00edtajte si v \u010dl\u00e1nku.\" \/>\n<meta name=\"robots\" content=\"index, follow, max-snippet:-1, max-image-preview:large, max-video-preview:-1\" \/>\n<link rel=\"canonical\" href=\"https:\/\/cistime-fasady.sk\/cz\/ochrana-fasady-proti-vtakom\/\" \/>\n<meta property=\"og:locale\" content=\"cs_CZ\" \/>\n<meta property=\"og:type\" content=\"article\" \/>\n<meta property=\"og:title\" content=\"Ochrana fas\u00e1dy proti vt\u00e1kom | \u010cist\u00edme Fas\u00e1dy\" \/>\n<meta property=\"og:description\" content=\"Existuje v\u00f4bec \u00fa\u010dinn\u00e1\u00a0ochrana fas\u00e1dy proti vt\u00e1kom? A\u00a0\u010do robi\u0165, ke\u010f u\u017e stihli va\u0161u fas\u00e1du zne\u010disti\u0165? Pre\u010d\u00edtajte si v \u010dl\u00e1nku.\" \/>\n<meta property=\"og:url\" content=\"https:\/\/cistime-fasady.sk\/cz\/ochrana-fasady-proti-vtakom\/\" \/>\n<meta property=\"og:site_name\" content=\"\u010cist\u00edme Fas\u00e1dy\" \/>\n<meta property=\"article:publisher\" content=\"https:\/\/www.facebook.com\/cisteniefasadvalmax\/\" \/>\n<meta property=\"article:published_time\" content=\"2020-06-19T15:47:00+00:00\" \/>\n<meta property=\"article:modified_time\" content=\"2024-06-19T15:51:32+00:00\" \/>\n<meta property=\"og:image\" content=\"https:\/\/cistime-fasady.sk\/wp-content\/uploads\/2024\/06\/09.jpg\" \/>\n\t<meta property=\"og:image:width\" content=\"1024\" \/>\n\t<meta property=\"og:image:height\" content=\"576\" \/>\n\t<meta property=\"og:image:type\" content=\"image\/jpeg\" \/>\n<meta name=\"author\" content=\"RAKETING\" \/>\n<meta name=\"twitter:card\" content=\"summary_large_image\" \/>\n<meta name=\"twitter:label1\" content=\"Napsal(a)\" \/>\n\t<meta name=\"twitter:data1\" content=\"RAKETING\" \/>\n\t<meta name=\"twitter:label2\" content=\"Odhadovan\u00e1 doba \u010dten\u00ed\" \/>\n\t<meta name=\"twitter:data2\" content=\"2 minuty\" \/>\n<script type=\"application\/ld+json\" class=\"yoast-schema-graph\">{\"@context\":\"https:\/\/schema.org\",\"@graph\":[{\"@type\":\"Article\",\"@id\":\"https:\/\/cistime-fasady.sk\/ochrana-fasady-proti-vtakom\/#article\",\"isPartOf\":{\"@id\":\"https:\/\/cistime-fasady.sk\/ochrana-fasady-proti-vtakom\/\"},\"author\":{\"name\":\"RAKETING\",\"@id\":\"https:\/\/cistime-fasady.sk\/#\/schema\/person\/18a2e8eb3e0dbe04479779b3ac0c9865\"},\"headline\":\"Ochrana fas\u00e1dy proti vt\u00e1kom\",\"datePublished\":\"2020-06-19T15:47:00+00:00\",\"dateModified\":\"2024-06-19T15:51:32+00:00\",\"mainEntityOfPage\":{\"@id\":\"https:\/\/cistime-fasady.sk\/ochrana-fasady-proti-vtakom\/\"},\"wordCount\":308,\"publisher\":{\"@id\":\"https:\/\/cistime-fasady.sk\/#organization\"},\"image\":{\"@id\":\"https:\/\/cistime-fasady.sk\/ochrana-fasady-proti-vtakom\/#primaryimage\"},\"thumbnailUrl\":\"https:\/\/cistime-fasady.sk\/wp-content\/uploads\/2024\/06\/09.jpg\",\"articleSection\":[\"Nezaraden\u00e9\"],\"inLanguage\":\"cs\"},{\"@type\":\"WebPage\",\"@id\":\"https:\/\/cistime-fasady.sk\/ochrana-fasady-proti-vtakom\/\",\"url\":\"https:\/\/cistime-fasady.sk\/ochrana-fasady-proti-vtakom\/\",\"name\":\"Ochrana fas\u00e1dy proti vt\u00e1kom | \u010cist\u00edme Fas\u00e1dy\",\"isPartOf\":{\"@id\":\"https:\/\/cistime-fasady.sk\/#website\"},\"primaryImageOfPage\":{\"@id\":\"https:\/\/cistime-fasady.sk\/ochrana-fasady-proti-vtakom\/#primaryimage\"},\"image\":{\"@id\":\"https:\/\/cistime-fasady.sk\/ochrana-fasady-proti-vtakom\/#primaryimage\"},\"thumbnailUrl\":\"https:\/\/cistime-fasady.sk\/wp-content\/uploads\/2024\/06\/09.jpg\",\"datePublished\":\"2020-06-19T15:47:00+00:00\",\"dateModified\":\"2024-06-19T15:51:32+00:00\",\"description\":\"Existuje v\u00f4bec \u00fa\u010dinn\u00e1\u00a0ochrana fas\u00e1dy proti vt\u00e1kom? A\u00a0\u010do robi\u0165, ke\u010f u\u017e stihli va\u0161u fas\u00e1du zne\u010disti\u0165? Pre\u010d\u00edtajte si v \u010dl\u00e1nku.\",\"breadcrumb\":{\"@id\":\"https:\/\/cistime-fasady.sk\/ochrana-fasady-proti-vtakom\/#breadcrumb\"},\"inLanguage\":\"cs\",\"potentialAction\":[{\"@type\":\"ReadAction\",\"target\":[\"https:\/\/cistime-fasady.sk\/ochrana-fasady-proti-vtakom\/\"]}]},{\"@type\":\"ImageObject\",\"inLanguage\":\"cs\",\"@id\":\"https:\/\/cistime-fasady.sk\/ochrana-fasady-proti-vtakom\/#primaryimage\",\"url\":\"https:\/\/cistime-fasady.sk\/wp-content\/uploads\/2024\/06\/09.jpg\",\"contentUrl\":\"https:\/\/cistime-fasady.sk\/wp-content\/uploads\/2024\/06\/09.jpg\",\"width\":1024,\"height\":576,\"caption\":\"09\"},{\"@type\":\"BreadcrumbList\",\"@id\":\"https:\/\/cistime-fasady.sk\/ochrana-fasady-proti-vtakom\/#breadcrumb\",\"itemListElement\":[{\"@type\":\"ListItem\",\"position\":1,\"name\":\"Domovsk\u00e1 str\u00e1nka\",\"item\":\"https:\/\/cistime-fasady.sk\/\"},{\"@type\":\"ListItem\",\"position\":2,\"name\":\"Ochrana fas\u00e1dy proti vt\u00e1kom\"}]},{\"@type\":\"WebSite\",\"@id\":\"https:\/\/cistime-fasady.sk\/#website\",\"url\":\"https:\/\/cistime-fasady.sk\/\",\"name\":\"\u010cist\u00edme Fas\u00e1dy\",\"description\":\"Profesion\u00e1lne \u010distenie fas\u00e1d\",\"publisher\":{\"@id\":\"https:\/\/cistime-fasady.sk\/#organization\"},\"alternateName\":\"\u010cF\",\"potentialAction\":[{\"@type\":\"SearchAction\",\"target\":{\"@type\":\"EntryPoint\",\"urlTemplate\":\"https:\/\/cistime-fasady.sk\/?s={search_term_string}\"},\"query-input\":\"required name=search_term_string\"}],\"inLanguage\":\"cs\"},{\"@type\":\"Organization\",\"@id\":\"https:\/\/cistime-fasady.sk\/#organization\",\"name\":\"Valmax s.r.o.\",\"alternateName\":\"Valmax s.r.o.\",\"url\":\"https:\/\/cistime-fasady.sk\/\",\"logo\":{\"@type\":\"ImageObject\",\"inLanguage\":\"cs\",\"@id\":\"https:\/\/cistime-fasady.sk\/#\/schema\/logo\/image\/\",\"url\":\"https:\/\/cistime-fasady.sk\/wp-content\/uploads\/2024\/03\/313207521_617400896841873_42847256823662438_n.jpg\",\"contentUrl\":\"https:\/\/cistime-fasady.sk\/wp-content\/uploads\/2024\/03\/313207521_617400896841873_42847256823662438_n.jpg\",\"width\":971,\"height\":971,\"caption\":\"Valmax s.r.o.\"},\"image\":{\"@id\":\"https:\/\/cistime-fasady.sk\/#\/schema\/logo\/image\/\"},\"sameAs\":[\"https:\/\/www.facebook.com\/cisteniefasadvalmax\/\",\"https:\/\/www.instagram.com\/valmax_cisteniefasad\/\"]},{\"@type\":\"Person\",\"@id\":\"https:\/\/cistime-fasady.sk\/#\/schema\/person\/18a2e8eb3e0dbe04479779b3ac0c9865\",\"name\":\"RAKETING\",\"image\":{\"@type\":\"ImageObject\",\"inLanguage\":\"cs\",\"@id\":\"https:\/\/cistime-fasady.sk\/#\/schema\/person\/image\/\",\"url\":\"https:\/\/secure.gravatar.com\/avatar\/7c3caac6c6527a5588ed6ed3aa8a1560b2c5f42cf1b704448b0ba30756aecfbc?s=96&d=mm&r=g\",\"contentUrl\":\"https:\/\/secure.gravatar.com\/avatar\/7c3caac6c6527a5588ed6ed3aa8a1560b2c5f42cf1b704448b0ba30756aecfbc?s=96&d=mm&r=g\",\"caption\":\"RAKETING\"},\"sameAs\":[\"https:\/\/cistime-fasady.sk\"],\"url\":\"https:\/\/cistime-fasady.sk\/cz\/author\/test02\/\"}]}<\/script>\n<!-- \/ Yoast SEO plugin. -->","yoast_head_json":{"title":"Ochrana fas\u00e1dy proti vt\u00e1kom | \u010cist\u00edme Fas\u00e1dy","description":"Existuje v\u00f4bec \u00fa\u010dinn\u00e1\u00a0ochrana fas\u00e1dy proti vt\u00e1kom? A\u00a0\u010do robi\u0165, ke\u010f u\u017e stihli va\u0161u fas\u00e1du zne\u010disti\u0165? Pre\u010d\u00edtajte si v \u010dl\u00e1nku.","robots":{"index":"index","follow":"follow","max-snippet":"max-snippet:-1","max-image-preview":"max-image-preview:large","max-video-preview":"max-video-preview:-1"},"canonical":"https:\/\/cistime-fasady.sk\/cz\/ochrana-fasady-proti-vtakom\/","og_locale":"cs_CZ","og_type":"article","og_title":"Ochrana fas\u00e1dy proti vt\u00e1kom | \u010cist\u00edme Fas\u00e1dy","og_description":"Existuje v\u00f4bec \u00fa\u010dinn\u00e1\u00a0ochrana fas\u00e1dy proti vt\u00e1kom? A\u00a0\u010do robi\u0165, ke\u010f u\u017e stihli va\u0161u fas\u00e1du zne\u010disti\u0165? Pre\u010d\u00edtajte si v \u010dl\u00e1nku.","og_url":"https:\/\/cistime-fasady.sk\/cz\/ochrana-fasady-proti-vtakom\/","og_site_name":"\u010cist\u00edme Fas\u00e1dy","article_publisher":"https:\/\/www.facebook.com\/cisteniefasadvalmax\/","article_published_time":"2020-06-19T15:47:00+00:00","article_modified_time":"2024-06-19T15:51:32+00:00","og_image":[{"width":1024,"height":576,"url":"https:\/\/cistime-fasady.sk\/wp-content\/uploads\/2024\/06\/09.jpg","type":"image\/jpeg"}],"author":"RAKETING","twitter_card":"summary_large_image","twitter_misc":{"Napsal(a)":"RAKETING","Odhadovan\u00e1 doba \u010dten\u00ed":"2 minuty"},"schema":{"@context":"https:\/\/schema.org","@graph":[{"@type":"Article","@id":"https:\/\/cistime-fasady.sk\/ochrana-fasady-proti-vtakom\/#article","isPartOf":{"@id":"https:\/\/cistime-fasady.sk\/ochrana-fasady-proti-vtakom\/"},"author":{"name":"RAKETING","@id":"https:\/\/cistime-fasady.sk\/#\/schema\/person\/18a2e8eb3e0dbe04479779b3ac0c9865"},"headline":"Ochrana fas\u00e1dy proti vt\u00e1kom","datePublished":"2020-06-19T15:47:00+00:00","dateModified":"2024-06-19T15:51:32+00:00","mainEntityOfPage":{"@id":"https:\/\/cistime-fasady.sk\/ochrana-fasady-proti-vtakom\/"},"wordCount":308,"publisher":{"@id":"https:\/\/cistime-fasady.sk\/#organization"},"image":{"@id":"https:\/\/cistime-fasady.sk\/ochrana-fasady-proti-vtakom\/#primaryimage"},"thumbnailUrl":"https:\/\/cistime-fasady.sk\/wp-content\/uploads\/2024\/06\/09.jpg","articleSection":["Nezaraden\u00e9"],"inLanguage":"cs"},{"@type":"WebPage","@id":"https:\/\/cistime-fasady.sk\/ochrana-fasady-proti-vtakom\/","url":"https:\/\/cistime-fasady.sk\/ochrana-fasady-proti-vtakom\/","name":"Ochrana fas\u00e1dy proti vt\u00e1kom | \u010cist\u00edme Fas\u00e1dy","isPartOf":{"@id":"https:\/\/cistime-fasady.sk\/#website"},"primaryImageOfPage":{"@id":"https:\/\/cistime-fasady.sk\/ochrana-fasady-proti-vtakom\/#primaryimage"},"image":{"@id":"https:\/\/cistime-fasady.sk\/ochrana-fasady-proti-vtakom\/#primaryimage"},"thumbnailUrl":"https:\/\/cistime-fasady.sk\/wp-content\/uploads\/2024\/06\/09.jpg","datePublished":"2020-06-19T15:47:00+00:00","dateModified":"2024-06-19T15:51:32+00:00","description":"Existuje v\u00f4bec \u00fa\u010dinn\u00e1\u00a0ochrana fas\u00e1dy proti vt\u00e1kom? A\u00a0\u010do robi\u0165, ke\u010f u\u017e stihli va\u0161u fas\u00e1du zne\u010disti\u0165? Pre\u010d\u00edtajte si v \u010dl\u00e1nku.","breadcrumb":{"@id":"https:\/\/cistime-fasady.sk\/ochrana-fasady-proti-vtakom\/#breadcrumb"},"inLanguage":"cs","potentialAction":[{"@type":"ReadAction","target":["https:\/\/cistime-fasady.sk\/ochrana-fasady-proti-vtakom\/"]}]},{"@type":"ImageObject","inLanguage":"cs","@id":"https:\/\/cistime-fasady.sk\/ochrana-fasady-proti-vtakom\/#primaryimage","url":"https:\/\/cistime-fasady.sk\/wp-content\/uploads\/2024\/06\/09.jpg","contentUrl":"https:\/\/cistime-fasady.sk\/wp-content\/uploads\/2024\/06\/09.jpg","width":1024,"height":576,"caption":"09"},{"@type":"BreadcrumbList","@id":"https:\/\/cistime-fasady.sk\/ochrana-fasady-proti-vtakom\/#breadcrumb","itemListElement":[{"@type":"ListItem","position":1,"name":"Domovsk\u00e1 str\u00e1nka","item":"https:\/\/cistime-fasady.sk\/"},{"@type":"ListItem","position":2,"name":"Ochrana fas\u00e1dy proti vt\u00e1kom"}]},{"@type":"WebSite","@id":"https:\/\/cistime-fasady.sk\/#website","url":"https:\/\/cistime-fasady.sk\/","name":"\u010cist\u00edme Fas\u00e1dy","description":"Profesion\u00e1lne \u010distenie fas\u00e1d","publisher":{"@id":"https:\/\/cistime-fasady.sk\/#organization"},"alternateName":"\u010cF","potentialAction":[{"@type":"SearchAction","target":{"@type":"EntryPoint","urlTemplate":"https:\/\/cistime-fasady.sk\/?s={search_term_string}"},"query-input":"required name=search_term_string"}],"inLanguage":"cs"},{"@type":"Organization","@id":"https:\/\/cistime-fasady.sk\/#organization","name":"Valmax s.r.o.","alternateName":"Valmax s.r.o.","url":"https:\/\/cistime-fasady.sk\/","logo":{"@type":"ImageObject","inLanguage":"cs","@id":"https:\/\/cistime-fasady.sk\/#\/schema\/logo\/image\/","url":"https:\/\/cistime-fasady.sk\/wp-content\/uploads\/2024\/03\/313207521_617400896841873_42847256823662438_n.jpg","contentUrl":"https:\/\/cistime-fasady.sk\/wp-content\/uploads\/2024\/03\/313207521_617400896841873_42847256823662438_n.jpg","width":971,"height":971,"caption":"Valmax s.r.o."},"image":{"@id":"https:\/\/cistime-fasady.sk\/#\/schema\/logo\/image\/"},"sameAs":["https:\/\/www.facebook.com\/cisteniefasadvalmax\/","https:\/\/www.instagram.com\/valmax_cisteniefasad\/"]},{"@type":"Person","@id":"https:\/\/cistime-fasady.sk\/#\/schema\/person\/18a2e8eb3e0dbe04479779b3ac0c9865","name":"RAKETING","image":{"@type":"ImageObject","inLanguage":"cs","@id":"https:\/\/cistime-fasady.sk\/#\/schema\/person\/image\/","url":"https:\/\/secure.gravatar.com\/avatar\/7c3caac6c6527a5588ed6ed3aa8a1560b2c5f42cf1b704448b0ba30756aecfbc?s=96&d=mm&r=g","contentUrl":"https:\/\/secure.gravatar.com\/avatar\/7c3caac6c6527a5588ed6ed3aa8a1560b2c5f42cf1b704448b0ba30756aecfbc?s=96&d=mm&r=g","caption":"RAKETING"},"sameAs":["https:\/\/cistime-fasady.sk"],"url":"https:\/\/cistime-fasady.sk\/cz\/author\/test02\/"}]}},"_links":{"self":[{"href":"https:\/\/cistime-fasady.sk\/cz\/wp-json\/wp\/v2\/posts\/1159","targetHints":{"allow":["GET"]}}],"collection":[{"href":"https:\/\/cistime-fasady.sk\/cz\/wp-json\/wp\/v2\/posts"}],"about":[{"href":"https:\/\/cistime-fasady.sk\/cz\/wp-json\/wp\/v2\/types\/post"}],"author":[{"embeddable":true,"href":"https:\/\/cistime-fasady.sk\/cz\/wp-json\/wp\/v2\/users\/1"}],"replies":[{"embeddable":true,"href":"https:\/\/cistime-fasady.sk\/cz\/wp-json\/wp\/v2\/comments?post=1159"}],"version-history":[{"count":2,"href":"https:\/\/cistime-fasady.sk\/cz\/wp-json\/wp\/v2\/posts\/1159\/revisions"}],"predecessor-version":[{"id":1162,"href":"https:\/\/cistime-fasady.sk\/cz\/wp-json\/wp\/v2\/posts\/1159\/revisions\/1162"}],"wp:featuredmedia":[{"embeddable":true,"href":"https:\/\/cistime-fasady.sk\/cz\/wp-json\/wp\/v2\/media\/923"}],"wp:attachment":[{"href":"https:\/\/cistime-fasady.sk\/cz\/wp-json\/wp\/v2\/media?parent=1159"}],"wp:term":[{"taxonomy":"category","embeddable":true,"href":"https:\/\/cistime-fasady.sk\/cz\/wp-json\/wp\/v2\/categories?post=1159"},{"taxonomy":"post_tag","embeddable":true,"href":"https:\/\/cistime-fasady.sk\/cz\/wp-json\/wp\/v2\/tags?post=1159"}],"curies":[{"name":"wp","href":"https:\/\/api.w.org\/{rel}","templated":true}]}}