{"id":1152,"date":"2020-07-18T17:33:00","date_gmt":"2020-07-18T15:33:00","guid":{"rendered":"https:\/\/cistime-fasady.sk\/?p=1152"},"modified":"2024-06-19T17:37:06","modified_gmt":"2024-06-19T15:37:06","slug":"fasada-cena-za-m2","status":"publish","type":"post","link":"https:\/\/cistime-fasady.sk\/cz\/fasada-cena-za-m2\/","title":{"rendered":"Fas\u00e1da cena za m2"},"content":{"rendered":"<p>Pri stavbe alebo rekon\u0161trukcii domu majitelia \u010dastokr\u00e1t po\u010d\u00favaj\u00fa, \u017ee fas\u00e1da je jednou z&nbsp;najdrah\u0161\u00edch polo\u017eiek, na ktor\u00e9 musia myslie\u0165. Nemus\u00ed to v\u0161ak by\u0165 v\u017edy tak. Ak pr\u00e1ve staviate \u00faplne nov\u00fd dom, samozrejme, budete na\u0148 musie\u0165 natiahnu\u0165 nov\u00fa fas\u00e1da \u2013 tu sa&nbsp;<strong><em>fas\u00e1da cena za m2<\/em><\/strong>&nbsp;pohybuje okolo 16 eur.<\/p>\n\n\n\n<div style=\"height:30px\" aria-hidden=\"true\" class=\"wp-block-spacer\"><\/div>\n\n\n\n<h2 class=\"wp-block-heading\"><strong>PRI REKON\u0160TRUKCII ZVO\u013dTE \u010cISTENIE FAS\u00c1DY<\/strong><\/h2>\n\n\n\n<p>Ak v\u0161ak dom iba rekon\u0161truujete, m\u00f4\u017eete u\u0161etri\u0165 a\u017e 70% n\u00e1kladov v\u010faka \u010disteniu fas\u00e1dy. D\u00f4le\u017eit\u00e9 je, aby va\u0161a fas\u00e1da nebola po\u0161koden\u00e1, teda aby sa neodlupovala farba, aby sa na nej netvorili v\u00e4\u010d\u0161ie trhliny a\u00a0praskliny. Ak sp\u013a\u0148ate t\u00fato podmienku, m\u00f4\u017eete sa bez ob\u00e1v spo\u013eahn\u00fa\u0165 na \u010distenie fas\u00e1dy. Dokonca, neprek\u00e1\u017ea ani to, ke\u010f sa na fas\u00e1de objavuj\u00fa plesne alebo riasy. Aj s\u00a0t\u00fdmto si vie profesion\u00e1lne \u010distenie fas\u00e1d poradi\u0165.<\/p>\n\n\n\n<div style=\"height:30px\" aria-hidden=\"true\" class=\"wp-block-spacer\"><\/div>\n\n\n\n<figure class=\"wp-block-gallery has-nested-images columns-default is-cropped wp-block-gallery-1 is-layout-flex wp-block-gallery-is-layout-flex\">\n<figure class=\"wp-block-image size-large\"><img fetchpriority=\"high\" decoding=\"async\" width=\"1024\" height=\"768\" data-id=\"933\" src=\"https:\/\/cistime-fasady.sk\/wp-content\/uploads\/2024\/06\/19.jpg\" alt=\"fas\u00e1da cena za m2\" class=\"wp-image-933\" srcset=\"https:\/\/cistime-fasady.sk\/wp-content\/uploads\/2024\/06\/19.jpg 1024w, https:\/\/cistime-fasady.sk\/wp-content\/uploads\/2024\/06\/19-300x225.jpg 300w, https:\/\/cistime-fasady.sk\/wp-content\/uploads\/2024\/06\/19-768x576.jpg 768w\" sizes=\"(max-width: 1024px) 100vw, 1024px\" \/><\/figure>\n\n\n\n<figure class=\"wp-block-image size-large\"><img decoding=\"async\" width=\"1024\" height=\"768\" data-id=\"934\" src=\"https:\/\/cistime-fasady.sk\/wp-content\/uploads\/2024\/06\/20.jpg\" alt=\"fasada cena za m2\" class=\"wp-image-934\" srcset=\"https:\/\/cistime-fasady.sk\/wp-content\/uploads\/2024\/06\/20.jpg 1024w, https:\/\/cistime-fasady.sk\/wp-content\/uploads\/2024\/06\/20-300x225.jpg 300w, https:\/\/cistime-fasady.sk\/wp-content\/uploads\/2024\/06\/20-768x576.jpg 768w\" sizes=\"(max-width: 1024px) 100vw, 1024px\" \/><\/figure>\n<\/figure>\n\n\n\n<div style=\"height:30px\" aria-hidden=\"true\" class=\"wp-block-spacer\"><\/div>\n\n\n\n<h2 class=\"wp-block-heading\"><strong>NOV\u00c1 FAS\u00c1DA CENA ZA M2 VS. \u010cISTENIE FAS\u00c1DY CENA ZA M2<\/strong><\/h2>\n\n\n\n<p>K\u00fdm fas\u00e1da cena za m2 v\u00e1s vyjde okolo 16 eur, za vy\u010distenie fas\u00e1dy zaplat\u00edte len okolo 3,8 eura za meter \u0161tvorcov\u00fd, \u010do dok\u00e1\u017ee urobi\u0165 obrovsk\u00fd rozdiel vo va\u0161om rozpo\u010dte. Ak teda rekon\u0161truujete star\u0161\u00ed dom, ktor\u00e9ho fas\u00e1da je s\u00edce zne\u010disten\u00e1, ale nie po\u0161koden\u00e1, ur\u010dite poprem\u00fd\u0161\u013eajte aj nad touto alternat\u00edvou.<\/p>\n\n\n\n<div style=\"height:30px\" aria-hidden=\"true\" class=\"wp-block-spacer\"><\/div>\n\n\n\n<h2 class=\"wp-block-heading\"><strong>SPO\u013dAHNITE SA NA PROFESION\u00c1LOV<\/strong><\/h2>\n\n\n\n<p>Ak si vyberiete skuto\u010dne\u00a0<a href=\"http:\/\/cistime-fasady.sk\/cz\/\">profesion\u00e1lnu firmu<\/a>, m\u00f4\u017eete sa spo\u013eahn\u00fa\u0165, \u017ee va\u0161a fas\u00e1da bude vyzera\u0165 op\u00e4\u0165 ako nov\u00e1. Pri v\u00fdbere firmy sa tie\u017e informujte, \u010di pon\u00fakaj\u00fa aj ochrann\u00fd n\u00e1ter. V\u010faka nemu vydr\u017e\u00ed va\u0161a fas\u00e1da \u010dist\u00e1 aj nasleduj\u00facich p\u00e4\u0165 rokov.<\/p>","protected":false},"excerpt":{"rendered":"<p>Pri stavbe alebo rekon\u0161trukcii domu majitelia \u010dastokr\u00e1t po\u010d\u00favaj\u00fa, \u017ee fas\u00e1da je jednou z\u00a0najdrah\u0161\u00edch polo\u017eiek, na ktor\u00e9 musia myslie\u0165. Nemus\u00ed to v\u0161ak by\u0165 v\u017edy tak. Ak pr\u00e1ve staviate \u00faplne nov\u00fd dom, samozrejme, budete na\u0148 musie\u0165 natiahnu\u0165 nov\u00fa fas\u00e1da \u2013 tu sa\u00a0fas\u00e1da cena za m2\u00a0pohybuje okolo 16 eur.<\/p>","protected":false},"author":1,"featured_media":933,"comment_status":"closed","ping_status":"open","sticky":false,"template":"","format":"standard","meta":{"footnotes":""},"categories":[1],"tags":[],"class_list":["post-1152","post","type-post","status-publish","format-standard","has-post-thumbnail","hentry","category-nezaradene"],"yoast_head":"<!-- This site is optimized with the Yoast SEO plugin v23.1 - https:\/\/yoast.com\/wordpress\/plugins\/seo\/ -->\n<title>Fas\u00e1da cena za m2 | \u010cist\u00edme Fas\u00e1dy<\/title>\n<meta name=\"description\" content=\"Ak pr\u00e1ve staviate \u00faplne nov\u00fd dom, samozrejme, budete na\u0148 musie\u0165 natiahnu\u0165 nov\u00fa fas\u00e1da \u2013 tu sa\u00a0fas\u00e1da cena za m2\u00a0pohybuje okolo 16 eur.\" \/>\n<meta name=\"robots\" content=\"index, follow, max-snippet:-1, max-image-preview:large, max-video-preview:-1\" \/>\n<link rel=\"canonical\" href=\"https:\/\/cistime-fasady.sk\/cz\/fasada-cena-za-m2\/\" \/>\n<meta property=\"og:locale\" content=\"cs_CZ\" \/>\n<meta property=\"og:type\" content=\"article\" \/>\n<meta property=\"og:title\" content=\"Fas\u00e1da cena za m2 | \u010cist\u00edme Fas\u00e1dy\" \/>\n<meta property=\"og:description\" content=\"Ak pr\u00e1ve staviate \u00faplne nov\u00fd dom, samozrejme, budete na\u0148 musie\u0165 natiahnu\u0165 nov\u00fa fas\u00e1da \u2013 tu sa\u00a0fas\u00e1da cena za m2\u00a0pohybuje okolo 16 eur.\" \/>\n<meta property=\"og:url\" content=\"https:\/\/cistime-fasady.sk\/cz\/fasada-cena-za-m2\/\" \/>\n<meta property=\"og:site_name\" content=\"\u010cist\u00edme Fas\u00e1dy\" \/>\n<meta property=\"article:publisher\" content=\"https:\/\/www.facebook.com\/cisteniefasadvalmax\/\" \/>\n<meta property=\"article:published_time\" content=\"2020-07-18T15:33:00+00:00\" \/>\n<meta property=\"article:modified_time\" content=\"2024-06-19T15:37:06+00:00\" \/>\n<meta property=\"og:image\" content=\"https:\/\/cistime-fasady.sk\/wp-content\/uploads\/2024\/06\/19.jpg\" \/>\n\t<meta property=\"og:image:width\" content=\"1024\" \/>\n\t<meta property=\"og:image:height\" content=\"768\" \/>\n\t<meta property=\"og:image:type\" content=\"image\/jpeg\" \/>\n<meta name=\"author\" content=\"RAKETING\" \/>\n<meta name=\"twitter:card\" content=\"summary_large_image\" \/>\n<meta name=\"twitter:label1\" content=\"Napsal(a)\" \/>\n\t<meta name=\"twitter:data1\" content=\"RAKETING\" \/>\n\t<meta name=\"twitter:label2\" content=\"Odhadovan\u00e1 doba \u010dten\u00ed\" \/>\n\t<meta name=\"twitter:data2\" content=\"2 minuty\" \/>\n<script type=\"application\/ld+json\" class=\"yoast-schema-graph\">{\"@context\":\"https:\/\/schema.org\",\"@graph\":[{\"@type\":\"Article\",\"@id\":\"https:\/\/cistime-fasady.sk\/fasada-cena-za-m2\/#article\",\"isPartOf\":{\"@id\":\"https:\/\/cistime-fasady.sk\/fasada-cena-za-m2\/\"},\"author\":{\"name\":\"RAKETING\",\"@id\":\"https:\/\/cistime-fasady.sk\/#\/schema\/person\/18a2e8eb3e0dbe04479779b3ac0c9865\"},\"headline\":\"Fas\u00e1da cena za m2\",\"datePublished\":\"2020-07-18T15:33:00+00:00\",\"dateModified\":\"2024-06-19T15:37:06+00:00\",\"mainEntityOfPage\":{\"@id\":\"https:\/\/cistime-fasady.sk\/fasada-cena-za-m2\/\"},\"wordCount\":298,\"publisher\":{\"@id\":\"https:\/\/cistime-fasady.sk\/#organization\"},\"image\":{\"@id\":\"https:\/\/cistime-fasady.sk\/fasada-cena-za-m2\/#primaryimage\"},\"thumbnailUrl\":\"https:\/\/cistime-fasady.sk\/wp-content\/uploads\/2024\/06\/19.jpg\",\"articleSection\":[\"Nezaraden\u00e9\"],\"inLanguage\":\"cs\"},{\"@type\":\"WebPage\",\"@id\":\"https:\/\/cistime-fasady.sk\/fasada-cena-za-m2\/\",\"url\":\"https:\/\/cistime-fasady.sk\/fasada-cena-za-m2\/\",\"name\":\"Fas\u00e1da cena za m2 | \u010cist\u00edme Fas\u00e1dy\",\"isPartOf\":{\"@id\":\"https:\/\/cistime-fasady.sk\/#website\"},\"primaryImageOfPage\":{\"@id\":\"https:\/\/cistime-fasady.sk\/fasada-cena-za-m2\/#primaryimage\"},\"image\":{\"@id\":\"https:\/\/cistime-fasady.sk\/fasada-cena-za-m2\/#primaryimage\"},\"thumbnailUrl\":\"https:\/\/cistime-fasady.sk\/wp-content\/uploads\/2024\/06\/19.jpg\",\"datePublished\":\"2020-07-18T15:33:00+00:00\",\"dateModified\":\"2024-06-19T15:37:06+00:00\",\"description\":\"Ak pr\u00e1ve staviate \u00faplne nov\u00fd dom, samozrejme, budete na\u0148 musie\u0165 natiahnu\u0165 nov\u00fa fas\u00e1da \u2013 tu sa\u00a0fas\u00e1da cena za m2\u00a0pohybuje okolo 16 eur.\",\"breadcrumb\":{\"@id\":\"https:\/\/cistime-fasady.sk\/fasada-cena-za-m2\/#breadcrumb\"},\"inLanguage\":\"cs\",\"potentialAction\":[{\"@type\":\"ReadAction\",\"target\":[\"https:\/\/cistime-fasady.sk\/fasada-cena-za-m2\/\"]}]},{\"@type\":\"ImageObject\",\"inLanguage\":\"cs\",\"@id\":\"https:\/\/cistime-fasady.sk\/fasada-cena-za-m2\/#primaryimage\",\"url\":\"https:\/\/cistime-fasady.sk\/wp-content\/uploads\/2024\/06\/19.jpg\",\"contentUrl\":\"https:\/\/cistime-fasady.sk\/wp-content\/uploads\/2024\/06\/19.jpg\",\"width\":1024,\"height\":768,\"caption\":\"19\"},{\"@type\":\"BreadcrumbList\",\"@id\":\"https:\/\/cistime-fasady.sk\/fasada-cena-za-m2\/#breadcrumb\",\"itemListElement\":[{\"@type\":\"ListItem\",\"position\":1,\"name\":\"Domovsk\u00e1 str\u00e1nka\",\"item\":\"https:\/\/cistime-fasady.sk\/\"},{\"@type\":\"ListItem\",\"position\":2,\"name\":\"Fas\u00e1da cena za m2\"}]},{\"@type\":\"WebSite\",\"@id\":\"https:\/\/cistime-fasady.sk\/#website\",\"url\":\"https:\/\/cistime-fasady.sk\/\",\"name\":\"\u010cist\u00edme Fas\u00e1dy\",\"description\":\"Profesion\u00e1lne \u010distenie fas\u00e1d\",\"publisher\":{\"@id\":\"https:\/\/cistime-fasady.sk\/#organization\"},\"alternateName\":\"\u010cF\",\"potentialAction\":[{\"@type\":\"SearchAction\",\"target\":{\"@type\":\"EntryPoint\",\"urlTemplate\":\"https:\/\/cistime-fasady.sk\/?s={search_term_string}\"},\"query-input\":\"required name=search_term_string\"}],\"inLanguage\":\"cs\"},{\"@type\":\"Organization\",\"@id\":\"https:\/\/cistime-fasady.sk\/#organization\",\"name\":\"Valmax s.r.o.\",\"alternateName\":\"Valmax s.r.o.\",\"url\":\"https:\/\/cistime-fasady.sk\/\",\"logo\":{\"@type\":\"ImageObject\",\"inLanguage\":\"cs\",\"@id\":\"https:\/\/cistime-fasady.sk\/#\/schema\/logo\/image\/\",\"url\":\"https:\/\/cistime-fasady.sk\/wp-content\/uploads\/2024\/03\/313207521_617400896841873_42847256823662438_n.jpg\",\"contentUrl\":\"https:\/\/cistime-fasady.sk\/wp-content\/uploads\/2024\/03\/313207521_617400896841873_42847256823662438_n.jpg\",\"width\":971,\"height\":971,\"caption\":\"Valmax s.r.o.\"},\"image\":{\"@id\":\"https:\/\/cistime-fasady.sk\/#\/schema\/logo\/image\/\"},\"sameAs\":[\"https:\/\/www.facebook.com\/cisteniefasadvalmax\/\",\"https:\/\/www.instagram.com\/valmax_cisteniefasad\/\"]},{\"@type\":\"Person\",\"@id\":\"https:\/\/cistime-fasady.sk\/#\/schema\/person\/18a2e8eb3e0dbe04479779b3ac0c9865\",\"name\":\"RAKETING\",\"image\":{\"@type\":\"ImageObject\",\"inLanguage\":\"cs\",\"@id\":\"https:\/\/cistime-fasady.sk\/#\/schema\/person\/image\/\",\"url\":\"https:\/\/secure.gravatar.com\/avatar\/7c3caac6c6527a5588ed6ed3aa8a1560b2c5f42cf1b704448b0ba30756aecfbc?s=96&d=mm&r=g\",\"contentUrl\":\"https:\/\/secure.gravatar.com\/avatar\/7c3caac6c6527a5588ed6ed3aa8a1560b2c5f42cf1b704448b0ba30756aecfbc?s=96&d=mm&r=g\",\"caption\":\"RAKETING\"},\"sameAs\":[\"https:\/\/cistime-fasady.sk\"],\"url\":\"https:\/\/cistime-fasady.sk\/cz\/author\/test02\/\"}]}<\/script>\n<!-- \/ Yoast SEO plugin. -->","yoast_head_json":{"title":"Fas\u00e1da cena za m2 | \u010cist\u00edme Fas\u00e1dy","description":"Ak pr\u00e1ve staviate \u00faplne nov\u00fd dom, samozrejme, budete na\u0148 musie\u0165 natiahnu\u0165 nov\u00fa fas\u00e1da \u2013 tu sa\u00a0fas\u00e1da cena za m2\u00a0pohybuje okolo 16 eur.","robots":{"index":"index","follow":"follow","max-snippet":"max-snippet:-1","max-image-preview":"max-image-preview:large","max-video-preview":"max-video-preview:-1"},"canonical":"https:\/\/cistime-fasady.sk\/cz\/fasada-cena-za-m2\/","og_locale":"cs_CZ","og_type":"article","og_title":"Fas\u00e1da cena za m2 | \u010cist\u00edme Fas\u00e1dy","og_description":"Ak pr\u00e1ve staviate \u00faplne nov\u00fd dom, samozrejme, budete na\u0148 musie\u0165 natiahnu\u0165 nov\u00fa fas\u00e1da \u2013 tu sa\u00a0fas\u00e1da cena za m2\u00a0pohybuje okolo 16 eur.","og_url":"https:\/\/cistime-fasady.sk\/cz\/fasada-cena-za-m2\/","og_site_name":"\u010cist\u00edme Fas\u00e1dy","article_publisher":"https:\/\/www.facebook.com\/cisteniefasadvalmax\/","article_published_time":"2020-07-18T15:33:00+00:00","article_modified_time":"2024-06-19T15:37:06+00:00","og_image":[{"width":1024,"height":768,"url":"https:\/\/cistime-fasady.sk\/wp-content\/uploads\/2024\/06\/19.jpg","type":"image\/jpeg"}],"author":"RAKETING","twitter_card":"summary_large_image","twitter_misc":{"Napsal(a)":"RAKETING","Odhadovan\u00e1 doba \u010dten\u00ed":"2 minuty"},"schema":{"@context":"https:\/\/schema.org","@graph":[{"@type":"Article","@id":"https:\/\/cistime-fasady.sk\/fasada-cena-za-m2\/#article","isPartOf":{"@id":"https:\/\/cistime-fasady.sk\/fasada-cena-za-m2\/"},"author":{"name":"RAKETING","@id":"https:\/\/cistime-fasady.sk\/#\/schema\/person\/18a2e8eb3e0dbe04479779b3ac0c9865"},"headline":"Fas\u00e1da cena za m2","datePublished":"2020-07-18T15:33:00+00:00","dateModified":"2024-06-19T15:37:06+00:00","mainEntityOfPage":{"@id":"https:\/\/cistime-fasady.sk\/fasada-cena-za-m2\/"},"wordCount":298,"publisher":{"@id":"https:\/\/cistime-fasady.sk\/#organization"},"image":{"@id":"https:\/\/cistime-fasady.sk\/fasada-cena-za-m2\/#primaryimage"},"thumbnailUrl":"https:\/\/cistime-fasady.sk\/wp-content\/uploads\/2024\/06\/19.jpg","articleSection":["Nezaraden\u00e9"],"inLanguage":"cs"},{"@type":"WebPage","@id":"https:\/\/cistime-fasady.sk\/fasada-cena-za-m2\/","url":"https:\/\/cistime-fasady.sk\/fasada-cena-za-m2\/","name":"Fas\u00e1da cena za m2 | \u010cist\u00edme Fas\u00e1dy","isPartOf":{"@id":"https:\/\/cistime-fasady.sk\/#website"},"primaryImageOfPage":{"@id":"https:\/\/cistime-fasady.sk\/fasada-cena-za-m2\/#primaryimage"},"image":{"@id":"https:\/\/cistime-fasady.sk\/fasada-cena-za-m2\/#primaryimage"},"thumbnailUrl":"https:\/\/cistime-fasady.sk\/wp-content\/uploads\/2024\/06\/19.jpg","datePublished":"2020-07-18T15:33:00+00:00","dateModified":"2024-06-19T15:37:06+00:00","description":"Ak pr\u00e1ve staviate \u00faplne nov\u00fd dom, samozrejme, budete na\u0148 musie\u0165 natiahnu\u0165 nov\u00fa fas\u00e1da \u2013 tu sa\u00a0fas\u00e1da cena za m2\u00a0pohybuje okolo 16 eur.","breadcrumb":{"@id":"https:\/\/cistime-fasady.sk\/fasada-cena-za-m2\/#breadcrumb"},"inLanguage":"cs","potentialAction":[{"@type":"ReadAction","target":["https:\/\/cistime-fasady.sk\/fasada-cena-za-m2\/"]}]},{"@type":"ImageObject","inLanguage":"cs","@id":"https:\/\/cistime-fasady.sk\/fasada-cena-za-m2\/#primaryimage","url":"https:\/\/cistime-fasady.sk\/wp-content\/uploads\/2024\/06\/19.jpg","contentUrl":"https:\/\/cistime-fasady.sk\/wp-content\/uploads\/2024\/06\/19.jpg","width":1024,"height":768,"caption":"19"},{"@type":"BreadcrumbList","@id":"https:\/\/cistime-fasady.sk\/fasada-cena-za-m2\/#breadcrumb","itemListElement":[{"@type":"ListItem","position":1,"name":"Domovsk\u00e1 str\u00e1nka","item":"https:\/\/cistime-fasady.sk\/"},{"@type":"ListItem","position":2,"name":"Fas\u00e1da cena za m2"}]},{"@type":"WebSite","@id":"https:\/\/cistime-fasady.sk\/#website","url":"https:\/\/cistime-fasady.sk\/","name":"\u010cist\u00edme Fas\u00e1dy","description":"Profesion\u00e1lne \u010distenie fas\u00e1d","publisher":{"@id":"https:\/\/cistime-fasady.sk\/#organization"},"alternateName":"\u010cF","potentialAction":[{"@type":"SearchAction","target":{"@type":"EntryPoint","urlTemplate":"https:\/\/cistime-fasady.sk\/?s={search_term_string}"},"query-input":"required name=search_term_string"}],"inLanguage":"cs"},{"@type":"Organization","@id":"https:\/\/cistime-fasady.sk\/#organization","name":"Valmax s.r.o.","alternateName":"Valmax s.r.o.","url":"https:\/\/cistime-fasady.sk\/","logo":{"@type":"ImageObject","inLanguage":"cs","@id":"https:\/\/cistime-fasady.sk\/#\/schema\/logo\/image\/","url":"https:\/\/cistime-fasady.sk\/wp-content\/uploads\/2024\/03\/313207521_617400896841873_42847256823662438_n.jpg","contentUrl":"https:\/\/cistime-fasady.sk\/wp-content\/uploads\/2024\/03\/313207521_617400896841873_42847256823662438_n.jpg","width":971,"height":971,"caption":"Valmax s.r.o."},"image":{"@id":"https:\/\/cistime-fasady.sk\/#\/schema\/logo\/image\/"},"sameAs":["https:\/\/www.facebook.com\/cisteniefasadvalmax\/","https:\/\/www.instagram.com\/valmax_cisteniefasad\/"]},{"@type":"Person","@id":"https:\/\/cistime-fasady.sk\/#\/schema\/person\/18a2e8eb3e0dbe04479779b3ac0c9865","name":"RAKETING","image":{"@type":"ImageObject","inLanguage":"cs","@id":"https:\/\/cistime-fasady.sk\/#\/schema\/person\/image\/","url":"https:\/\/secure.gravatar.com\/avatar\/7c3caac6c6527a5588ed6ed3aa8a1560b2c5f42cf1b704448b0ba30756aecfbc?s=96&d=mm&r=g","contentUrl":"https:\/\/secure.gravatar.com\/avatar\/7c3caac6c6527a5588ed6ed3aa8a1560b2c5f42cf1b704448b0ba30756aecfbc?s=96&d=mm&r=g","caption":"RAKETING"},"sameAs":["https:\/\/cistime-fasady.sk"],"url":"https:\/\/cistime-fasady.sk\/cz\/author\/test02\/"}]}},"_links":{"self":[{"href":"https:\/\/cistime-fasady.sk\/cz\/wp-json\/wp\/v2\/posts\/1152","targetHints":{"allow":["GET"]}}],"collection":[{"href":"https:\/\/cistime-fasady.sk\/cz\/wp-json\/wp\/v2\/posts"}],"about":[{"href":"https:\/\/cistime-fasady.sk\/cz\/wp-json\/wp\/v2\/types\/post"}],"author":[{"embeddable":true,"href":"https:\/\/cistime-fasady.sk\/cz\/wp-json\/wp\/v2\/users\/1"}],"replies":[{"embeddable":true,"href":"https:\/\/cistime-fasady.sk\/cz\/wp-json\/wp\/v2\/comments?post=1152"}],"version-history":[{"count":1,"href":"https:\/\/cistime-fasady.sk\/cz\/wp-json\/wp\/v2\/posts\/1152\/revisions"}],"predecessor-version":[{"id":1153,"href":"https:\/\/cistime-fasady.sk\/cz\/wp-json\/wp\/v2\/posts\/1152\/revisions\/1153"}],"wp:featuredmedia":[{"embeddable":true,"href":"https:\/\/cistime-fasady.sk\/cz\/wp-json\/wp\/v2\/media\/933"}],"wp:attachment":[{"href":"https:\/\/cistime-fasady.sk\/cz\/wp-json\/wp\/v2\/media?parent=1152"}],"wp:term":[{"taxonomy":"category","embeddable":true,"href":"https:\/\/cistime-fasady.sk\/cz\/wp-json\/wp\/v2\/categories?post=1152"},{"taxonomy":"post_tag","embeddable":true,"href":"https:\/\/cistime-fasady.sk\/cz\/wp-json\/wp\/v2\/tags?post=1152"}],"curies":[{"name":"wp","href":"https:\/\/api.w.org\/{rel}","templated":true}]}}