{"id":1147,"date":"2020-07-26T17:15:00","date_gmt":"2020-07-26T15:15:00","guid":{"rendered":"https:\/\/cistime-fasady.sk\/?p=1147"},"modified":"2024-06-19T17:19:06","modified_gmt":"2024-06-19T15:19:06","slug":"farba-na-omietku","status":"publish","type":"post","link":"https:\/\/cistime-fasady.sk\/cz\/farba-na-omietku\/","title":{"rendered":"Ak\u00e1 farba na omietku je najvhodnej\u0161ia?"},"content":{"rendered":"<p><em><em><strong><em>Farba na omietku<\/em><\/strong>\u00a0by sa mala v\u017edy vybera\u0165 pod\u013ea typu stavby a\u00a0tie\u017e pod\u013ea okolia, v\u00a0ktorom sa dan\u00e1 stavba nach\u00e1dza. Samozrejme, svoju \u00falohu pri v\u00fdbere zohraj\u00fa aj aktu\u00e1lne trendy \u010di ob\u013e\u00faben\u00e9 farby majite\u013ea, no hlavn\u00fa \u00falohu by mala v\u017edy hra\u0165 estetickos\u0165 a\u00a0funk\u010dnos\u0165.<\/em><\/em><\/p>\n\n\n\n<div style=\"height:30px\" aria-hidden=\"true\" class=\"wp-block-spacer\"><\/div>\n\n\n\n<h2 class=\"wp-block-heading\"><strong>AK\u00c1 FARBA NA OMIETKU JE NAJVHODNEJ\u0160IA?<\/strong><\/h2>\n\n\n\n<p>Pozrime sa najprv, ak\u00e1 farba na omietku je vhodn\u00e1 z\u00a0h\u013eadiska estetiky. Pri modern\u00fdch stavb\u00e1ch s\u00a0\u010dist\u00fdmi l\u00edniami najlep\u0161ie funguj\u00fa neutr\u00e1lne odtiene \u2013 od tmavo sivej a\u017e po \u00faplne bielu farbu. Netreba v\u0161ak zab\u00fada\u0165 na to, \u017ee hoci biela farba p\u00f4sob\u00ed minimalisticky a\u00a0elegantne, bude sa aj ve\u013emi r\u00fdchlo zne\u010dis\u0165ova\u0165. Preto treba r\u00e1ta\u0165 s\u00a0n\u00e1kladmi na \u00fadr\u017ebu \u2013 \u010distenie fas\u00e1d.<\/p>\n\n\n\n<div style=\"height:30px\" aria-hidden=\"true\" class=\"wp-block-spacer\"><\/div>\n\n\n\n<h2 class=\"wp-block-heading\"><strong>KLASICK\u00c9 DOMY A\u00a0NA \u010cO SI DA\u0164 POZOR<\/strong><\/h2>\n\n\n\n<p>Ak vlastn\u00edte klasick\u00fd rodinn\u00fd dom, pristan\u00fa mu sk\u00f4r tepl\u00e9 farebn\u00e9 odtiene, nekombinujte v\u0161ak viac ako tri farby. Pozor aj na v\u00fdrazn\u00e9 a s\u00fdte farby, ktor\u00e9 by mohli p\u00f4sobi\u0165 v&nbsp;danej lokalite ru\u0161ivo a&nbsp;pri\u0165ahovali by v\u0161etku pozornos\u0165. Nu\u017e a&nbsp;posledn\u00e1 rada \u2013 pri v\u00fdbere farby na omietku treba myslie\u0165 aj na to, \u017ee farba bude p\u00f4sobi\u0165 na v\u00e4\u010d\u0161ej ploche svetlej\u0161ie ne\u017e ako ste ju videli napr\u00edklad vo vzorkovn\u00edku.<\/p>\n\n\n\n<p>Je va\u0161a fas\u00e1da po p\u00e1r rokoch zne\u010disten\u00e1?\u00a0<a href=\"https:\/\/cistime-fasady.sk\/cz\/kontakt\/\">Kontaktujte n\u00e1s<\/a>\u00a0a\u00a0dohodnite si s\u00a0nami \u010distenie fas\u00e1dy. Va\u0161a fas\u00e1da bude vyzera\u0165 op\u00e4\u0165 ako nov\u00e1 u\u017e v\u00a0priebehu jedn\u00e9ho d\u0148a!<\/p>\n\n\n\n<div style=\"height:30px\" aria-hidden=\"true\" class=\"wp-block-spacer\"><\/div>\n\n\n\n<figure class=\"wp-block-gallery has-nested-images columns-default is-cropped wp-block-gallery-1 is-layout-flex wp-block-gallery-is-layout-flex\">\n<figure class=\"wp-block-image size-large\"><img fetchpriority=\"high\" decoding=\"async\" width=\"1024\" height=\"498\" data-id=\"935\" src=\"https:\/\/cistime-fasady.sk\/wp-content\/uploads\/2024\/06\/21-1024x498.jpg\" alt=\"farba na omietku\" class=\"wp-image-935\" srcset=\"https:\/\/cistime-fasady.sk\/wp-content\/uploads\/2024\/06\/21-1024x498.jpg 1024w, https:\/\/cistime-fasady.sk\/wp-content\/uploads\/2024\/06\/21-300x146.jpg 300w, https:\/\/cistime-fasady.sk\/wp-content\/uploads\/2024\/06\/21-768x373.jpg 768w, https:\/\/cistime-fasady.sk\/wp-content\/uploads\/2024\/06\/21-1536x747.jpg 1536w, https:\/\/cistime-fasady.sk\/wp-content\/uploads\/2024\/06\/21-2048x996.jpg 2048w, https:\/\/cistime-fasady.sk\/wp-content\/uploads\/2024\/06\/21-scaled.jpg 1920w\" sizes=\"(max-width: 1024px) 100vw, 1024px\" \/><\/figure>\n\n\n\n<figure class=\"wp-block-image size-large\"><img decoding=\"async\" width=\"1024\" height=\"498\" data-id=\"936\" src=\"https:\/\/cistime-fasady.sk\/wp-content\/uploads\/2024\/06\/22-1024x498.jpg\" alt=\"farba na omietku\" class=\"wp-image-936\" srcset=\"https:\/\/cistime-fasady.sk\/wp-content\/uploads\/2024\/06\/22-1024x498.jpg 1024w, https:\/\/cistime-fasady.sk\/wp-content\/uploads\/2024\/06\/22-300x146.jpg 300w, https:\/\/cistime-fasady.sk\/wp-content\/uploads\/2024\/06\/22-768x373.jpg 768w, https:\/\/cistime-fasady.sk\/wp-content\/uploads\/2024\/06\/22-1536x747.jpg 1536w, https:\/\/cistime-fasady.sk\/wp-content\/uploads\/2024\/06\/22-2048x996.jpg 2048w, https:\/\/cistime-fasady.sk\/wp-content\/uploads\/2024\/06\/22-scaled.jpg 1920w\" sizes=\"(max-width: 1024px) 100vw, 1024px\" \/><\/figure>\n<\/figure>","protected":false},"excerpt":{"rendered":"<p>Farba na omietku\u00a0by sa mala v\u017edy vybera\u0165 pod\u013ea typu stavby a\u00a0tie\u017e pod\u013ea okolia, v\u00a0ktorom sa dan\u00e1 stavba nach\u00e1dza. Samozrejme, svoju \u00falohu pri v\u00fdbere zohraj\u00fa aj aktu\u00e1lne trendy \u010di ob\u013e\u00faben\u00e9 farby majite\u013ea, no hlavn\u00fa \u00falohu by mala v\u017edy hra\u0165 estetickos\u0165 a\u00a0funk\u010dnos\u0165.<\/p>","protected":false},"author":1,"featured_media":935,"comment_status":"closed","ping_status":"open","sticky":false,"template":"","format":"standard","meta":{"footnotes":""},"categories":[1],"tags":[],"class_list":["post-1147","post","type-post","status-publish","format-standard","has-post-thumbnail","hentry","category-nezaradene"],"yoast_head":"<!-- This site is optimized with the Yoast SEO plugin v23.1 - https:\/\/yoast.com\/wordpress\/plugins\/seo\/ -->\n<title>Ak\u00e1 farba na omietku je najvhodnej\u0161ia? | \u010cist\u00edme Fas\u00e1dy<\/title>\n<meta name=\"description\" content=\"Farba na omietku\u00a0by sa mala v\u017edy vybera\u0165 pod\u013ea typu stavby a\u00a0tie\u017e pod\u013ea okolia, v\u00a0ktorom sa dan\u00e1 stavba nach\u00e1dza.\" \/>\n<meta name=\"robots\" content=\"index, follow, max-snippet:-1, max-image-preview:large, max-video-preview:-1\" \/>\n<link rel=\"canonical\" href=\"https:\/\/cistime-fasady.sk\/cz\/farba-na-omietku\/\" \/>\n<meta property=\"og:locale\" content=\"cs_CZ\" \/>\n<meta property=\"og:type\" content=\"article\" \/>\n<meta property=\"og:title\" content=\"Ak\u00e1 farba na omietku je najvhodnej\u0161ia? | \u010cist\u00edme Fas\u00e1dy\" \/>\n<meta property=\"og:description\" content=\"Farba na omietku\u00a0by sa mala v\u017edy vybera\u0165 pod\u013ea typu stavby a\u00a0tie\u017e pod\u013ea okolia, v\u00a0ktorom sa dan\u00e1 stavba nach\u00e1dza.\" \/>\n<meta property=\"og:url\" content=\"https:\/\/cistime-fasady.sk\/cz\/farba-na-omietku\/\" \/>\n<meta property=\"og:site_name\" content=\"\u010cist\u00edme Fas\u00e1dy\" \/>\n<meta property=\"article:publisher\" content=\"https:\/\/www.facebook.com\/cisteniefasadvalmax\/\" \/>\n<meta property=\"article:published_time\" content=\"2020-07-26T15:15:00+00:00\" \/>\n<meta property=\"article:modified_time\" content=\"2024-06-19T15:19:06+00:00\" \/>\n<meta property=\"og:image\" content=\"https:\/\/cistime-fasady.sk\/wp-content\/uploads\/2024\/06\/21-scaled.jpg\" \/>\n\t<meta property=\"og:image:width\" content=\"2560\" \/>\n\t<meta property=\"og:image:height\" content=\"1244\" \/>\n\t<meta property=\"og:image:type\" content=\"image\/jpeg\" \/>\n<meta name=\"author\" content=\"RAKETING\" \/>\n<meta name=\"twitter:card\" content=\"summary_large_image\" \/>\n<meta name=\"twitter:label1\" content=\"Napsal(a)\" \/>\n\t<meta name=\"twitter:data1\" content=\"RAKETING\" \/>\n\t<meta name=\"twitter:label2\" content=\"Odhadovan\u00e1 doba \u010dten\u00ed\" \/>\n\t<meta name=\"twitter:data2\" content=\"2 minuty\" \/>\n<script type=\"application\/ld+json\" class=\"yoast-schema-graph\">{\"@context\":\"https:\/\/schema.org\",\"@graph\":[{\"@type\":\"Article\",\"@id\":\"https:\/\/cistime-fasady.sk\/farba-na-omietku\/#article\",\"isPartOf\":{\"@id\":\"https:\/\/cistime-fasady.sk\/farba-na-omietku\/\"},\"author\":{\"name\":\"RAKETING\",\"@id\":\"https:\/\/cistime-fasady.sk\/#\/schema\/person\/18a2e8eb3e0dbe04479779b3ac0c9865\"},\"headline\":\"Ak\u00e1 farba na omietku je najvhodnej\u0161ia?\",\"datePublished\":\"2020-07-26T15:15:00+00:00\",\"dateModified\":\"2024-06-19T15:19:06+00:00\",\"mainEntityOfPage\":{\"@id\":\"https:\/\/cistime-fasady.sk\/farba-na-omietku\/\"},\"wordCount\":275,\"publisher\":{\"@id\":\"https:\/\/cistime-fasady.sk\/#organization\"},\"image\":{\"@id\":\"https:\/\/cistime-fasady.sk\/farba-na-omietku\/#primaryimage\"},\"thumbnailUrl\":\"https:\/\/cistime-fasady.sk\/wp-content\/uploads\/2024\/06\/21-scaled.jpg\",\"articleSection\":[\"Nezaraden\u00e9\"],\"inLanguage\":\"cs\"},{\"@type\":\"WebPage\",\"@id\":\"https:\/\/cistime-fasady.sk\/farba-na-omietku\/\",\"url\":\"https:\/\/cistime-fasady.sk\/farba-na-omietku\/\",\"name\":\"Ak\u00e1 farba na omietku je najvhodnej\u0161ia? | \u010cist\u00edme Fas\u00e1dy\",\"isPartOf\":{\"@id\":\"https:\/\/cistime-fasady.sk\/#website\"},\"primaryImageOfPage\":{\"@id\":\"https:\/\/cistime-fasady.sk\/farba-na-omietku\/#primaryimage\"},\"image\":{\"@id\":\"https:\/\/cistime-fasady.sk\/farba-na-omietku\/#primaryimage\"},\"thumbnailUrl\":\"https:\/\/cistime-fasady.sk\/wp-content\/uploads\/2024\/06\/21-scaled.jpg\",\"datePublished\":\"2020-07-26T15:15:00+00:00\",\"dateModified\":\"2024-06-19T15:19:06+00:00\",\"description\":\"Farba na omietku\u00a0by sa mala v\u017edy vybera\u0165 pod\u013ea typu stavby a\u00a0tie\u017e pod\u013ea okolia, v\u00a0ktorom sa dan\u00e1 stavba nach\u00e1dza.\",\"breadcrumb\":{\"@id\":\"https:\/\/cistime-fasady.sk\/farba-na-omietku\/#breadcrumb\"},\"inLanguage\":\"cs\",\"potentialAction\":[{\"@type\":\"ReadAction\",\"target\":[\"https:\/\/cistime-fasady.sk\/farba-na-omietku\/\"]}]},{\"@type\":\"ImageObject\",\"inLanguage\":\"cs\",\"@id\":\"https:\/\/cistime-fasady.sk\/farba-na-omietku\/#primaryimage\",\"url\":\"https:\/\/cistime-fasady.sk\/wp-content\/uploads\/2024\/06\/21-scaled.jpg\",\"contentUrl\":\"https:\/\/cistime-fasady.sk\/wp-content\/uploads\/2024\/06\/21-scaled.jpg\",\"width\":1920,\"height\":933,\"caption\":\"21 scaled\"},{\"@type\":\"BreadcrumbList\",\"@id\":\"https:\/\/cistime-fasady.sk\/farba-na-omietku\/#breadcrumb\",\"itemListElement\":[{\"@type\":\"ListItem\",\"position\":1,\"name\":\"Domovsk\u00e1 str\u00e1nka\",\"item\":\"https:\/\/cistime-fasady.sk\/\"},{\"@type\":\"ListItem\",\"position\":2,\"name\":\"Ak\u00e1 farba na omietku je najvhodnej\u0161ia?\"}]},{\"@type\":\"WebSite\",\"@id\":\"https:\/\/cistime-fasady.sk\/#website\",\"url\":\"https:\/\/cistime-fasady.sk\/\",\"name\":\"\u010cist\u00edme Fas\u00e1dy\",\"description\":\"Profesion\u00e1lne \u010distenie fas\u00e1d\",\"publisher\":{\"@id\":\"https:\/\/cistime-fasady.sk\/#organization\"},\"alternateName\":\"\u010cF\",\"potentialAction\":[{\"@type\":\"SearchAction\",\"target\":{\"@type\":\"EntryPoint\",\"urlTemplate\":\"https:\/\/cistime-fasady.sk\/?s={search_term_string}\"},\"query-input\":\"required name=search_term_string\"}],\"inLanguage\":\"cs\"},{\"@type\":\"Organization\",\"@id\":\"https:\/\/cistime-fasady.sk\/#organization\",\"name\":\"Valmax s.r.o.\",\"alternateName\":\"Valmax s.r.o.\",\"url\":\"https:\/\/cistime-fasady.sk\/\",\"logo\":{\"@type\":\"ImageObject\",\"inLanguage\":\"cs\",\"@id\":\"https:\/\/cistime-fasady.sk\/#\/schema\/logo\/image\/\",\"url\":\"https:\/\/cistime-fasady.sk\/wp-content\/uploads\/2024\/03\/313207521_617400896841873_42847256823662438_n.jpg\",\"contentUrl\":\"https:\/\/cistime-fasady.sk\/wp-content\/uploads\/2024\/03\/313207521_617400896841873_42847256823662438_n.jpg\",\"width\":971,\"height\":971,\"caption\":\"Valmax s.r.o.\"},\"image\":{\"@id\":\"https:\/\/cistime-fasady.sk\/#\/schema\/logo\/image\/\"},\"sameAs\":[\"https:\/\/www.facebook.com\/cisteniefasadvalmax\/\",\"https:\/\/www.instagram.com\/valmax_cisteniefasad\/\"]},{\"@type\":\"Person\",\"@id\":\"https:\/\/cistime-fasady.sk\/#\/schema\/person\/18a2e8eb3e0dbe04479779b3ac0c9865\",\"name\":\"RAKETING\",\"image\":{\"@type\":\"ImageObject\",\"inLanguage\":\"cs\",\"@id\":\"https:\/\/cistime-fasady.sk\/#\/schema\/person\/image\/\",\"url\":\"https:\/\/secure.gravatar.com\/avatar\/7c3caac6c6527a5588ed6ed3aa8a1560b2c5f42cf1b704448b0ba30756aecfbc?s=96&d=mm&r=g\",\"contentUrl\":\"https:\/\/secure.gravatar.com\/avatar\/7c3caac6c6527a5588ed6ed3aa8a1560b2c5f42cf1b704448b0ba30756aecfbc?s=96&d=mm&r=g\",\"caption\":\"RAKETING\"},\"sameAs\":[\"https:\/\/cistime-fasady.sk\"],\"url\":\"https:\/\/cistime-fasady.sk\/cz\/author\/test02\/\"}]}<\/script>\n<!-- \/ Yoast SEO plugin. -->","yoast_head_json":{"title":"Ak\u00e1 farba na omietku je najvhodnej\u0161ia? | \u010cist\u00edme Fas\u00e1dy","description":"Farba na omietku\u00a0by sa mala v\u017edy vybera\u0165 pod\u013ea typu stavby a\u00a0tie\u017e pod\u013ea okolia, v\u00a0ktorom sa dan\u00e1 stavba nach\u00e1dza.","robots":{"index":"index","follow":"follow","max-snippet":"max-snippet:-1","max-image-preview":"max-image-preview:large","max-video-preview":"max-video-preview:-1"},"canonical":"https:\/\/cistime-fasady.sk\/cz\/farba-na-omietku\/","og_locale":"cs_CZ","og_type":"article","og_title":"Ak\u00e1 farba na omietku je najvhodnej\u0161ia? | \u010cist\u00edme Fas\u00e1dy","og_description":"Farba na omietku\u00a0by sa mala v\u017edy vybera\u0165 pod\u013ea typu stavby a\u00a0tie\u017e pod\u013ea okolia, v\u00a0ktorom sa dan\u00e1 stavba nach\u00e1dza.","og_url":"https:\/\/cistime-fasady.sk\/cz\/farba-na-omietku\/","og_site_name":"\u010cist\u00edme Fas\u00e1dy","article_publisher":"https:\/\/www.facebook.com\/cisteniefasadvalmax\/","article_published_time":"2020-07-26T15:15:00+00:00","article_modified_time":"2024-06-19T15:19:06+00:00","og_image":[{"width":2560,"height":1244,"url":"https:\/\/cistime-fasady.sk\/wp-content\/uploads\/2024\/06\/21-scaled.jpg","type":"image\/jpeg"}],"author":"RAKETING","twitter_card":"summary_large_image","twitter_misc":{"Napsal(a)":"RAKETING","Odhadovan\u00e1 doba \u010dten\u00ed":"2 minuty"},"schema":{"@context":"https:\/\/schema.org","@graph":[{"@type":"Article","@id":"https:\/\/cistime-fasady.sk\/farba-na-omietku\/#article","isPartOf":{"@id":"https:\/\/cistime-fasady.sk\/farba-na-omietku\/"},"author":{"name":"RAKETING","@id":"https:\/\/cistime-fasady.sk\/#\/schema\/person\/18a2e8eb3e0dbe04479779b3ac0c9865"},"headline":"Ak\u00e1 farba na omietku je najvhodnej\u0161ia?","datePublished":"2020-07-26T15:15:00+00:00","dateModified":"2024-06-19T15:19:06+00:00","mainEntityOfPage":{"@id":"https:\/\/cistime-fasady.sk\/farba-na-omietku\/"},"wordCount":275,"publisher":{"@id":"https:\/\/cistime-fasady.sk\/#organization"},"image":{"@id":"https:\/\/cistime-fasady.sk\/farba-na-omietku\/#primaryimage"},"thumbnailUrl":"https:\/\/cistime-fasady.sk\/wp-content\/uploads\/2024\/06\/21-scaled.jpg","articleSection":["Nezaraden\u00e9"],"inLanguage":"cs"},{"@type":"WebPage","@id":"https:\/\/cistime-fasady.sk\/farba-na-omietku\/","url":"https:\/\/cistime-fasady.sk\/farba-na-omietku\/","name":"Ak\u00e1 farba na omietku je najvhodnej\u0161ia? | \u010cist\u00edme Fas\u00e1dy","isPartOf":{"@id":"https:\/\/cistime-fasady.sk\/#website"},"primaryImageOfPage":{"@id":"https:\/\/cistime-fasady.sk\/farba-na-omietku\/#primaryimage"},"image":{"@id":"https:\/\/cistime-fasady.sk\/farba-na-omietku\/#primaryimage"},"thumbnailUrl":"https:\/\/cistime-fasady.sk\/wp-content\/uploads\/2024\/06\/21-scaled.jpg","datePublished":"2020-07-26T15:15:00+00:00","dateModified":"2024-06-19T15:19:06+00:00","description":"Farba na omietku\u00a0by sa mala v\u017edy vybera\u0165 pod\u013ea typu stavby a\u00a0tie\u017e pod\u013ea okolia, v\u00a0ktorom sa dan\u00e1 stavba nach\u00e1dza.","breadcrumb":{"@id":"https:\/\/cistime-fasady.sk\/farba-na-omietku\/#breadcrumb"},"inLanguage":"cs","potentialAction":[{"@type":"ReadAction","target":["https:\/\/cistime-fasady.sk\/farba-na-omietku\/"]}]},{"@type":"ImageObject","inLanguage":"cs","@id":"https:\/\/cistime-fasady.sk\/farba-na-omietku\/#primaryimage","url":"https:\/\/cistime-fasady.sk\/wp-content\/uploads\/2024\/06\/21-scaled.jpg","contentUrl":"https:\/\/cistime-fasady.sk\/wp-content\/uploads\/2024\/06\/21-scaled.jpg","width":1920,"height":933,"caption":"21 scaled"},{"@type":"BreadcrumbList","@id":"https:\/\/cistime-fasady.sk\/farba-na-omietku\/#breadcrumb","itemListElement":[{"@type":"ListItem","position":1,"name":"Domovsk\u00e1 str\u00e1nka","item":"https:\/\/cistime-fasady.sk\/"},{"@type":"ListItem","position":2,"name":"Ak\u00e1 farba na omietku je najvhodnej\u0161ia?"}]},{"@type":"WebSite","@id":"https:\/\/cistime-fasady.sk\/#website","url":"https:\/\/cistime-fasady.sk\/","name":"\u010cist\u00edme Fas\u00e1dy","description":"Profesion\u00e1lne \u010distenie fas\u00e1d","publisher":{"@id":"https:\/\/cistime-fasady.sk\/#organization"},"alternateName":"\u010cF","potentialAction":[{"@type":"SearchAction","target":{"@type":"EntryPoint","urlTemplate":"https:\/\/cistime-fasady.sk\/?s={search_term_string}"},"query-input":"required name=search_term_string"}],"inLanguage":"cs"},{"@type":"Organization","@id":"https:\/\/cistime-fasady.sk\/#organization","name":"Valmax s.r.o.","alternateName":"Valmax s.r.o.","url":"https:\/\/cistime-fasady.sk\/","logo":{"@type":"ImageObject","inLanguage":"cs","@id":"https:\/\/cistime-fasady.sk\/#\/schema\/logo\/image\/","url":"https:\/\/cistime-fasady.sk\/wp-content\/uploads\/2024\/03\/313207521_617400896841873_42847256823662438_n.jpg","contentUrl":"https:\/\/cistime-fasady.sk\/wp-content\/uploads\/2024\/03\/313207521_617400896841873_42847256823662438_n.jpg","width":971,"height":971,"caption":"Valmax s.r.o."},"image":{"@id":"https:\/\/cistime-fasady.sk\/#\/schema\/logo\/image\/"},"sameAs":["https:\/\/www.facebook.com\/cisteniefasadvalmax\/","https:\/\/www.instagram.com\/valmax_cisteniefasad\/"]},{"@type":"Person","@id":"https:\/\/cistime-fasady.sk\/#\/schema\/person\/18a2e8eb3e0dbe04479779b3ac0c9865","name":"RAKETING","image":{"@type":"ImageObject","inLanguage":"cs","@id":"https:\/\/cistime-fasady.sk\/#\/schema\/person\/image\/","url":"https:\/\/secure.gravatar.com\/avatar\/7c3caac6c6527a5588ed6ed3aa8a1560b2c5f42cf1b704448b0ba30756aecfbc?s=96&d=mm&r=g","contentUrl":"https:\/\/secure.gravatar.com\/avatar\/7c3caac6c6527a5588ed6ed3aa8a1560b2c5f42cf1b704448b0ba30756aecfbc?s=96&d=mm&r=g","caption":"RAKETING"},"sameAs":["https:\/\/cistime-fasady.sk"],"url":"https:\/\/cistime-fasady.sk\/cz\/author\/test02\/"}]}},"_links":{"self":[{"href":"https:\/\/cistime-fasady.sk\/cz\/wp-json\/wp\/v2\/posts\/1147","targetHints":{"allow":["GET"]}}],"collection":[{"href":"https:\/\/cistime-fasady.sk\/cz\/wp-json\/wp\/v2\/posts"}],"about":[{"href":"https:\/\/cistime-fasady.sk\/cz\/wp-json\/wp\/v2\/types\/post"}],"author":[{"embeddable":true,"href":"https:\/\/cistime-fasady.sk\/cz\/wp-json\/wp\/v2\/users\/1"}],"replies":[{"embeddable":true,"href":"https:\/\/cistime-fasady.sk\/cz\/wp-json\/wp\/v2\/comments?post=1147"}],"version-history":[{"count":1,"href":"https:\/\/cistime-fasady.sk\/cz\/wp-json\/wp\/v2\/posts\/1147\/revisions"}],"predecessor-version":[{"id":1148,"href":"https:\/\/cistime-fasady.sk\/cz\/wp-json\/wp\/v2\/posts\/1147\/revisions\/1148"}],"wp:featuredmedia":[{"embeddable":true,"href":"https:\/\/cistime-fasady.sk\/cz\/wp-json\/wp\/v2\/media\/935"}],"wp:attachment":[{"href":"https:\/\/cistime-fasady.sk\/cz\/wp-json\/wp\/v2\/media?parent=1147"}],"wp:term":[{"taxonomy":"category","embeddable":true,"href":"https:\/\/cistime-fasady.sk\/cz\/wp-json\/wp\/v2\/categories?post=1147"},{"taxonomy":"post_tag","embeddable":true,"href":"https:\/\/cistime-fasady.sk\/cz\/wp-json\/wp\/v2\/tags?post=1147"}],"curies":[{"name":"wp","href":"https:\/\/api.w.org\/{rel}","templated":true}]}}