{"id":1141,"date":"2020-08-23T15:20:00","date_gmt":"2020-08-23T13:20:00","guid":{"rendered":"https:\/\/cistime-fasady.sk\/?p=1141"},"modified":"2024-06-19T15:26:30","modified_gmt":"2024-06-19T13:26:30","slug":"oprava-fasady-cena-za-m2","status":"publish","type":"post","link":"https:\/\/cistime-fasady.sk\/cz\/oprava-fasady-cena-za-m2\/","title":{"rendered":"Oprava fas\u00e1dy cena za m2"},"content":{"rendered":"<p><em>Pokia\u013e m\u00e1te rodinn\u00fd dom, pravdepodobne u\u017e viete, ko\u013eko pravidelnej starostlivosti si tak\u00fd dom vy\u017eaduje, \u010di u\u017e ide o\u00a0z\u00e1hradu, exteri\u00e9r alebo interi\u00e9r. Jednou z\u00a0vec\u00ed, ktor\u00fdm treba venova\u0165 pravideln\u00fa starostlivos\u0165, no ve\u013ea majite\u013eov na to zab\u00fada, je aj fas\u00e1da domu. Vo v\u0161eobecnosti sa odpor\u00fa\u010da, aby ste pozornos\u0165 a starostlivos\u0165 svojej fas\u00e1de venovali aspo\u0148 raz za p\u00e4\u0165 rokov. Tak\u00e1to pravideln\u00e1 starostlivos\u0165 zah\u0155\u0148a napr\u00edklad opravu drobn\u00fdch trhl\u00edn a\u00a0praskl\u00edn, odstr\u00e1nenie rias a\u00a0plesn\u00ed \u010di kompletn\u00e9 \u010distenie fas\u00e1dy.<\/em><\/p>\n\n\n\n<div style=\"height:30px\" aria-hidden=\"true\" class=\"wp-block-spacer\"><\/div>\n\n\n\n<h2 class=\"wp-block-heading\"><strong>OPRAVA FAS\u00c1DY CENA ZA M2 VS. PRAVIDELN\u00c1 STAROSTLIVOS\u0164 A \u010cISTENIE FAS\u00c1DY CENA ZA M2<\/strong><\/h2>\n\n\n\n<p>Ak sa o\u00a0svoju fas\u00e1du nestar\u00e1te pravidelne, sk\u00f4r \u010di nesk\u00f4r bude nevyhnutn\u00e1 kompletn\u00e1 oprava fas\u00e1dy.\u00a0<strong><em>Oprava fas\u00e1dy cena za m2<\/em><\/strong>\u00a0sa pohybuje od 16 eur za meter \u0161tvorcov\u00fd vy\u0161\u0161ie. Naopak, ak sa o\u00a0svoju fas\u00e1du star\u00e1te pravidelne, tak\u00e1to \u00fadr\u017eba v\u00e1s vyjde okolo 3,8 eura za meter \u0161tvorcov\u00fd. Tu m\u00f4\u017eete vidie\u0165, \u017ee ide o\u00a0naozaj ve\u013ek\u00fd finan\u010dn\u00fd rozdiel a\u00a0pravideln\u00e1 starostlivos\u0165 o\u00a0fas\u00e1du sa ur\u010dite vyplat\u00ed.<\/p>\n\n\n\n<div style=\"height:30px\" aria-hidden=\"true\" class=\"wp-block-spacer\"><\/div>\n\n\n\n<h2 class=\"wp-block-heading\"><strong>KEDY JE POTREBN\u00c1 OPRAVA FAS\u00c1DY A\u00a0KEDY STA\u010c\u00cd IBA VY\u010cISTENIE?<\/strong><\/h2>\n\n\n\n<p>Ak sa na va\u0161ej fas\u00e1de objavuj\u00fa ve\u013ek\u00e9 trhliny a\u00a0praskliny, pr\u00edpadne sa v\u00e1m z\u00a0fas\u00e1dy odlupuj\u00fa kusy farby, potom je kompletn\u00e1 oprava fas\u00e1dy nevyhnutnos\u0165ou. Ak je v\u0161ak va\u0161a fas\u00e1da iba zne\u010disten\u00e1, dokonca aj ke\u010f sa na nej objavuj\u00fa plesne a\u00a0riasy, bude v\u00e1m s\u00a0najv\u00e4\u010d\u0161ou pravdepodobnos\u0165ou sta\u010di\u0165 iba\u00a0<a href=\"https:\/\/cistime-fasady.sk\/cz\/cistenie-fasad\/\">vy\u010distenie fas\u00e1dy<\/a>\u00a0a\u00a0n\u00e1sledn\u00fd ochrann\u00fd n\u00e1ter.<\/p>\n\n\n\n<div style=\"height:30px\" aria-hidden=\"true\" class=\"wp-block-spacer\"><\/div>\n\n\n\n<figure class=\"wp-block-gallery has-nested-images columns-default is-cropped wp-block-gallery-1 is-layout-flex wp-block-gallery-is-layout-flex\">\n<figure class=\"wp-block-image size-large\"><img fetchpriority=\"high\" decoding=\"async\" width=\"1024\" height=\"768\" data-id=\"937\" src=\"https:\/\/cistime-fasady.sk\/wp-content\/uploads\/2024\/06\/23-1024x768.jpg\" alt=\"oprava fas\u00e1dy cena za m2\" class=\"wp-image-937\" srcset=\"https:\/\/cistime-fasady.sk\/wp-content\/uploads\/2024\/06\/23-1024x768.jpg 1024w, https:\/\/cistime-fasady.sk\/wp-content\/uploads\/2024\/06\/23-300x225.jpg 300w, https:\/\/cistime-fasady.sk\/wp-content\/uploads\/2024\/06\/23-768x576.jpg 768w, https:\/\/cistime-fasady.sk\/wp-content\/uploads\/2024\/06\/23-1536x1152.jpg 1536w, https:\/\/cistime-fasady.sk\/wp-content\/uploads\/2024\/06\/23-2048x1536.jpg 2048w, https:\/\/cistime-fasady.sk\/wp-content\/uploads\/2024\/06\/23-scaled.jpg 1920w\" sizes=\"(max-width: 1024px) 100vw, 1024px\" \/><\/figure>\n\n\n\n<figure class=\"wp-block-image size-large\"><img decoding=\"async\" width=\"1024\" height=\"768\" data-id=\"938\" src=\"https:\/\/cistime-fasady.sk\/wp-content\/uploads\/2024\/06\/24-1024x768.jpg\" alt=\"oprava fasady cena za m2\" class=\"wp-image-938\" srcset=\"https:\/\/cistime-fasady.sk\/wp-content\/uploads\/2024\/06\/24-1024x768.jpg 1024w, https:\/\/cistime-fasady.sk\/wp-content\/uploads\/2024\/06\/24-300x225.jpg 300w, https:\/\/cistime-fasady.sk\/wp-content\/uploads\/2024\/06\/24-768x576.jpg 768w, https:\/\/cistime-fasady.sk\/wp-content\/uploads\/2024\/06\/24-1536x1152.jpg 1536w, https:\/\/cistime-fasady.sk\/wp-content\/uploads\/2024\/06\/24-2048x1536.jpg 2048w, https:\/\/cistime-fasady.sk\/wp-content\/uploads\/2024\/06\/24-scaled.jpg 1920w\" sizes=\"(max-width: 1024px) 100vw, 1024px\" \/><\/figure>\n<\/figure>","protected":false},"excerpt":{"rendered":"<p>Pokia\u013e m\u00e1te rodinn\u00fd dom, pravdepodobne u\u017e viete, ko\u013eko pravidelnej starostlivosti si tak\u00fd dom vy\u017eaduje, \u010di u\u017e ide o\u00a0z\u00e1hradu, exteri\u00e9r alebo interi\u00e9r. Jednou z\u00a0vec\u00ed, ktor\u00fdm treba venova\u0165 pravideln\u00fa starostlivos\u0165, no ve\u013ea majite\u013eov na to zab\u00fada, je aj fas\u00e1da domu. Vo v\u0161eobecnosti sa odpor\u00fa\u010da, aby ste pozornos\u0165 a starostlivos\u0165 svojej fas\u00e1de venovali aspo\u0148 raz za p\u00e4\u0165 rokov. Tak\u00e1to pravideln\u00e1 starostlivos\u0165 zah\u0155\u0148a napr\u00edklad opravu drobn\u00fdch trhl\u00edn a\u00a0praskl\u00edn, odstr\u00e1nenie rias a\u00a0plesn\u00ed \u010di kompletn\u00e9 \u010distenie fas\u00e1dy.<\/p>","protected":false},"author":1,"featured_media":937,"comment_status":"closed","ping_status":"open","sticky":false,"template":"","format":"standard","meta":{"footnotes":""},"categories":[1],"tags":[],"class_list":["post-1141","post","type-post","status-publish","format-standard","has-post-thumbnail","hentry","category-nezaradene"],"yoast_head":"<!-- This site is optimized with the Yoast SEO plugin v23.1 - https:\/\/yoast.com\/wordpress\/plugins\/seo\/ -->\n<title>Oprava fas\u00e1dy cena za m2 | \u010cist\u00edme Fas\u00e1dy<\/title>\n<meta name=\"description\" content=\"Oprava fas\u00e1dy - cena za m2\u00a0sa pohybuje od 16\u20ac\/m2 vy\u0161\u0161ie. Ak sa o\u00a0svoju fas\u00e1du star\u00e1te pravidelne, tak\u00e1to \u00fadr\u017eba v\u00e1s vyjde okolo 3,8\u20ac\/m2.\" \/>\n<meta name=\"robots\" content=\"index, follow, max-snippet:-1, max-image-preview:large, max-video-preview:-1\" \/>\n<link rel=\"canonical\" href=\"https:\/\/cistime-fasady.sk\/cz\/oprava-fasady-cena-za-m2\/\" \/>\n<meta property=\"og:locale\" content=\"cs_CZ\" \/>\n<meta property=\"og:type\" content=\"article\" \/>\n<meta property=\"og:title\" content=\"Oprava fas\u00e1dy cena za m2 | \u010cist\u00edme Fas\u00e1dy\" \/>\n<meta property=\"og:description\" content=\"Oprava fas\u00e1dy - cena za m2\u00a0sa pohybuje od 16\u20ac\/m2 vy\u0161\u0161ie. Ak sa o\u00a0svoju fas\u00e1du star\u00e1te pravidelne, tak\u00e1to \u00fadr\u017eba v\u00e1s vyjde okolo 3,8\u20ac\/m2.\" \/>\n<meta property=\"og:url\" content=\"https:\/\/cistime-fasady.sk\/cz\/oprava-fasady-cena-za-m2\/\" \/>\n<meta property=\"og:site_name\" content=\"\u010cist\u00edme Fas\u00e1dy\" \/>\n<meta property=\"article:publisher\" content=\"https:\/\/www.facebook.com\/cisteniefasadvalmax\/\" \/>\n<meta property=\"article:published_time\" content=\"2020-08-23T13:20:00+00:00\" \/>\n<meta property=\"article:modified_time\" content=\"2024-06-19T13:26:30+00:00\" \/>\n<meta property=\"og:image\" content=\"https:\/\/cistime-fasady.sk\/wp-content\/uploads\/2024\/06\/23-scaled.jpg\" \/>\n\t<meta property=\"og:image:width\" content=\"2560\" \/>\n\t<meta property=\"og:image:height\" content=\"1920\" \/>\n\t<meta property=\"og:image:type\" content=\"image\/jpeg\" \/>\n<meta name=\"author\" content=\"RAKETING\" \/>\n<meta name=\"twitter:card\" content=\"summary_large_image\" \/>\n<meta name=\"twitter:label1\" content=\"Napsal(a)\" \/>\n\t<meta name=\"twitter:data1\" content=\"RAKETING\" \/>\n\t<meta name=\"twitter:label2\" content=\"Odhadovan\u00e1 doba \u010dten\u00ed\" \/>\n\t<meta name=\"twitter:data2\" content=\"2 minuty\" \/>\n<script type=\"application\/ld+json\" class=\"yoast-schema-graph\">{\"@context\":\"https:\/\/schema.org\",\"@graph\":[{\"@type\":\"Article\",\"@id\":\"https:\/\/cistime-fasady.sk\/oprava-fasady-cena-za-m2\/#article\",\"isPartOf\":{\"@id\":\"https:\/\/cistime-fasady.sk\/oprava-fasady-cena-za-m2\/\"},\"author\":{\"name\":\"RAKETING\",\"@id\":\"https:\/\/cistime-fasady.sk\/#\/schema\/person\/18a2e8eb3e0dbe04479779b3ac0c9865\"},\"headline\":\"Oprava fas\u00e1dy cena za m2\",\"datePublished\":\"2020-08-23T13:20:00+00:00\",\"dateModified\":\"2024-06-19T13:26:30+00:00\",\"mainEntityOfPage\":{\"@id\":\"https:\/\/cistime-fasady.sk\/oprava-fasady-cena-za-m2\/\"},\"wordCount\":285,\"publisher\":{\"@id\":\"https:\/\/cistime-fasady.sk\/#organization\"},\"image\":{\"@id\":\"https:\/\/cistime-fasady.sk\/oprava-fasady-cena-za-m2\/#primaryimage\"},\"thumbnailUrl\":\"https:\/\/cistime-fasady.sk\/wp-content\/uploads\/2024\/06\/23-scaled.jpg\",\"articleSection\":[\"Nezaraden\u00e9\"],\"inLanguage\":\"cs\"},{\"@type\":\"WebPage\",\"@id\":\"https:\/\/cistime-fasady.sk\/oprava-fasady-cena-za-m2\/\",\"url\":\"https:\/\/cistime-fasady.sk\/oprava-fasady-cena-za-m2\/\",\"name\":\"Oprava fas\u00e1dy cena za m2 | \u010cist\u00edme Fas\u00e1dy\",\"isPartOf\":{\"@id\":\"https:\/\/cistime-fasady.sk\/#website\"},\"primaryImageOfPage\":{\"@id\":\"https:\/\/cistime-fasady.sk\/oprava-fasady-cena-za-m2\/#primaryimage\"},\"image\":{\"@id\":\"https:\/\/cistime-fasady.sk\/oprava-fasady-cena-za-m2\/#primaryimage\"},\"thumbnailUrl\":\"https:\/\/cistime-fasady.sk\/wp-content\/uploads\/2024\/06\/23-scaled.jpg\",\"datePublished\":\"2020-08-23T13:20:00+00:00\",\"dateModified\":\"2024-06-19T13:26:30+00:00\",\"description\":\"Oprava fas\u00e1dy - cena za m2\u00a0sa pohybuje od 16\u20ac\/m2 vy\u0161\u0161ie. Ak sa o\u00a0svoju fas\u00e1du star\u00e1te pravidelne, tak\u00e1to \u00fadr\u017eba v\u00e1s vyjde okolo 3,8\u20ac\/m2.\",\"breadcrumb\":{\"@id\":\"https:\/\/cistime-fasady.sk\/oprava-fasady-cena-za-m2\/#breadcrumb\"},\"inLanguage\":\"cs\",\"potentialAction\":[{\"@type\":\"ReadAction\",\"target\":[\"https:\/\/cistime-fasady.sk\/oprava-fasady-cena-za-m2\/\"]}]},{\"@type\":\"ImageObject\",\"inLanguage\":\"cs\",\"@id\":\"https:\/\/cistime-fasady.sk\/oprava-fasady-cena-za-m2\/#primaryimage\",\"url\":\"https:\/\/cistime-fasady.sk\/wp-content\/uploads\/2024\/06\/23-scaled.jpg\",\"contentUrl\":\"https:\/\/cistime-fasady.sk\/wp-content\/uploads\/2024\/06\/23-scaled.jpg\",\"width\":1920,\"height\":1440,\"caption\":\"23 scaled\"},{\"@type\":\"BreadcrumbList\",\"@id\":\"https:\/\/cistime-fasady.sk\/oprava-fasady-cena-za-m2\/#breadcrumb\",\"itemListElement\":[{\"@type\":\"ListItem\",\"position\":1,\"name\":\"Domovsk\u00e1 str\u00e1nka\",\"item\":\"https:\/\/cistime-fasady.sk\/\"},{\"@type\":\"ListItem\",\"position\":2,\"name\":\"Oprava fas\u00e1dy cena za m2\"}]},{\"@type\":\"WebSite\",\"@id\":\"https:\/\/cistime-fasady.sk\/#website\",\"url\":\"https:\/\/cistime-fasady.sk\/\",\"name\":\"\u010cist\u00edme Fas\u00e1dy\",\"description\":\"Profesion\u00e1lne \u010distenie fas\u00e1d\",\"publisher\":{\"@id\":\"https:\/\/cistime-fasady.sk\/#organization\"},\"alternateName\":\"\u010cF\",\"potentialAction\":[{\"@type\":\"SearchAction\",\"target\":{\"@type\":\"EntryPoint\",\"urlTemplate\":\"https:\/\/cistime-fasady.sk\/?s={search_term_string}\"},\"query-input\":\"required name=search_term_string\"}],\"inLanguage\":\"cs\"},{\"@type\":\"Organization\",\"@id\":\"https:\/\/cistime-fasady.sk\/#organization\",\"name\":\"Valmax s.r.o.\",\"alternateName\":\"Valmax s.r.o.\",\"url\":\"https:\/\/cistime-fasady.sk\/\",\"logo\":{\"@type\":\"ImageObject\",\"inLanguage\":\"cs\",\"@id\":\"https:\/\/cistime-fasady.sk\/#\/schema\/logo\/image\/\",\"url\":\"https:\/\/cistime-fasady.sk\/wp-content\/uploads\/2024\/03\/313207521_617400896841873_42847256823662438_n.jpg\",\"contentUrl\":\"https:\/\/cistime-fasady.sk\/wp-content\/uploads\/2024\/03\/313207521_617400896841873_42847256823662438_n.jpg\",\"width\":971,\"height\":971,\"caption\":\"Valmax s.r.o.\"},\"image\":{\"@id\":\"https:\/\/cistime-fasady.sk\/#\/schema\/logo\/image\/\"},\"sameAs\":[\"https:\/\/www.facebook.com\/cisteniefasadvalmax\/\",\"https:\/\/www.instagram.com\/valmax_cisteniefasad\/\"]},{\"@type\":\"Person\",\"@id\":\"https:\/\/cistime-fasady.sk\/#\/schema\/person\/18a2e8eb3e0dbe04479779b3ac0c9865\",\"name\":\"RAKETING\",\"image\":{\"@type\":\"ImageObject\",\"inLanguage\":\"cs\",\"@id\":\"https:\/\/cistime-fasady.sk\/#\/schema\/person\/image\/\",\"url\":\"https:\/\/secure.gravatar.com\/avatar\/7c3caac6c6527a5588ed6ed3aa8a1560b2c5f42cf1b704448b0ba30756aecfbc?s=96&d=mm&r=g\",\"contentUrl\":\"https:\/\/secure.gravatar.com\/avatar\/7c3caac6c6527a5588ed6ed3aa8a1560b2c5f42cf1b704448b0ba30756aecfbc?s=96&d=mm&r=g\",\"caption\":\"RAKETING\"},\"sameAs\":[\"https:\/\/cistime-fasady.sk\"],\"url\":\"https:\/\/cistime-fasady.sk\/cz\/author\/test02\/\"}]}<\/script>\n<!-- \/ Yoast SEO plugin. -->","yoast_head_json":{"title":"Oprava fas\u00e1dy cena za m2 | \u010cist\u00edme Fas\u00e1dy","description":"Oprava fas\u00e1dy - cena za m2\u00a0sa pohybuje od 16\u20ac\/m2 vy\u0161\u0161ie. Ak sa o\u00a0svoju fas\u00e1du star\u00e1te pravidelne, tak\u00e1to \u00fadr\u017eba v\u00e1s vyjde okolo 3,8\u20ac\/m2.","robots":{"index":"index","follow":"follow","max-snippet":"max-snippet:-1","max-image-preview":"max-image-preview:large","max-video-preview":"max-video-preview:-1"},"canonical":"https:\/\/cistime-fasady.sk\/cz\/oprava-fasady-cena-za-m2\/","og_locale":"cs_CZ","og_type":"article","og_title":"Oprava fas\u00e1dy cena za m2 | \u010cist\u00edme Fas\u00e1dy","og_description":"Oprava fas\u00e1dy - cena za m2\u00a0sa pohybuje od 16\u20ac\/m2 vy\u0161\u0161ie. Ak sa o\u00a0svoju fas\u00e1du star\u00e1te pravidelne, tak\u00e1to \u00fadr\u017eba v\u00e1s vyjde okolo 3,8\u20ac\/m2.","og_url":"https:\/\/cistime-fasady.sk\/cz\/oprava-fasady-cena-za-m2\/","og_site_name":"\u010cist\u00edme Fas\u00e1dy","article_publisher":"https:\/\/www.facebook.com\/cisteniefasadvalmax\/","article_published_time":"2020-08-23T13:20:00+00:00","article_modified_time":"2024-06-19T13:26:30+00:00","og_image":[{"width":2560,"height":1920,"url":"https:\/\/cistime-fasady.sk\/wp-content\/uploads\/2024\/06\/23-scaled.jpg","type":"image\/jpeg"}],"author":"RAKETING","twitter_card":"summary_large_image","twitter_misc":{"Napsal(a)":"RAKETING","Odhadovan\u00e1 doba \u010dten\u00ed":"2 minuty"},"schema":{"@context":"https:\/\/schema.org","@graph":[{"@type":"Article","@id":"https:\/\/cistime-fasady.sk\/oprava-fasady-cena-za-m2\/#article","isPartOf":{"@id":"https:\/\/cistime-fasady.sk\/oprava-fasady-cena-za-m2\/"},"author":{"name":"RAKETING","@id":"https:\/\/cistime-fasady.sk\/#\/schema\/person\/18a2e8eb3e0dbe04479779b3ac0c9865"},"headline":"Oprava fas\u00e1dy cena za m2","datePublished":"2020-08-23T13:20:00+00:00","dateModified":"2024-06-19T13:26:30+00:00","mainEntityOfPage":{"@id":"https:\/\/cistime-fasady.sk\/oprava-fasady-cena-za-m2\/"},"wordCount":285,"publisher":{"@id":"https:\/\/cistime-fasady.sk\/#organization"},"image":{"@id":"https:\/\/cistime-fasady.sk\/oprava-fasady-cena-za-m2\/#primaryimage"},"thumbnailUrl":"https:\/\/cistime-fasady.sk\/wp-content\/uploads\/2024\/06\/23-scaled.jpg","articleSection":["Nezaraden\u00e9"],"inLanguage":"cs"},{"@type":"WebPage","@id":"https:\/\/cistime-fasady.sk\/oprava-fasady-cena-za-m2\/","url":"https:\/\/cistime-fasady.sk\/oprava-fasady-cena-za-m2\/","name":"Oprava fas\u00e1dy cena za m2 | \u010cist\u00edme Fas\u00e1dy","isPartOf":{"@id":"https:\/\/cistime-fasady.sk\/#website"},"primaryImageOfPage":{"@id":"https:\/\/cistime-fasady.sk\/oprava-fasady-cena-za-m2\/#primaryimage"},"image":{"@id":"https:\/\/cistime-fasady.sk\/oprava-fasady-cena-za-m2\/#primaryimage"},"thumbnailUrl":"https:\/\/cistime-fasady.sk\/wp-content\/uploads\/2024\/06\/23-scaled.jpg","datePublished":"2020-08-23T13:20:00+00:00","dateModified":"2024-06-19T13:26:30+00:00","description":"Oprava fas\u00e1dy - cena za m2\u00a0sa pohybuje od 16\u20ac\/m2 vy\u0161\u0161ie. Ak sa o\u00a0svoju fas\u00e1du star\u00e1te pravidelne, tak\u00e1to \u00fadr\u017eba v\u00e1s vyjde okolo 3,8\u20ac\/m2.","breadcrumb":{"@id":"https:\/\/cistime-fasady.sk\/oprava-fasady-cena-za-m2\/#breadcrumb"},"inLanguage":"cs","potentialAction":[{"@type":"ReadAction","target":["https:\/\/cistime-fasady.sk\/oprava-fasady-cena-za-m2\/"]}]},{"@type":"ImageObject","inLanguage":"cs","@id":"https:\/\/cistime-fasady.sk\/oprava-fasady-cena-za-m2\/#primaryimage","url":"https:\/\/cistime-fasady.sk\/wp-content\/uploads\/2024\/06\/23-scaled.jpg","contentUrl":"https:\/\/cistime-fasady.sk\/wp-content\/uploads\/2024\/06\/23-scaled.jpg","width":1920,"height":1440,"caption":"23 scaled"},{"@type":"BreadcrumbList","@id":"https:\/\/cistime-fasady.sk\/oprava-fasady-cena-za-m2\/#breadcrumb","itemListElement":[{"@type":"ListItem","position":1,"name":"Domovsk\u00e1 str\u00e1nka","item":"https:\/\/cistime-fasady.sk\/"},{"@type":"ListItem","position":2,"name":"Oprava fas\u00e1dy cena za m2"}]},{"@type":"WebSite","@id":"https:\/\/cistime-fasady.sk\/#website","url":"https:\/\/cistime-fasady.sk\/","name":"\u010cist\u00edme Fas\u00e1dy","description":"Profesion\u00e1lne \u010distenie fas\u00e1d","publisher":{"@id":"https:\/\/cistime-fasady.sk\/#organization"},"alternateName":"\u010cF","potentialAction":[{"@type":"SearchAction","target":{"@type":"EntryPoint","urlTemplate":"https:\/\/cistime-fasady.sk\/?s={search_term_string}"},"query-input":"required name=search_term_string"}],"inLanguage":"cs"},{"@type":"Organization","@id":"https:\/\/cistime-fasady.sk\/#organization","name":"Valmax s.r.o.","alternateName":"Valmax s.r.o.","url":"https:\/\/cistime-fasady.sk\/","logo":{"@type":"ImageObject","inLanguage":"cs","@id":"https:\/\/cistime-fasady.sk\/#\/schema\/logo\/image\/","url":"https:\/\/cistime-fasady.sk\/wp-content\/uploads\/2024\/03\/313207521_617400896841873_42847256823662438_n.jpg","contentUrl":"https:\/\/cistime-fasady.sk\/wp-content\/uploads\/2024\/03\/313207521_617400896841873_42847256823662438_n.jpg","width":971,"height":971,"caption":"Valmax s.r.o."},"image":{"@id":"https:\/\/cistime-fasady.sk\/#\/schema\/logo\/image\/"},"sameAs":["https:\/\/www.facebook.com\/cisteniefasadvalmax\/","https:\/\/www.instagram.com\/valmax_cisteniefasad\/"]},{"@type":"Person","@id":"https:\/\/cistime-fasady.sk\/#\/schema\/person\/18a2e8eb3e0dbe04479779b3ac0c9865","name":"RAKETING","image":{"@type":"ImageObject","inLanguage":"cs","@id":"https:\/\/cistime-fasady.sk\/#\/schema\/person\/image\/","url":"https:\/\/secure.gravatar.com\/avatar\/7c3caac6c6527a5588ed6ed3aa8a1560b2c5f42cf1b704448b0ba30756aecfbc?s=96&d=mm&r=g","contentUrl":"https:\/\/secure.gravatar.com\/avatar\/7c3caac6c6527a5588ed6ed3aa8a1560b2c5f42cf1b704448b0ba30756aecfbc?s=96&d=mm&r=g","caption":"RAKETING"},"sameAs":["https:\/\/cistime-fasady.sk"],"url":"https:\/\/cistime-fasady.sk\/cz\/author\/test02\/"}]}},"_links":{"self":[{"href":"https:\/\/cistime-fasady.sk\/cz\/wp-json\/wp\/v2\/posts\/1141","targetHints":{"allow":["GET"]}}],"collection":[{"href":"https:\/\/cistime-fasady.sk\/cz\/wp-json\/wp\/v2\/posts"}],"about":[{"href":"https:\/\/cistime-fasady.sk\/cz\/wp-json\/wp\/v2\/types\/post"}],"author":[{"embeddable":true,"href":"https:\/\/cistime-fasady.sk\/cz\/wp-json\/wp\/v2\/users\/1"}],"replies":[{"embeddable":true,"href":"https:\/\/cistime-fasady.sk\/cz\/wp-json\/wp\/v2\/comments?post=1141"}],"version-history":[{"count":2,"href":"https:\/\/cistime-fasady.sk\/cz\/wp-json\/wp\/v2\/posts\/1141\/revisions"}],"predecessor-version":[{"id":1144,"href":"https:\/\/cistime-fasady.sk\/cz\/wp-json\/wp\/v2\/posts\/1141\/revisions\/1144"}],"wp:featuredmedia":[{"embeddable":true,"href":"https:\/\/cistime-fasady.sk\/cz\/wp-json\/wp\/v2\/media\/937"}],"wp:attachment":[{"href":"https:\/\/cistime-fasady.sk\/cz\/wp-json\/wp\/v2\/media?parent=1141"}],"wp:term":[{"taxonomy":"category","embeddable":true,"href":"https:\/\/cistime-fasady.sk\/cz\/wp-json\/wp\/v2\/categories?post=1141"},{"taxonomy":"post_tag","embeddable":true,"href":"https:\/\/cistime-fasady.sk\/cz\/wp-json\/wp\/v2\/tags?post=1141"}],"curies":[{"name":"wp","href":"https:\/\/api.w.org\/{rel}","templated":true}]}}