{"id":1139,"date":"2020-09-12T15:16:00","date_gmt":"2020-09-12T13:16:00","guid":{"rendered":"https:\/\/cistime-fasady.sk\/?p=1139"},"modified":"2024-06-19T15:19:04","modified_gmt":"2024-06-19T13:19:04","slug":"cistenie-fasad-preco-si-vybrat-prave-nasu-firmu","status":"publish","type":"post","link":"https:\/\/cistime-fasady.sk\/cz\/cistenie-fasad-preco-si-vybrat-prave-nasu-firmu\/","title":{"rendered":"\u010cistenie fas\u00e1d &#8211; Pre\u010do si vybra\u0165 pr\u00e1ve na\u0161u firmu?"},"content":{"rendered":"<p><em>Zva\u017eujete\u00a0<strong><em><a href=\"https:\/\/cistime-fasady.sk\/cz\/cistenie-fasad\/\">\u010distenie fas\u00e1d<\/a><\/em><\/strong>, \u010di u\u017e pre v\u00e1\u0161 rodinn\u00fd dom, bytovku alebo komer\u010dn\u00fd priestor? Potom ur\u010dite h\u013ead\u00e1te t\u00fa spr\u00e1vnu firmu, ktor\u00e1 by va\u0161ej fas\u00e1de poskytla profesion\u00e1lnu starostlivos\u0165. Pre\u010d\u00edtajte si tie najd\u00f4le\u017eitej\u0161ie d\u00f4vody, pre\u010do sme pr\u00e1ve my tou spr\u00e1vnou vo\u013ebou.<\/em><\/p>\n\n\n\n<div style=\"height:30px\" aria-hidden=\"true\" class=\"wp-block-spacer\"><\/div>\n\n\n\n<h2 class=\"wp-block-heading\"><strong>NA\u0160E \u010cISTENIE FAS\u00c1D ODSTR\u00c1NI NE\u010cISTOTY AJ ZDRAVOTN\u00c9 RIZIK\u00c1<\/strong><\/h2>\n\n\n\n<p>Na\u0161e \u010distenie fas\u00e1d je vhodn\u00e9 pre v\u0161etky typy fas\u00e1dy. Okrem be\u017en\u00fdch ne\u010dist\u00f4t dok\u00e1\u017eeme efekt\u00edvne odstr\u00e1ni\u0165 aj mach a\u00a0plesne, \u010do b\u00fdva pre majite\u013eov t\u00fdm najv\u00e4\u010d\u0161\u00edm probl\u00e9mom. Nielen\u017ee tak bude va\u0161a fas\u00e1da vyzera\u0165 znova ako nov\u00e1, ale zbav\u00edme v\u00e1s aj zdravotn\u00e9ho rizika, ktor\u00e9 riasy a\u00a0plesne predstavuj\u00fa.<\/p>\n\n\n\n<div style=\"height:30px\" aria-hidden=\"true\" class=\"wp-block-spacer\"><\/div>\n\n\n\n<h2 class=\"wp-block-heading\"><strong>\u0160ETR\u00cdME VA\u0160E FINANCIE<\/strong><\/h2>\n\n\n\n<p>Mnoho majite\u013eov si mysl\u00ed, \u017ee ak je ich fas\u00e1da zne\u010disten\u00e1, musia bezpodmiene\u010dne investova\u0165 do nov\u00e9ho n\u00e1teru fas\u00e1dy. To v\u0161ak nie je pravda. Ak va\u0161a fas\u00e1da nie je nijak v\u00fdrazne po\u0161koden\u00e1 \u2013 neobjavuj\u00fa sa na nej v\u00fdrazn\u00e9 trhliny a\u00a0praskliny, pr\u00edpadne sa v\u00e1m neodlupuje fas\u00e1dna farba, potom v\u00e1m \u00faplne posta\u010d\u00ed \u010distenie fas\u00e1dy. A\u00a0pr\u00e1ve tak\u00fdmto sp\u00f4sobom v\u00e1m dok\u00e1\u017eeme u\u0161etri\u0165 a\u017e 70% va\u0161ich financi\u00ed (oproti nov\u00e9mu n\u00e1teru fas\u00e1dy).<\/p>\n\n\n\n<div style=\"height:30px\" aria-hidden=\"true\" class=\"wp-block-spacer\"><\/div>\n\n\n\n<figure class=\"wp-block-gallery has-nested-images columns-default is-cropped wp-block-gallery-1 is-layout-flex wp-block-gallery-is-layout-flex\">\n<figure class=\"wp-block-image size-large\"><img fetchpriority=\"high\" decoding=\"async\" width=\"1024\" height=\"768\" data-id=\"941\" src=\"https:\/\/cistime-fasady.sk\/wp-content\/uploads\/2024\/06\/27.jpg\" alt=\"\" class=\"wp-image-941\" srcset=\"https:\/\/cistime-fasady.sk\/wp-content\/uploads\/2024\/06\/27.jpg 1024w, https:\/\/cistime-fasady.sk\/wp-content\/uploads\/2024\/06\/27-300x225.jpg 300w, https:\/\/cistime-fasady.sk\/wp-content\/uploads\/2024\/06\/27-768x576.jpg 768w\" sizes=\"(max-width: 1024px) 100vw, 1024px\" \/><\/figure>\n\n\n\n<figure class=\"wp-block-image size-large\"><img decoding=\"async\" width=\"768\" height=\"1024\" data-id=\"942\" src=\"https:\/\/cistime-fasady.sk\/wp-content\/uploads\/2024\/06\/28.jpg\" alt=\"\" class=\"wp-image-942\" srcset=\"https:\/\/cistime-fasady.sk\/wp-content\/uploads\/2024\/06\/28.jpg 768w, https:\/\/cistime-fasady.sk\/wp-content\/uploads\/2024\/06\/28-225x300.jpg 225w\" sizes=\"(max-width: 768px) 100vw, 768px\" \/><\/figure>\n<\/figure>\n\n\n\n<div style=\"height:30px\" aria-hidden=\"true\" class=\"wp-block-spacer\"><\/div>\n\n\n\n<h2 class=\"wp-block-heading\"><strong>NIE SME NOV\u00c1\u010cIKOM NA TRHU<\/strong><\/h2>\n\n\n\n<p>U\u017e v\u00a0roku 2015 sme sa stali gener\u00e1lnym poskytovate\u013eom patentovan\u00e9ho \u010distiaceho syst\u00e9mu pre cel\u00e9 Slovensko. S\u00a0\u010disten\u00edm fas\u00e1d m\u00e1me dlhodob\u00e9 sk\u00fasenosti a\u00a0na na\u0161om konte m\u00e1me stovky spokojn\u00fdch z\u00e1kazn\u00edkov. Milujeme to, \u010do rob\u00edme a\u00a0radi v\u00e1m pon\u00fakneme profesion\u00e1lne \u010distenie fas\u00e1d!<\/p>","protected":false},"excerpt":{"rendered":"<p>Zva\u017eujete\u00a0\u010distenie fas\u00e1d, \u010di u\u017e pre v\u00e1\u0161 rodinn\u00fd dom, bytovku alebo komer\u010dn\u00fd priestor? Potom ur\u010dite h\u013ead\u00e1te t\u00fa spr\u00e1vnu firmu, ktor\u00e1 by va\u0161ej fas\u00e1de poskytla profesion\u00e1lnu starostlivos\u0165. Pre\u010d\u00edtajte si tie najd\u00f4le\u017eitej\u0161ie d\u00f4vody, pre\u010do sme pr\u00e1ve my tou spr\u00e1vnou vo\u013ebou.<\/p>","protected":false},"author":1,"featured_media":941,"comment_status":"closed","ping_status":"open","sticky":false,"template":"","format":"standard","meta":{"footnotes":""},"categories":[1],"tags":[],"class_list":["post-1139","post","type-post","status-publish","format-standard","has-post-thumbnail","hentry","category-nezaradene"],"yoast_head":"<!-- This site is optimized with the Yoast SEO plugin v23.1 - https:\/\/yoast.com\/wordpress\/plugins\/seo\/ -->\n<title>\u010cistenie fas\u00e1d - Pre\u010do si vybra\u0165 pr\u00e1ve na\u0161u firmu? | \u010cist\u00edme Fas\u00e1dy<\/title>\n<meta name=\"robots\" content=\"index, follow, max-snippet:-1, max-image-preview:large, max-video-preview:-1\" \/>\n<link rel=\"canonical\" href=\"https:\/\/cistime-fasady.sk\/cz\/cistenie-fasad-preco-si-vybrat-prave-nasu-firmu\/\" \/>\n<meta property=\"og:locale\" content=\"cs_CZ\" \/>\n<meta property=\"og:type\" content=\"article\" \/>\n<meta property=\"og:title\" content=\"\u010cistenie fas\u00e1d - Pre\u010do si vybra\u0165 pr\u00e1ve na\u0161u firmu? | \u010cist\u00edme Fas\u00e1dy\" \/>\n<meta property=\"og:description\" content=\"Zva\u017eujete\u00a0\u010distenie fas\u00e1d, \u010di u\u017e pre v\u00e1\u0161 rodinn\u00fd dom, bytovku alebo komer\u010dn\u00fd priestor? Potom ur\u010dite h\u013ead\u00e1te t\u00fa spr\u00e1vnu firmu, ktor\u00e1 by va\u0161ej fas\u00e1de poskytla profesion\u00e1lnu starostlivos\u0165. Pre\u010d\u00edtajte si tie najd\u00f4le\u017eitej\u0161ie d\u00f4vody, pre\u010do sme pr\u00e1ve my tou spr\u00e1vnou vo\u013ebou.\" \/>\n<meta property=\"og:url\" content=\"https:\/\/cistime-fasady.sk\/cz\/cistenie-fasad-preco-si-vybrat-prave-nasu-firmu\/\" \/>\n<meta property=\"og:site_name\" content=\"\u010cist\u00edme Fas\u00e1dy\" \/>\n<meta property=\"article:publisher\" content=\"https:\/\/www.facebook.com\/cisteniefasadvalmax\/\" \/>\n<meta property=\"article:published_time\" content=\"2020-09-12T13:16:00+00:00\" \/>\n<meta property=\"article:modified_time\" content=\"2024-06-19T13:19:04+00:00\" \/>\n<meta property=\"og:image\" content=\"https:\/\/cistime-fasady.sk\/wp-content\/uploads\/2024\/06\/27.jpg\" \/>\n\t<meta property=\"og:image:width\" content=\"1024\" \/>\n\t<meta property=\"og:image:height\" content=\"768\" \/>\n\t<meta property=\"og:image:type\" content=\"image\/jpeg\" \/>\n<meta name=\"author\" content=\"RAKETING\" \/>\n<meta name=\"twitter:card\" content=\"summary_large_image\" \/>\n<meta name=\"twitter:label1\" content=\"Napsal(a)\" \/>\n\t<meta name=\"twitter:data1\" content=\"RAKETING\" \/>\n\t<meta name=\"twitter:label2\" content=\"Odhadovan\u00e1 doba \u010dten\u00ed\" \/>\n\t<meta name=\"twitter:data2\" content=\"2 minuty\" \/>\n<script type=\"application\/ld+json\" class=\"yoast-schema-graph\">{\"@context\":\"https:\/\/schema.org\",\"@graph\":[{\"@type\":\"Article\",\"@id\":\"https:\/\/cistime-fasady.sk\/cistenie-fasad-preco-si-vybrat-prave-nasu-firmu\/#article\",\"isPartOf\":{\"@id\":\"https:\/\/cistime-fasady.sk\/cistenie-fasad-preco-si-vybrat-prave-nasu-firmu\/\"},\"author\":{\"name\":\"RAKETING\",\"@id\":\"https:\/\/cistime-fasady.sk\/#\/schema\/person\/18a2e8eb3e0dbe04479779b3ac0c9865\"},\"headline\":\"\u010cistenie fas\u00e1d &#8211; Pre\u010do si vybra\u0165 pr\u00e1ve na\u0161u firmu?\",\"datePublished\":\"2020-09-12T13:16:00+00:00\",\"dateModified\":\"2024-06-19T13:19:04+00:00\",\"mainEntityOfPage\":{\"@id\":\"https:\/\/cistime-fasady.sk\/cistenie-fasad-preco-si-vybrat-prave-nasu-firmu\/\"},\"wordCount\":310,\"publisher\":{\"@id\":\"https:\/\/cistime-fasady.sk\/#organization\"},\"image\":{\"@id\":\"https:\/\/cistime-fasady.sk\/cistenie-fasad-preco-si-vybrat-prave-nasu-firmu\/#primaryimage\"},\"thumbnailUrl\":\"https:\/\/cistime-fasady.sk\/wp-content\/uploads\/2024\/06\/27.jpg\",\"articleSection\":[\"Nezaraden\u00e9\"],\"inLanguage\":\"cs\"},{\"@type\":\"WebPage\",\"@id\":\"https:\/\/cistime-fasady.sk\/cistenie-fasad-preco-si-vybrat-prave-nasu-firmu\/\",\"url\":\"https:\/\/cistime-fasady.sk\/cistenie-fasad-preco-si-vybrat-prave-nasu-firmu\/\",\"name\":\"\u010cistenie fas\u00e1d - Pre\u010do si vybra\u0165 pr\u00e1ve na\u0161u firmu? | \u010cist\u00edme Fas\u00e1dy\",\"isPartOf\":{\"@id\":\"https:\/\/cistime-fasady.sk\/#website\"},\"primaryImageOfPage\":{\"@id\":\"https:\/\/cistime-fasady.sk\/cistenie-fasad-preco-si-vybrat-prave-nasu-firmu\/#primaryimage\"},\"image\":{\"@id\":\"https:\/\/cistime-fasady.sk\/cistenie-fasad-preco-si-vybrat-prave-nasu-firmu\/#primaryimage\"},\"thumbnailUrl\":\"https:\/\/cistime-fasady.sk\/wp-content\/uploads\/2024\/06\/27.jpg\",\"datePublished\":\"2020-09-12T13:16:00+00:00\",\"dateModified\":\"2024-06-19T13:19:04+00:00\",\"breadcrumb\":{\"@id\":\"https:\/\/cistime-fasady.sk\/cistenie-fasad-preco-si-vybrat-prave-nasu-firmu\/#breadcrumb\"},\"inLanguage\":\"cs\",\"potentialAction\":[{\"@type\":\"ReadAction\",\"target\":[\"https:\/\/cistime-fasady.sk\/cistenie-fasad-preco-si-vybrat-prave-nasu-firmu\/\"]}]},{\"@type\":\"ImageObject\",\"inLanguage\":\"cs\",\"@id\":\"https:\/\/cistime-fasady.sk\/cistenie-fasad-preco-si-vybrat-prave-nasu-firmu\/#primaryimage\",\"url\":\"https:\/\/cistime-fasady.sk\/wp-content\/uploads\/2024\/06\/27.jpg\",\"contentUrl\":\"https:\/\/cistime-fasady.sk\/wp-content\/uploads\/2024\/06\/27.jpg\",\"width\":1024,\"height\":768,\"caption\":\"27\"},{\"@type\":\"BreadcrumbList\",\"@id\":\"https:\/\/cistime-fasady.sk\/cistenie-fasad-preco-si-vybrat-prave-nasu-firmu\/#breadcrumb\",\"itemListElement\":[{\"@type\":\"ListItem\",\"position\":1,\"name\":\"Domovsk\u00e1 str\u00e1nka\",\"item\":\"https:\/\/cistime-fasady.sk\/\"},{\"@type\":\"ListItem\",\"position\":2,\"name\":\"\u010cistenie fas\u00e1d &#8211; Pre\u010do si vybra\u0165 pr\u00e1ve na\u0161u firmu?\"}]},{\"@type\":\"WebSite\",\"@id\":\"https:\/\/cistime-fasady.sk\/#website\",\"url\":\"https:\/\/cistime-fasady.sk\/\",\"name\":\"\u010cist\u00edme Fas\u00e1dy\",\"description\":\"Profesion\u00e1lne \u010distenie fas\u00e1d\",\"publisher\":{\"@id\":\"https:\/\/cistime-fasady.sk\/#organization\"},\"alternateName\":\"\u010cF\",\"potentialAction\":[{\"@type\":\"SearchAction\",\"target\":{\"@type\":\"EntryPoint\",\"urlTemplate\":\"https:\/\/cistime-fasady.sk\/?s={search_term_string}\"},\"query-input\":\"required name=search_term_string\"}],\"inLanguage\":\"cs\"},{\"@type\":\"Organization\",\"@id\":\"https:\/\/cistime-fasady.sk\/#organization\",\"name\":\"Valmax s.r.o.\",\"alternateName\":\"Valmax s.r.o.\",\"url\":\"https:\/\/cistime-fasady.sk\/\",\"logo\":{\"@type\":\"ImageObject\",\"inLanguage\":\"cs\",\"@id\":\"https:\/\/cistime-fasady.sk\/#\/schema\/logo\/image\/\",\"url\":\"https:\/\/cistime-fasady.sk\/wp-content\/uploads\/2024\/03\/313207521_617400896841873_42847256823662438_n.jpg\",\"contentUrl\":\"https:\/\/cistime-fasady.sk\/wp-content\/uploads\/2024\/03\/313207521_617400896841873_42847256823662438_n.jpg\",\"width\":971,\"height\":971,\"caption\":\"Valmax s.r.o.\"},\"image\":{\"@id\":\"https:\/\/cistime-fasady.sk\/#\/schema\/logo\/image\/\"},\"sameAs\":[\"https:\/\/www.facebook.com\/cisteniefasadvalmax\/\",\"https:\/\/www.instagram.com\/valmax_cisteniefasad\/\"]},{\"@type\":\"Person\",\"@id\":\"https:\/\/cistime-fasady.sk\/#\/schema\/person\/18a2e8eb3e0dbe04479779b3ac0c9865\",\"name\":\"RAKETING\",\"image\":{\"@type\":\"ImageObject\",\"inLanguage\":\"cs\",\"@id\":\"https:\/\/cistime-fasady.sk\/#\/schema\/person\/image\/\",\"url\":\"https:\/\/secure.gravatar.com\/avatar\/7c3caac6c6527a5588ed6ed3aa8a1560b2c5f42cf1b704448b0ba30756aecfbc?s=96&d=mm&r=g\",\"contentUrl\":\"https:\/\/secure.gravatar.com\/avatar\/7c3caac6c6527a5588ed6ed3aa8a1560b2c5f42cf1b704448b0ba30756aecfbc?s=96&d=mm&r=g\",\"caption\":\"RAKETING\"},\"sameAs\":[\"https:\/\/cistime-fasady.sk\"],\"url\":\"https:\/\/cistime-fasady.sk\/cz\/author\/test02\/\"}]}<\/script>\n<!-- \/ Yoast SEO plugin. -->","yoast_head_json":{"title":"\u010cistenie fas\u00e1d - Pre\u010do si vybra\u0165 pr\u00e1ve na\u0161u firmu? | \u010cist\u00edme Fas\u00e1dy","robots":{"index":"index","follow":"follow","max-snippet":"max-snippet:-1","max-image-preview":"max-image-preview:large","max-video-preview":"max-video-preview:-1"},"canonical":"https:\/\/cistime-fasady.sk\/cz\/cistenie-fasad-preco-si-vybrat-prave-nasu-firmu\/","og_locale":"cs_CZ","og_type":"article","og_title":"\u010cistenie fas\u00e1d - Pre\u010do si vybra\u0165 pr\u00e1ve na\u0161u firmu? | \u010cist\u00edme Fas\u00e1dy","og_description":"Zva\u017eujete\u00a0\u010distenie fas\u00e1d, \u010di u\u017e pre v\u00e1\u0161 rodinn\u00fd dom, bytovku alebo komer\u010dn\u00fd priestor? Potom ur\u010dite h\u013ead\u00e1te t\u00fa spr\u00e1vnu firmu, ktor\u00e1 by va\u0161ej fas\u00e1de poskytla profesion\u00e1lnu starostlivos\u0165. Pre\u010d\u00edtajte si tie najd\u00f4le\u017eitej\u0161ie d\u00f4vody, pre\u010do sme pr\u00e1ve my tou spr\u00e1vnou vo\u013ebou.","og_url":"https:\/\/cistime-fasady.sk\/cz\/cistenie-fasad-preco-si-vybrat-prave-nasu-firmu\/","og_site_name":"\u010cist\u00edme Fas\u00e1dy","article_publisher":"https:\/\/www.facebook.com\/cisteniefasadvalmax\/","article_published_time":"2020-09-12T13:16:00+00:00","article_modified_time":"2024-06-19T13:19:04+00:00","og_image":[{"width":1024,"height":768,"url":"https:\/\/cistime-fasady.sk\/wp-content\/uploads\/2024\/06\/27.jpg","type":"image\/jpeg"}],"author":"RAKETING","twitter_card":"summary_large_image","twitter_misc":{"Napsal(a)":"RAKETING","Odhadovan\u00e1 doba \u010dten\u00ed":"2 minuty"},"schema":{"@context":"https:\/\/schema.org","@graph":[{"@type":"Article","@id":"https:\/\/cistime-fasady.sk\/cistenie-fasad-preco-si-vybrat-prave-nasu-firmu\/#article","isPartOf":{"@id":"https:\/\/cistime-fasady.sk\/cistenie-fasad-preco-si-vybrat-prave-nasu-firmu\/"},"author":{"name":"RAKETING","@id":"https:\/\/cistime-fasady.sk\/#\/schema\/person\/18a2e8eb3e0dbe04479779b3ac0c9865"},"headline":"\u010cistenie fas\u00e1d &#8211; Pre\u010do si vybra\u0165 pr\u00e1ve na\u0161u firmu?","datePublished":"2020-09-12T13:16:00+00:00","dateModified":"2024-06-19T13:19:04+00:00","mainEntityOfPage":{"@id":"https:\/\/cistime-fasady.sk\/cistenie-fasad-preco-si-vybrat-prave-nasu-firmu\/"},"wordCount":310,"publisher":{"@id":"https:\/\/cistime-fasady.sk\/#organization"},"image":{"@id":"https:\/\/cistime-fasady.sk\/cistenie-fasad-preco-si-vybrat-prave-nasu-firmu\/#primaryimage"},"thumbnailUrl":"https:\/\/cistime-fasady.sk\/wp-content\/uploads\/2024\/06\/27.jpg","articleSection":["Nezaraden\u00e9"],"inLanguage":"cs"},{"@type":"WebPage","@id":"https:\/\/cistime-fasady.sk\/cistenie-fasad-preco-si-vybrat-prave-nasu-firmu\/","url":"https:\/\/cistime-fasady.sk\/cistenie-fasad-preco-si-vybrat-prave-nasu-firmu\/","name":"\u010cistenie fas\u00e1d - Pre\u010do si vybra\u0165 pr\u00e1ve na\u0161u firmu? | \u010cist\u00edme Fas\u00e1dy","isPartOf":{"@id":"https:\/\/cistime-fasady.sk\/#website"},"primaryImageOfPage":{"@id":"https:\/\/cistime-fasady.sk\/cistenie-fasad-preco-si-vybrat-prave-nasu-firmu\/#primaryimage"},"image":{"@id":"https:\/\/cistime-fasady.sk\/cistenie-fasad-preco-si-vybrat-prave-nasu-firmu\/#primaryimage"},"thumbnailUrl":"https:\/\/cistime-fasady.sk\/wp-content\/uploads\/2024\/06\/27.jpg","datePublished":"2020-09-12T13:16:00+00:00","dateModified":"2024-06-19T13:19:04+00:00","breadcrumb":{"@id":"https:\/\/cistime-fasady.sk\/cistenie-fasad-preco-si-vybrat-prave-nasu-firmu\/#breadcrumb"},"inLanguage":"cs","potentialAction":[{"@type":"ReadAction","target":["https:\/\/cistime-fasady.sk\/cistenie-fasad-preco-si-vybrat-prave-nasu-firmu\/"]}]},{"@type":"ImageObject","inLanguage":"cs","@id":"https:\/\/cistime-fasady.sk\/cistenie-fasad-preco-si-vybrat-prave-nasu-firmu\/#primaryimage","url":"https:\/\/cistime-fasady.sk\/wp-content\/uploads\/2024\/06\/27.jpg","contentUrl":"https:\/\/cistime-fasady.sk\/wp-content\/uploads\/2024\/06\/27.jpg","width":1024,"height":768,"caption":"27"},{"@type":"BreadcrumbList","@id":"https:\/\/cistime-fasady.sk\/cistenie-fasad-preco-si-vybrat-prave-nasu-firmu\/#breadcrumb","itemListElement":[{"@type":"ListItem","position":1,"name":"Domovsk\u00e1 str\u00e1nka","item":"https:\/\/cistime-fasady.sk\/"},{"@type":"ListItem","position":2,"name":"\u010cistenie fas\u00e1d &#8211; Pre\u010do si vybra\u0165 pr\u00e1ve na\u0161u firmu?"}]},{"@type":"WebSite","@id":"https:\/\/cistime-fasady.sk\/#website","url":"https:\/\/cistime-fasady.sk\/","name":"\u010cist\u00edme Fas\u00e1dy","description":"Profesion\u00e1lne \u010distenie fas\u00e1d","publisher":{"@id":"https:\/\/cistime-fasady.sk\/#organization"},"alternateName":"\u010cF","potentialAction":[{"@type":"SearchAction","target":{"@type":"EntryPoint","urlTemplate":"https:\/\/cistime-fasady.sk\/?s={search_term_string}"},"query-input":"required name=search_term_string"}],"inLanguage":"cs"},{"@type":"Organization","@id":"https:\/\/cistime-fasady.sk\/#organization","name":"Valmax s.r.o.","alternateName":"Valmax s.r.o.","url":"https:\/\/cistime-fasady.sk\/","logo":{"@type":"ImageObject","inLanguage":"cs","@id":"https:\/\/cistime-fasady.sk\/#\/schema\/logo\/image\/","url":"https:\/\/cistime-fasady.sk\/wp-content\/uploads\/2024\/03\/313207521_617400896841873_42847256823662438_n.jpg","contentUrl":"https:\/\/cistime-fasady.sk\/wp-content\/uploads\/2024\/03\/313207521_617400896841873_42847256823662438_n.jpg","width":971,"height":971,"caption":"Valmax s.r.o."},"image":{"@id":"https:\/\/cistime-fasady.sk\/#\/schema\/logo\/image\/"},"sameAs":["https:\/\/www.facebook.com\/cisteniefasadvalmax\/","https:\/\/www.instagram.com\/valmax_cisteniefasad\/"]},{"@type":"Person","@id":"https:\/\/cistime-fasady.sk\/#\/schema\/person\/18a2e8eb3e0dbe04479779b3ac0c9865","name":"RAKETING","image":{"@type":"ImageObject","inLanguage":"cs","@id":"https:\/\/cistime-fasady.sk\/#\/schema\/person\/image\/","url":"https:\/\/secure.gravatar.com\/avatar\/7c3caac6c6527a5588ed6ed3aa8a1560b2c5f42cf1b704448b0ba30756aecfbc?s=96&d=mm&r=g","contentUrl":"https:\/\/secure.gravatar.com\/avatar\/7c3caac6c6527a5588ed6ed3aa8a1560b2c5f42cf1b704448b0ba30756aecfbc?s=96&d=mm&r=g","caption":"RAKETING"},"sameAs":["https:\/\/cistime-fasady.sk"],"url":"https:\/\/cistime-fasady.sk\/cz\/author\/test02\/"}]}},"_links":{"self":[{"href":"https:\/\/cistime-fasady.sk\/cz\/wp-json\/wp\/v2\/posts\/1139","targetHints":{"allow":["GET"]}}],"collection":[{"href":"https:\/\/cistime-fasady.sk\/cz\/wp-json\/wp\/v2\/posts"}],"about":[{"href":"https:\/\/cistime-fasady.sk\/cz\/wp-json\/wp\/v2\/types\/post"}],"author":[{"embeddable":true,"href":"https:\/\/cistime-fasady.sk\/cz\/wp-json\/wp\/v2\/users\/1"}],"replies":[{"embeddable":true,"href":"https:\/\/cistime-fasady.sk\/cz\/wp-json\/wp\/v2\/comments?post=1139"}],"version-history":[{"count":1,"href":"https:\/\/cistime-fasady.sk\/cz\/wp-json\/wp\/v2\/posts\/1139\/revisions"}],"predecessor-version":[{"id":1140,"href":"https:\/\/cistime-fasady.sk\/cz\/wp-json\/wp\/v2\/posts\/1139\/revisions\/1140"}],"wp:featuredmedia":[{"embeddable":true,"href":"https:\/\/cistime-fasady.sk\/cz\/wp-json\/wp\/v2\/media\/941"}],"wp:attachment":[{"href":"https:\/\/cistime-fasady.sk\/cz\/wp-json\/wp\/v2\/media?parent=1139"}],"wp:term":[{"taxonomy":"category","embeddable":true,"href":"https:\/\/cistime-fasady.sk\/cz\/wp-json\/wp\/v2\/categories?post=1139"},{"taxonomy":"post_tag","embeddable":true,"href":"https:\/\/cistime-fasady.sk\/cz\/wp-json\/wp\/v2\/tags?post=1139"}],"curies":[{"name":"wp","href":"https:\/\/api.w.org\/{rel}","templated":true}]}}