{"id":1137,"date":"2020-09-20T15:13:00","date_gmt":"2020-09-20T13:13:00","guid":{"rendered":"https:\/\/cistime-fasady.sk\/?p=1137"},"modified":"2024-06-19T15:16:16","modified_gmt":"2024-06-19T13:16:16","slug":"novy-nater-alebo-cistenie-fasad","status":"publish","type":"post","link":"https:\/\/cistime-fasady.sk\/cz\/novy-nater-alebo-cistenie-fasad\/","title":{"rendered":"Nov\u00fd n\u00e1ter alebo \u010distenie fas\u00e1d?"},"content":{"rendered":"<p><em>V\u00a0momente, ke\u010f si majitelia rodinn\u00fdch domov v\u0161imn\u00fa, \u017ee ich fas\u00e1da u\u017e nevyzer\u00e1 tak ako kedysi, prich\u00e1dza na rad ot\u00e1zka, \u010di je vhodnej\u0161ie investova\u0165 do nov\u00e9ho n\u00e1teru fas\u00e1dy alebo si zvoli\u0165 \u010distenie fas\u00e1d. Dnes si teda povieme, v\u00a0ktor\u00fdch pr\u00edpadoch je vhodnej\u0161ia prv\u00e1 alternat\u00edva a\u00a0kedy naopak posta\u010d\u00ed t\u00e1 druh\u00e1.<\/em><\/p>\n\n\n\n<div style=\"height:30px\" aria-hidden=\"true\" class=\"wp-block-spacer\"><\/div>\n\n\n\n<h2 class=\"wp-block-heading\"><strong>NOV\u00dd N\u00c1TER<\/strong><\/h2>\n\n\n\n<p>Nov\u00fd n\u00e1ter, resp. oprava fas\u00e1dy, s\u00fa vhodnej\u0161ou vo\u013ebou vtedy, ak je va\u0161a fas\u00e1da po\u0161koden\u00e1. Zist\u00edte to jednoducho tak, \u017ee sa na nej tvoria ve\u013ek\u00e9 trhliny a\u00a0praskliny, pr\u00edpadne sa na niektor\u00fdch miestach \u00faplne odlupuje farba. Ak je va\u0161a fas\u00e1da po\u0161koden\u00e1 tak\u00fdmto sp\u00f4sobom, potom rad\u0161ej investujte do opravy a\u00a0nov\u00e9ho n\u00e1teru, iba vy\u010distenie fas\u00e1dy by v\u00e1m tu nepomohlo.<\/p>\n\n\n\n<div style=\"height:30px\" aria-hidden=\"true\" class=\"wp-block-spacer\"><\/div>\n\n\n\n<h2 class=\"wp-block-heading\"><strong>\u010cISTENIE FAS\u00c1D<\/strong><\/h2>\n\n\n\n<p><strong><em><a href=\"https:\/\/cistime-fasady.sk\/cz\/cistenie-fasad\/\">\u010cistenie fas\u00e1d<\/a><\/em><\/strong>\u00a0je vhodn\u00e9 v\u017edy, ke\u010f fas\u00e1da nie je po\u0161koden\u00e1, ale iba zne\u010disten\u00e1. \u010ci u\u017e ide o\u00a0be\u017en\u00e9 ne\u010distoty ako napr\u00edklad prach, vt\u00e1\u010d\u00ed trus a\u00a0\u0161kvrny, ale pokojne aj riasy a\u00a0plesne. Pr\u00e1ve riasy a\u00a0plesne \u010dastokr\u00e1t majite\u013eov rodinn\u00fdch domov vystra\u0161ia a\u00a0prin\u00fatia ich siahnu\u0165 po novom n\u00e1tere. No v\u00a0takomto pr\u00edpade v\u00e1m dok\u00e1\u017ee pom\u00f4c\u0165 aj vy\u010distenie fas\u00e1dy. Navy\u0161e, oproti nov\u00e9mu n\u00e1teru takto dok\u00e1\u017eete u\u0161etri\u0165 a\u017e 70% n\u00e1kladov.<\/p>\n\n\n\n<div style=\"height:30px\" aria-hidden=\"true\" class=\"wp-block-spacer\"><\/div>\n\n\n\n<figure class=\"wp-block-gallery has-nested-images columns-default is-cropped wp-block-gallery-1 is-layout-flex wp-block-gallery-is-layout-flex\">\n<figure class=\"wp-block-image size-large\"><img fetchpriority=\"high\" decoding=\"async\" width=\"1024\" height=\"498\" data-id=\"943\" src=\"https:\/\/cistime-fasady.sk\/wp-content\/uploads\/2024\/06\/29-1024x498.jpg\" alt=\"\" class=\"wp-image-943\" srcset=\"https:\/\/cistime-fasady.sk\/wp-content\/uploads\/2024\/06\/29-1024x498.jpg 1024w, https:\/\/cistime-fasady.sk\/wp-content\/uploads\/2024\/06\/29-300x146.jpg 300w, https:\/\/cistime-fasady.sk\/wp-content\/uploads\/2024\/06\/29-768x373.jpg 768w, https:\/\/cistime-fasady.sk\/wp-content\/uploads\/2024\/06\/29-1536x747.jpg 1536w, https:\/\/cistime-fasady.sk\/wp-content\/uploads\/2024\/06\/29-2048x996.jpg 2048w, https:\/\/cistime-fasady.sk\/wp-content\/uploads\/2024\/06\/29-scaled.jpg 1920w\" sizes=\"(max-width: 1024px) 100vw, 1024px\" \/><\/figure>\n\n\n\n<figure class=\"wp-block-image size-large\"><img decoding=\"async\" width=\"1024\" height=\"498\" data-id=\"944\" src=\"https:\/\/cistime-fasady.sk\/wp-content\/uploads\/2024\/06\/30-1024x498.jpg\" alt=\"\" class=\"wp-image-944\" srcset=\"https:\/\/cistime-fasady.sk\/wp-content\/uploads\/2024\/06\/30-1024x498.jpg 1024w, https:\/\/cistime-fasady.sk\/wp-content\/uploads\/2024\/06\/30-300x146.jpg 300w, https:\/\/cistime-fasady.sk\/wp-content\/uploads\/2024\/06\/30-768x373.jpg 768w, https:\/\/cistime-fasady.sk\/wp-content\/uploads\/2024\/06\/30-1536x747.jpg 1536w, https:\/\/cistime-fasady.sk\/wp-content\/uploads\/2024\/06\/30-2048x996.jpg 2048w, https:\/\/cistime-fasady.sk\/wp-content\/uploads\/2024\/06\/30-scaled.jpg 1920w\" sizes=\"(max-width: 1024px) 100vw, 1024px\" \/><\/figure>\n<\/figure>\n\n\n\n<div style=\"height:30px\" aria-hidden=\"true\" class=\"wp-block-spacer\"><\/div>\n\n\n\n<p>Ak m\u00e1te z\u00e1ujem o\u00a0profesion\u00e1lne \u010distenie fas\u00e1d, obr\u00e1\u0165te sa na n\u00e1s. Pon\u00fakame v\u00e1m mo\u017enos\u0165 bezplatnej uk\u00e1\u017eky priamo u\u00a0v\u00e1s doma \u2013 sta\u010d\u00ed, ak n\u00e1s\u00a0<a href=\"https:\/\/cistime-fasady.sk\/cz\/kontakt\/\">kontaktujete<\/a>.<\/p>","protected":false},"excerpt":{"rendered":"<p>V\u00a0momente, ke\u010f si majitelia rodinn\u00fdch domov v\u0161imn\u00fa, \u017ee ich fas\u00e1da u\u017e nevyzer\u00e1 tak ako kedysi, prich\u00e1dza na rad ot\u00e1zka, \u010di je vhodnej\u0161ie investova\u0165 do nov\u00e9ho n\u00e1teru fas\u00e1dy alebo si zvoli\u0165 \u010distenie fas\u00e1d. Dnes si teda povieme, v\u00a0ktor\u00fdch pr\u00edpadoch je vhodnej\u0161ia prv\u00e1 alternat\u00edva a\u00a0kedy naopak posta\u010d\u00ed t\u00e1 druh\u00e1.<\/p>","protected":false},"author":1,"featured_media":943,"comment_status":"closed","ping_status":"open","sticky":false,"template":"","format":"standard","meta":{"footnotes":""},"categories":[1],"tags":[],"class_list":["post-1137","post","type-post","status-publish","format-standard","has-post-thumbnail","hentry","category-nezaradene"],"yoast_head":"<!-- This site is optimized with the Yoast SEO plugin v23.1 - https:\/\/yoast.com\/wordpress\/plugins\/seo\/ -->\n<title>Nov\u00fd n\u00e1ter alebo \u010distenie fas\u00e1d? | \u010cist\u00edme Fas\u00e1dy<\/title>\n<meta name=\"robots\" content=\"index, follow, max-snippet:-1, max-image-preview:large, max-video-preview:-1\" \/>\n<link rel=\"canonical\" href=\"https:\/\/cistime-fasady.sk\/cz\/novy-nater-alebo-cistenie-fasad\/\" \/>\n<meta property=\"og:locale\" content=\"cs_CZ\" \/>\n<meta property=\"og:type\" content=\"article\" \/>\n<meta property=\"og:title\" content=\"Nov\u00fd n\u00e1ter alebo \u010distenie fas\u00e1d? | \u010cist\u00edme Fas\u00e1dy\" \/>\n<meta property=\"og:description\" content=\"V\u00a0momente, ke\u010f si majitelia rodinn\u00fdch domov v\u0161imn\u00fa, \u017ee ich fas\u00e1da u\u017e nevyzer\u00e1 tak ako kedysi, prich\u00e1dza na rad ot\u00e1zka, \u010di je vhodnej\u0161ie investova\u0165 do nov\u00e9ho n\u00e1teru fas\u00e1dy alebo si zvoli\u0165 \u010distenie fas\u00e1d. Dnes si teda povieme, v\u00a0ktor\u00fdch pr\u00edpadoch je vhodnej\u0161ia prv\u00e1 alternat\u00edva a\u00a0kedy naopak posta\u010d\u00ed t\u00e1 druh\u00e1.\" \/>\n<meta property=\"og:url\" content=\"https:\/\/cistime-fasady.sk\/cz\/novy-nater-alebo-cistenie-fasad\/\" \/>\n<meta property=\"og:site_name\" content=\"\u010cist\u00edme Fas\u00e1dy\" \/>\n<meta property=\"article:publisher\" content=\"https:\/\/www.facebook.com\/cisteniefasadvalmax\/\" \/>\n<meta property=\"article:published_time\" content=\"2020-09-20T13:13:00+00:00\" \/>\n<meta property=\"article:modified_time\" content=\"2024-06-19T13:16:16+00:00\" \/>\n<meta property=\"og:image\" content=\"https:\/\/cistime-fasady.sk\/wp-content\/uploads\/2024\/06\/29-scaled.jpg\" \/>\n\t<meta property=\"og:image:width\" content=\"2560\" \/>\n\t<meta property=\"og:image:height\" content=\"1244\" \/>\n\t<meta property=\"og:image:type\" content=\"image\/jpeg\" \/>\n<meta name=\"author\" content=\"RAKETING\" \/>\n<meta name=\"twitter:card\" content=\"summary_large_image\" \/>\n<meta name=\"twitter:label1\" content=\"Napsal(a)\" \/>\n\t<meta name=\"twitter:data1\" content=\"RAKETING\" \/>\n\t<meta name=\"twitter:label2\" content=\"Odhadovan\u00e1 doba \u010dten\u00ed\" \/>\n\t<meta name=\"twitter:data2\" content=\"2 minuty\" \/>\n<script type=\"application\/ld+json\" class=\"yoast-schema-graph\">{\"@context\":\"https:\/\/schema.org\",\"@graph\":[{\"@type\":\"Article\",\"@id\":\"https:\/\/cistime-fasady.sk\/novy-nater-alebo-cistenie-fasad\/#article\",\"isPartOf\":{\"@id\":\"https:\/\/cistime-fasady.sk\/novy-nater-alebo-cistenie-fasad\/\"},\"author\":{\"name\":\"RAKETING\",\"@id\":\"https:\/\/cistime-fasady.sk\/#\/schema\/person\/18a2e8eb3e0dbe04479779b3ac0c9865\"},\"headline\":\"Nov\u00fd n\u00e1ter alebo \u010distenie fas\u00e1d?\",\"datePublished\":\"2020-09-20T13:13:00+00:00\",\"dateModified\":\"2024-06-19T13:16:16+00:00\",\"mainEntityOfPage\":{\"@id\":\"https:\/\/cistime-fasady.sk\/novy-nater-alebo-cistenie-fasad\/\"},\"wordCount\":286,\"publisher\":{\"@id\":\"https:\/\/cistime-fasady.sk\/#organization\"},\"image\":{\"@id\":\"https:\/\/cistime-fasady.sk\/novy-nater-alebo-cistenie-fasad\/#primaryimage\"},\"thumbnailUrl\":\"https:\/\/cistime-fasady.sk\/wp-content\/uploads\/2024\/06\/29-scaled.jpg\",\"articleSection\":[\"Nezaraden\u00e9\"],\"inLanguage\":\"cs\"},{\"@type\":\"WebPage\",\"@id\":\"https:\/\/cistime-fasady.sk\/novy-nater-alebo-cistenie-fasad\/\",\"url\":\"https:\/\/cistime-fasady.sk\/novy-nater-alebo-cistenie-fasad\/\",\"name\":\"Nov\u00fd n\u00e1ter alebo \u010distenie fas\u00e1d? | \u010cist\u00edme Fas\u00e1dy\",\"isPartOf\":{\"@id\":\"https:\/\/cistime-fasady.sk\/#website\"},\"primaryImageOfPage\":{\"@id\":\"https:\/\/cistime-fasady.sk\/novy-nater-alebo-cistenie-fasad\/#primaryimage\"},\"image\":{\"@id\":\"https:\/\/cistime-fasady.sk\/novy-nater-alebo-cistenie-fasad\/#primaryimage\"},\"thumbnailUrl\":\"https:\/\/cistime-fasady.sk\/wp-content\/uploads\/2024\/06\/29-scaled.jpg\",\"datePublished\":\"2020-09-20T13:13:00+00:00\",\"dateModified\":\"2024-06-19T13:16:16+00:00\",\"breadcrumb\":{\"@id\":\"https:\/\/cistime-fasady.sk\/novy-nater-alebo-cistenie-fasad\/#breadcrumb\"},\"inLanguage\":\"cs\",\"potentialAction\":[{\"@type\":\"ReadAction\",\"target\":[\"https:\/\/cistime-fasady.sk\/novy-nater-alebo-cistenie-fasad\/\"]}]},{\"@type\":\"ImageObject\",\"inLanguage\":\"cs\",\"@id\":\"https:\/\/cistime-fasady.sk\/novy-nater-alebo-cistenie-fasad\/#primaryimage\",\"url\":\"https:\/\/cistime-fasady.sk\/wp-content\/uploads\/2024\/06\/29-scaled.jpg\",\"contentUrl\":\"https:\/\/cistime-fasady.sk\/wp-content\/uploads\/2024\/06\/29-scaled.jpg\",\"width\":1920,\"height\":933,\"caption\":\"29 scaled\"},{\"@type\":\"BreadcrumbList\",\"@id\":\"https:\/\/cistime-fasady.sk\/novy-nater-alebo-cistenie-fasad\/#breadcrumb\",\"itemListElement\":[{\"@type\":\"ListItem\",\"position\":1,\"name\":\"Domovsk\u00e1 str\u00e1nka\",\"item\":\"https:\/\/cistime-fasady.sk\/\"},{\"@type\":\"ListItem\",\"position\":2,\"name\":\"Nov\u00fd n\u00e1ter alebo \u010distenie fas\u00e1d?\"}]},{\"@type\":\"WebSite\",\"@id\":\"https:\/\/cistime-fasady.sk\/#website\",\"url\":\"https:\/\/cistime-fasady.sk\/\",\"name\":\"\u010cist\u00edme Fas\u00e1dy\",\"description\":\"Profesion\u00e1lne \u010distenie fas\u00e1d\",\"publisher\":{\"@id\":\"https:\/\/cistime-fasady.sk\/#organization\"},\"alternateName\":\"\u010cF\",\"potentialAction\":[{\"@type\":\"SearchAction\",\"target\":{\"@type\":\"EntryPoint\",\"urlTemplate\":\"https:\/\/cistime-fasady.sk\/?s={search_term_string}\"},\"query-input\":\"required name=search_term_string\"}],\"inLanguage\":\"cs\"},{\"@type\":\"Organization\",\"@id\":\"https:\/\/cistime-fasady.sk\/#organization\",\"name\":\"Valmax s.r.o.\",\"alternateName\":\"Valmax s.r.o.\",\"url\":\"https:\/\/cistime-fasady.sk\/\",\"logo\":{\"@type\":\"ImageObject\",\"inLanguage\":\"cs\",\"@id\":\"https:\/\/cistime-fasady.sk\/#\/schema\/logo\/image\/\",\"url\":\"https:\/\/cistime-fasady.sk\/wp-content\/uploads\/2024\/03\/313207521_617400896841873_42847256823662438_n.jpg\",\"contentUrl\":\"https:\/\/cistime-fasady.sk\/wp-content\/uploads\/2024\/03\/313207521_617400896841873_42847256823662438_n.jpg\",\"width\":971,\"height\":971,\"caption\":\"Valmax s.r.o.\"},\"image\":{\"@id\":\"https:\/\/cistime-fasady.sk\/#\/schema\/logo\/image\/\"},\"sameAs\":[\"https:\/\/www.facebook.com\/cisteniefasadvalmax\/\",\"https:\/\/www.instagram.com\/valmax_cisteniefasad\/\"]},{\"@type\":\"Person\",\"@id\":\"https:\/\/cistime-fasady.sk\/#\/schema\/person\/18a2e8eb3e0dbe04479779b3ac0c9865\",\"name\":\"RAKETING\",\"image\":{\"@type\":\"ImageObject\",\"inLanguage\":\"cs\",\"@id\":\"https:\/\/cistime-fasady.sk\/#\/schema\/person\/image\/\",\"url\":\"https:\/\/secure.gravatar.com\/avatar\/7c3caac6c6527a5588ed6ed3aa8a1560b2c5f42cf1b704448b0ba30756aecfbc?s=96&d=mm&r=g\",\"contentUrl\":\"https:\/\/secure.gravatar.com\/avatar\/7c3caac6c6527a5588ed6ed3aa8a1560b2c5f42cf1b704448b0ba30756aecfbc?s=96&d=mm&r=g\",\"caption\":\"RAKETING\"},\"sameAs\":[\"https:\/\/cistime-fasady.sk\"],\"url\":\"https:\/\/cistime-fasady.sk\/cz\/author\/test02\/\"}]}<\/script>\n<!-- \/ Yoast SEO plugin. -->","yoast_head_json":{"title":"Nov\u00fd n\u00e1ter alebo \u010distenie fas\u00e1d? | \u010cist\u00edme Fas\u00e1dy","robots":{"index":"index","follow":"follow","max-snippet":"max-snippet:-1","max-image-preview":"max-image-preview:large","max-video-preview":"max-video-preview:-1"},"canonical":"https:\/\/cistime-fasady.sk\/cz\/novy-nater-alebo-cistenie-fasad\/","og_locale":"cs_CZ","og_type":"article","og_title":"Nov\u00fd n\u00e1ter alebo \u010distenie fas\u00e1d? | \u010cist\u00edme Fas\u00e1dy","og_description":"V\u00a0momente, ke\u010f si majitelia rodinn\u00fdch domov v\u0161imn\u00fa, \u017ee ich fas\u00e1da u\u017e nevyzer\u00e1 tak ako kedysi, prich\u00e1dza na rad ot\u00e1zka, \u010di je vhodnej\u0161ie investova\u0165 do nov\u00e9ho n\u00e1teru fas\u00e1dy alebo si zvoli\u0165 \u010distenie fas\u00e1d. Dnes si teda povieme, v\u00a0ktor\u00fdch pr\u00edpadoch je vhodnej\u0161ia prv\u00e1 alternat\u00edva a\u00a0kedy naopak posta\u010d\u00ed t\u00e1 druh\u00e1.","og_url":"https:\/\/cistime-fasady.sk\/cz\/novy-nater-alebo-cistenie-fasad\/","og_site_name":"\u010cist\u00edme Fas\u00e1dy","article_publisher":"https:\/\/www.facebook.com\/cisteniefasadvalmax\/","article_published_time":"2020-09-20T13:13:00+00:00","article_modified_time":"2024-06-19T13:16:16+00:00","og_image":[{"width":2560,"height":1244,"url":"https:\/\/cistime-fasady.sk\/wp-content\/uploads\/2024\/06\/29-scaled.jpg","type":"image\/jpeg"}],"author":"RAKETING","twitter_card":"summary_large_image","twitter_misc":{"Napsal(a)":"RAKETING","Odhadovan\u00e1 doba \u010dten\u00ed":"2 minuty"},"schema":{"@context":"https:\/\/schema.org","@graph":[{"@type":"Article","@id":"https:\/\/cistime-fasady.sk\/novy-nater-alebo-cistenie-fasad\/#article","isPartOf":{"@id":"https:\/\/cistime-fasady.sk\/novy-nater-alebo-cistenie-fasad\/"},"author":{"name":"RAKETING","@id":"https:\/\/cistime-fasady.sk\/#\/schema\/person\/18a2e8eb3e0dbe04479779b3ac0c9865"},"headline":"Nov\u00fd n\u00e1ter alebo \u010distenie fas\u00e1d?","datePublished":"2020-09-20T13:13:00+00:00","dateModified":"2024-06-19T13:16:16+00:00","mainEntityOfPage":{"@id":"https:\/\/cistime-fasady.sk\/novy-nater-alebo-cistenie-fasad\/"},"wordCount":286,"publisher":{"@id":"https:\/\/cistime-fasady.sk\/#organization"},"image":{"@id":"https:\/\/cistime-fasady.sk\/novy-nater-alebo-cistenie-fasad\/#primaryimage"},"thumbnailUrl":"https:\/\/cistime-fasady.sk\/wp-content\/uploads\/2024\/06\/29-scaled.jpg","articleSection":["Nezaraden\u00e9"],"inLanguage":"cs"},{"@type":"WebPage","@id":"https:\/\/cistime-fasady.sk\/novy-nater-alebo-cistenie-fasad\/","url":"https:\/\/cistime-fasady.sk\/novy-nater-alebo-cistenie-fasad\/","name":"Nov\u00fd n\u00e1ter alebo \u010distenie fas\u00e1d? | \u010cist\u00edme Fas\u00e1dy","isPartOf":{"@id":"https:\/\/cistime-fasady.sk\/#website"},"primaryImageOfPage":{"@id":"https:\/\/cistime-fasady.sk\/novy-nater-alebo-cistenie-fasad\/#primaryimage"},"image":{"@id":"https:\/\/cistime-fasady.sk\/novy-nater-alebo-cistenie-fasad\/#primaryimage"},"thumbnailUrl":"https:\/\/cistime-fasady.sk\/wp-content\/uploads\/2024\/06\/29-scaled.jpg","datePublished":"2020-09-20T13:13:00+00:00","dateModified":"2024-06-19T13:16:16+00:00","breadcrumb":{"@id":"https:\/\/cistime-fasady.sk\/novy-nater-alebo-cistenie-fasad\/#breadcrumb"},"inLanguage":"cs","potentialAction":[{"@type":"ReadAction","target":["https:\/\/cistime-fasady.sk\/novy-nater-alebo-cistenie-fasad\/"]}]},{"@type":"ImageObject","inLanguage":"cs","@id":"https:\/\/cistime-fasady.sk\/novy-nater-alebo-cistenie-fasad\/#primaryimage","url":"https:\/\/cistime-fasady.sk\/wp-content\/uploads\/2024\/06\/29-scaled.jpg","contentUrl":"https:\/\/cistime-fasady.sk\/wp-content\/uploads\/2024\/06\/29-scaled.jpg","width":1920,"height":933,"caption":"29 scaled"},{"@type":"BreadcrumbList","@id":"https:\/\/cistime-fasady.sk\/novy-nater-alebo-cistenie-fasad\/#breadcrumb","itemListElement":[{"@type":"ListItem","position":1,"name":"Domovsk\u00e1 str\u00e1nka","item":"https:\/\/cistime-fasady.sk\/"},{"@type":"ListItem","position":2,"name":"Nov\u00fd n\u00e1ter alebo \u010distenie fas\u00e1d?"}]},{"@type":"WebSite","@id":"https:\/\/cistime-fasady.sk\/#website","url":"https:\/\/cistime-fasady.sk\/","name":"\u010cist\u00edme Fas\u00e1dy","description":"Profesion\u00e1lne \u010distenie fas\u00e1d","publisher":{"@id":"https:\/\/cistime-fasady.sk\/#organization"},"alternateName":"\u010cF","potentialAction":[{"@type":"SearchAction","target":{"@type":"EntryPoint","urlTemplate":"https:\/\/cistime-fasady.sk\/?s={search_term_string}"},"query-input":"required name=search_term_string"}],"inLanguage":"cs"},{"@type":"Organization","@id":"https:\/\/cistime-fasady.sk\/#organization","name":"Valmax s.r.o.","alternateName":"Valmax s.r.o.","url":"https:\/\/cistime-fasady.sk\/","logo":{"@type":"ImageObject","inLanguage":"cs","@id":"https:\/\/cistime-fasady.sk\/#\/schema\/logo\/image\/","url":"https:\/\/cistime-fasady.sk\/wp-content\/uploads\/2024\/03\/313207521_617400896841873_42847256823662438_n.jpg","contentUrl":"https:\/\/cistime-fasady.sk\/wp-content\/uploads\/2024\/03\/313207521_617400896841873_42847256823662438_n.jpg","width":971,"height":971,"caption":"Valmax s.r.o."},"image":{"@id":"https:\/\/cistime-fasady.sk\/#\/schema\/logo\/image\/"},"sameAs":["https:\/\/www.facebook.com\/cisteniefasadvalmax\/","https:\/\/www.instagram.com\/valmax_cisteniefasad\/"]},{"@type":"Person","@id":"https:\/\/cistime-fasady.sk\/#\/schema\/person\/18a2e8eb3e0dbe04479779b3ac0c9865","name":"RAKETING","image":{"@type":"ImageObject","inLanguage":"cs","@id":"https:\/\/cistime-fasady.sk\/#\/schema\/person\/image\/","url":"https:\/\/secure.gravatar.com\/avatar\/7c3caac6c6527a5588ed6ed3aa8a1560b2c5f42cf1b704448b0ba30756aecfbc?s=96&d=mm&r=g","contentUrl":"https:\/\/secure.gravatar.com\/avatar\/7c3caac6c6527a5588ed6ed3aa8a1560b2c5f42cf1b704448b0ba30756aecfbc?s=96&d=mm&r=g","caption":"RAKETING"},"sameAs":["https:\/\/cistime-fasady.sk"],"url":"https:\/\/cistime-fasady.sk\/cz\/author\/test02\/"}]}},"_links":{"self":[{"href":"https:\/\/cistime-fasady.sk\/cz\/wp-json\/wp\/v2\/posts\/1137","targetHints":{"allow":["GET"]}}],"collection":[{"href":"https:\/\/cistime-fasady.sk\/cz\/wp-json\/wp\/v2\/posts"}],"about":[{"href":"https:\/\/cistime-fasady.sk\/cz\/wp-json\/wp\/v2\/types\/post"}],"author":[{"embeddable":true,"href":"https:\/\/cistime-fasady.sk\/cz\/wp-json\/wp\/v2\/users\/1"}],"replies":[{"embeddable":true,"href":"https:\/\/cistime-fasady.sk\/cz\/wp-json\/wp\/v2\/comments?post=1137"}],"version-history":[{"count":1,"href":"https:\/\/cistime-fasady.sk\/cz\/wp-json\/wp\/v2\/posts\/1137\/revisions"}],"predecessor-version":[{"id":1138,"href":"https:\/\/cistime-fasady.sk\/cz\/wp-json\/wp\/v2\/posts\/1137\/revisions\/1138"}],"wp:featuredmedia":[{"embeddable":true,"href":"https:\/\/cistime-fasady.sk\/cz\/wp-json\/wp\/v2\/media\/943"}],"wp:attachment":[{"href":"https:\/\/cistime-fasady.sk\/cz\/wp-json\/wp\/v2\/media?parent=1137"}],"wp:term":[{"taxonomy":"category","embeddable":true,"href":"https:\/\/cistime-fasady.sk\/cz\/wp-json\/wp\/v2\/categories?post=1137"},{"taxonomy":"post_tag","embeddable":true,"href":"https:\/\/cistime-fasady.sk\/cz\/wp-json\/wp\/v2\/tags?post=1137"}],"curies":[{"name":"wp","href":"https:\/\/api.w.org\/{rel}","templated":true}]}}