{"id":1133,"date":"2020-10-15T14:51:00","date_gmt":"2020-10-15T12:51:00","guid":{"rendered":"https:\/\/cistime-fasady.sk\/?p=1133"},"modified":"2024-06-19T14:54:13","modified_gmt":"2024-06-19T12:54:13","slug":"ako-pripravit-svoj-dom-na-zimu","status":"publish","type":"post","link":"https:\/\/cistime-fasady.sk\/cz\/ako-pripravit-svoj-dom-na-zimu\/","title":{"rendered":"Ako pripravi\u0165 svoj dom na zimu?"},"content":{"rendered":"<p><em>Zima je tu \u010do nevidie\u0165.<\/em> <em>A\u00a0tak prich\u00e1dza \u010das nielen na ve\u013ek\u00e9 viano\u010dn\u00e9 upratovanie a n\u00e1kupy dar\u010dekov, ale tie\u017e je potrebn\u00e9 pripravi\u0165 na zimu aj exteri\u00e9r v\u00e1\u0161ho domu. Vysok\u00e1 vlhkos\u0165, d\u00e1\u017e\u010f, sneh i\u00a0mr\u00e1z dok\u00e1\u017eu na dome nap\u00e1cha\u0165 naozaj ve\u013ek\u00e9 \u0161kody, pokia\u013e starostlivosti o\u00a0exteri\u00e9r nevenujete dostatok pozornosti. Zazimovanie z\u00e1hrady, uskladnenie z\u00e1hradn\u00e9ho n\u00e1bytku \u010di kontrola krbu s\u00fa u\u00a0v\u00e4\u010d\u0161iny majite\u013eov rodinn\u00fdch domov samozrejmos\u0165ou<\/em>.<em> Av\u0161ak je tu jedna vec, na ktor\u00fa sa zvy\u010dajne zab\u00fada \u2013\u00a0<strong><em><a href=\"https:\/\/cistime-fasady.sk\/cz\/cistenie-fasad\/\">\u010distenie fas\u00e1d<\/a><\/em><\/strong>.<\/em><\/p>\n\n\n\n<div style=\"height:30px\" aria-hidden=\"true\" class=\"wp-block-spacer\"><\/div>\n\n\n\n<h2 class=\"wp-block-heading\"><strong>PRE\u010cO JE \u010cISTENIE FAS\u00c1D PRED ZIMOU D\u00d4LE\u017dIT\u00c9?<\/strong><\/h2>\n\n\n\n<p>Zrejme ste si polo\u017eili ot\u00e1zku, pre\u010do by v\u00e1s malo zauj\u00edma\u0165 \u010distenie fas\u00e1d pr\u00e1ve pred zimou a\u00a0nie napr\u00edklad na jar. Nu\u017e, vysvetlenie je jednoduch\u00e9. Ak sa o\u00a0svoju fas\u00e1du nepostar\u00e1te e\u0161te pred zimou, na jar bude v\u00e1\u0161 dom vyzera\u0165 akoby \u201ezostarol\u201c o\u00a0cel\u00e9 mesiace.<\/p>\n\n\n\n<p>Pr\u00e1ve zima je toti\u017eto ide\u00e1lnym obdob\u00edm pre rast plesn\u00ed a&nbsp;rias v&nbsp;h\u013abke va\u0161ej fas\u00e1dy, tak\u017ee sa rozmno\u017euj\u00fa e\u0161te ove\u013ea r\u00fdchlej\u0161ie, ne\u017e napr\u00edklad na jar \u010di v&nbsp;lete. Takisto sa spolu so spom\u00ednan\u00fdm da\u017e\u010fom a&nbsp;snehom us\u00e1dza na fas\u00e1de e\u0161te viac ne\u010dist\u00f4t ne\u017e oby\u010dajne. \u010cistenie fas\u00e1d je teda ide\u00e1lne absolvova\u0165 pr\u00e1ve na jese\u0148, pred zimou \u2013 nielen\u017ee bude va\u0161a fas\u00e1da vyzera\u0165 ako nov\u00e1, ale zbav\u00edte sa tie\u017e zdravotn\u00e9ho rizika, ktor\u00e9 so sebou riasy a&nbsp;plesne prin\u00e1\u0161aj\u00fa.<\/p>\n\n\n\n<p>Ak sa chcete o&nbsp;svoju fas\u00e1du kvalitne postara\u0165,&nbsp;<strong><em><a href=\"https:\/\/cistime-fasady.sk\/cz\/kontakt\/\">kontaktujte n\u00e1s<\/a><\/em><\/strong>&nbsp;a&nbsp;dohodnite si s&nbsp;nami bezplatn\u00fa uk\u00e1\u017eku \u010distenia fas\u00e1d.<\/p>\n\n\n\n<div style=\"height:30px\" aria-hidden=\"true\" class=\"wp-block-spacer\"><\/div>\n\n\n\n<figure class=\"wp-block-gallery has-nested-images columns-default is-cropped wp-block-gallery-1 is-layout-flex wp-block-gallery-is-layout-flex\">\n<figure class=\"wp-block-image size-large\"><img fetchpriority=\"high\" decoding=\"async\" width=\"1024\" height=\"498\" data-id=\"949\" src=\"https:\/\/cistime-fasady.sk\/wp-content\/uploads\/2024\/06\/35-1024x498.jpg\" alt=\"\" class=\"wp-image-949\" srcset=\"https:\/\/cistime-fasady.sk\/wp-content\/uploads\/2024\/06\/35-1024x498.jpg 1024w, https:\/\/cistime-fasady.sk\/wp-content\/uploads\/2024\/06\/35-300x146.jpg 300w, https:\/\/cistime-fasady.sk\/wp-content\/uploads\/2024\/06\/35-768x373.jpg 768w, https:\/\/cistime-fasady.sk\/wp-content\/uploads\/2024\/06\/35-1536x747.jpg 1536w, https:\/\/cistime-fasady.sk\/wp-content\/uploads\/2024\/06\/35-2048x996.jpg 2048w, https:\/\/cistime-fasady.sk\/wp-content\/uploads\/2024\/06\/35-scaled.jpg 1920w\" sizes=\"(max-width: 1024px) 100vw, 1024px\" \/><\/figure>\n\n\n\n<figure class=\"wp-block-image size-large\"><img decoding=\"async\" width=\"1024\" height=\"498\" data-id=\"950\" src=\"https:\/\/cistime-fasady.sk\/wp-content\/uploads\/2024\/06\/36-1024x498.jpg\" alt=\"\" class=\"wp-image-950\" srcset=\"https:\/\/cistime-fasady.sk\/wp-content\/uploads\/2024\/06\/36-1024x498.jpg 1024w, https:\/\/cistime-fasady.sk\/wp-content\/uploads\/2024\/06\/36-300x146.jpg 300w, https:\/\/cistime-fasady.sk\/wp-content\/uploads\/2024\/06\/36-768x373.jpg 768w, https:\/\/cistime-fasady.sk\/wp-content\/uploads\/2024\/06\/36-1536x747.jpg 1536w, https:\/\/cistime-fasady.sk\/wp-content\/uploads\/2024\/06\/36-2048x996.jpg 2048w, https:\/\/cistime-fasady.sk\/wp-content\/uploads\/2024\/06\/36-scaled.jpg 1920w\" sizes=\"(max-width: 1024px) 100vw, 1024px\" \/><\/figure>\n<\/figure>\n\n\n\n<div style=\"height:30px\" aria-hidden=\"true\" class=\"wp-block-spacer\"><\/div>","protected":false},"excerpt":{"rendered":"<p>Zima je tu \u010do nevidie\u0165. A\u00a0tak prich\u00e1dza \u010das nielen na ve\u013ek\u00e9 viano\u010dn\u00e9 upratovanie a n\u00e1kupy dar\u010dekov, ale tie\u017e je potrebn\u00e9 pripravi\u0165 na zimu aj exteri\u00e9r v\u00e1\u0161ho domu. Vysok\u00e1 vlhkos\u0165, d\u00e1\u017e\u010f, sneh i\u00a0mr\u00e1z dok\u00e1\u017eu na dome nap\u00e1cha\u0165 naozaj ve\u013ek\u00e9 \u0161kody, pokia\u013e starostlivosti o\u00a0exteri\u00e9r nevenujete dostatok pozornosti. Zazimovanie z\u00e1hrady, uskladnenie z\u00e1hradn\u00e9ho n\u00e1bytku \u010di kontrola krbu s\u00fa u\u00a0v\u00e4\u010d\u0161iny majite\u013eov rodinn\u00fdch domov samozrejmos\u0165ou. Av\u0161ak je tu jedna vec, na ktor\u00fa sa zvy\u010dajne zab\u00fada \u2013\u00a0\u010distenie fas\u00e1d.<\/p>","protected":false},"author":1,"featured_media":949,"comment_status":"closed","ping_status":"open","sticky":false,"template":"","format":"standard","meta":{"footnotes":""},"categories":[1],"tags":[],"class_list":["post-1133","post","type-post","status-publish","format-standard","has-post-thumbnail","hentry","category-nezaradene"],"yoast_head":"<!-- This site is optimized with the Yoast SEO plugin v23.1 - https:\/\/yoast.com\/wordpress\/plugins\/seo\/ -->\n<title>Ako pripravi\u0165 svoj dom na zimu? | \u010cist\u00edme Fas\u00e1dy<\/title>\n<meta name=\"robots\" content=\"index, follow, max-snippet:-1, max-image-preview:large, max-video-preview:-1\" \/>\n<link rel=\"canonical\" href=\"https:\/\/cistime-fasady.sk\/cz\/ako-pripravit-svoj-dom-na-zimu\/\" \/>\n<meta property=\"og:locale\" content=\"cs_CZ\" \/>\n<meta property=\"og:type\" content=\"article\" \/>\n<meta property=\"og:title\" content=\"Ako pripravi\u0165 svoj dom na zimu? | \u010cist\u00edme Fas\u00e1dy\" \/>\n<meta property=\"og:description\" content=\"Zima je tu \u010do nevidie\u0165. A\u00a0tak prich\u00e1dza \u010das nielen na ve\u013ek\u00e9 viano\u010dn\u00e9 upratovanie a n\u00e1kupy dar\u010dekov, ale tie\u017e je potrebn\u00e9 pripravi\u0165 na zimu aj exteri\u00e9r v\u00e1\u0161ho domu. Vysok\u00e1 vlhkos\u0165, d\u00e1\u017e\u010f, sneh i\u00a0mr\u00e1z dok\u00e1\u017eu na dome nap\u00e1cha\u0165 naozaj ve\u013ek\u00e9 \u0161kody, pokia\u013e starostlivosti o\u00a0exteri\u00e9r nevenujete dostatok pozornosti. Zazimovanie z\u00e1hrady, uskladnenie z\u00e1hradn\u00e9ho n\u00e1bytku \u010di kontrola krbu s\u00fa u\u00a0v\u00e4\u010d\u0161iny majite\u013eov rodinn\u00fdch domov samozrejmos\u0165ou. Av\u0161ak je tu jedna vec, na ktor\u00fa sa zvy\u010dajne zab\u00fada \u2013\u00a0\u010distenie fas\u00e1d.\" \/>\n<meta property=\"og:url\" content=\"https:\/\/cistime-fasady.sk\/cz\/ako-pripravit-svoj-dom-na-zimu\/\" \/>\n<meta property=\"og:site_name\" content=\"\u010cist\u00edme Fas\u00e1dy\" \/>\n<meta property=\"article:publisher\" content=\"https:\/\/www.facebook.com\/cisteniefasadvalmax\/\" \/>\n<meta property=\"article:published_time\" content=\"2020-10-15T12:51:00+00:00\" \/>\n<meta property=\"article:modified_time\" content=\"2024-06-19T12:54:13+00:00\" \/>\n<meta property=\"og:image\" content=\"https:\/\/cistime-fasady.sk\/wp-content\/uploads\/2024\/06\/35-scaled.jpg\" \/>\n\t<meta property=\"og:image:width\" content=\"2560\" \/>\n\t<meta property=\"og:image:height\" content=\"1244\" \/>\n\t<meta property=\"og:image:type\" content=\"image\/jpeg\" \/>\n<meta name=\"author\" content=\"RAKETING\" \/>\n<meta name=\"twitter:card\" content=\"summary_large_image\" \/>\n<meta name=\"twitter:label1\" content=\"Napsal(a)\" \/>\n\t<meta name=\"twitter:data1\" content=\"RAKETING\" \/>\n\t<meta name=\"twitter:label2\" content=\"Odhadovan\u00e1 doba \u010dten\u00ed\" \/>\n\t<meta name=\"twitter:data2\" content=\"2 minuty\" \/>\n<script type=\"application\/ld+json\" class=\"yoast-schema-graph\">{\"@context\":\"https:\/\/schema.org\",\"@graph\":[{\"@type\":\"Article\",\"@id\":\"https:\/\/cistime-fasady.sk\/ako-pripravit-svoj-dom-na-zimu\/#article\",\"isPartOf\":{\"@id\":\"https:\/\/cistime-fasady.sk\/ako-pripravit-svoj-dom-na-zimu\/\"},\"author\":{\"name\":\"RAKETING\",\"@id\":\"https:\/\/cistime-fasady.sk\/#\/schema\/person\/18a2e8eb3e0dbe04479779b3ac0c9865\"},\"headline\":\"Ako pripravi\u0165 svoj dom na zimu?\",\"datePublished\":\"2020-10-15T12:51:00+00:00\",\"dateModified\":\"2024-06-19T12:54:13+00:00\",\"mainEntityOfPage\":{\"@id\":\"https:\/\/cistime-fasady.sk\/ako-pripravit-svoj-dom-na-zimu\/\"},\"wordCount\":311,\"publisher\":{\"@id\":\"https:\/\/cistime-fasady.sk\/#organization\"},\"image\":{\"@id\":\"https:\/\/cistime-fasady.sk\/ako-pripravit-svoj-dom-na-zimu\/#primaryimage\"},\"thumbnailUrl\":\"https:\/\/cistime-fasady.sk\/wp-content\/uploads\/2024\/06\/35-scaled.jpg\",\"articleSection\":[\"Nezaraden\u00e9\"],\"inLanguage\":\"cs\"},{\"@type\":\"WebPage\",\"@id\":\"https:\/\/cistime-fasady.sk\/ako-pripravit-svoj-dom-na-zimu\/\",\"url\":\"https:\/\/cistime-fasady.sk\/ako-pripravit-svoj-dom-na-zimu\/\",\"name\":\"Ako pripravi\u0165 svoj dom na zimu? | \u010cist\u00edme Fas\u00e1dy\",\"isPartOf\":{\"@id\":\"https:\/\/cistime-fasady.sk\/#website\"},\"primaryImageOfPage\":{\"@id\":\"https:\/\/cistime-fasady.sk\/ako-pripravit-svoj-dom-na-zimu\/#primaryimage\"},\"image\":{\"@id\":\"https:\/\/cistime-fasady.sk\/ako-pripravit-svoj-dom-na-zimu\/#primaryimage\"},\"thumbnailUrl\":\"https:\/\/cistime-fasady.sk\/wp-content\/uploads\/2024\/06\/35-scaled.jpg\",\"datePublished\":\"2020-10-15T12:51:00+00:00\",\"dateModified\":\"2024-06-19T12:54:13+00:00\",\"breadcrumb\":{\"@id\":\"https:\/\/cistime-fasady.sk\/ako-pripravit-svoj-dom-na-zimu\/#breadcrumb\"},\"inLanguage\":\"cs\",\"potentialAction\":[{\"@type\":\"ReadAction\",\"target\":[\"https:\/\/cistime-fasady.sk\/ako-pripravit-svoj-dom-na-zimu\/\"]}]},{\"@type\":\"ImageObject\",\"inLanguage\":\"cs\",\"@id\":\"https:\/\/cistime-fasady.sk\/ako-pripravit-svoj-dom-na-zimu\/#primaryimage\",\"url\":\"https:\/\/cistime-fasady.sk\/wp-content\/uploads\/2024\/06\/35-scaled.jpg\",\"contentUrl\":\"https:\/\/cistime-fasady.sk\/wp-content\/uploads\/2024\/06\/35-scaled.jpg\",\"width\":1920,\"height\":933,\"caption\":\"35 scaled\"},{\"@type\":\"BreadcrumbList\",\"@id\":\"https:\/\/cistime-fasady.sk\/ako-pripravit-svoj-dom-na-zimu\/#breadcrumb\",\"itemListElement\":[{\"@type\":\"ListItem\",\"position\":1,\"name\":\"Domovsk\u00e1 str\u00e1nka\",\"item\":\"https:\/\/cistime-fasady.sk\/\"},{\"@type\":\"ListItem\",\"position\":2,\"name\":\"Ako pripravi\u0165 svoj dom na zimu?\"}]},{\"@type\":\"WebSite\",\"@id\":\"https:\/\/cistime-fasady.sk\/#website\",\"url\":\"https:\/\/cistime-fasady.sk\/\",\"name\":\"\u010cist\u00edme Fas\u00e1dy\",\"description\":\"Profesion\u00e1lne \u010distenie fas\u00e1d\",\"publisher\":{\"@id\":\"https:\/\/cistime-fasady.sk\/#organization\"},\"alternateName\":\"\u010cF\",\"potentialAction\":[{\"@type\":\"SearchAction\",\"target\":{\"@type\":\"EntryPoint\",\"urlTemplate\":\"https:\/\/cistime-fasady.sk\/?s={search_term_string}\"},\"query-input\":\"required name=search_term_string\"}],\"inLanguage\":\"cs\"},{\"@type\":\"Organization\",\"@id\":\"https:\/\/cistime-fasady.sk\/#organization\",\"name\":\"Valmax s.r.o.\",\"alternateName\":\"Valmax s.r.o.\",\"url\":\"https:\/\/cistime-fasady.sk\/\",\"logo\":{\"@type\":\"ImageObject\",\"inLanguage\":\"cs\",\"@id\":\"https:\/\/cistime-fasady.sk\/#\/schema\/logo\/image\/\",\"url\":\"https:\/\/cistime-fasady.sk\/wp-content\/uploads\/2024\/03\/313207521_617400896841873_42847256823662438_n.jpg\",\"contentUrl\":\"https:\/\/cistime-fasady.sk\/wp-content\/uploads\/2024\/03\/313207521_617400896841873_42847256823662438_n.jpg\",\"width\":971,\"height\":971,\"caption\":\"Valmax s.r.o.\"},\"image\":{\"@id\":\"https:\/\/cistime-fasady.sk\/#\/schema\/logo\/image\/\"},\"sameAs\":[\"https:\/\/www.facebook.com\/cisteniefasadvalmax\/\",\"https:\/\/www.instagram.com\/valmax_cisteniefasad\/\"]},{\"@type\":\"Person\",\"@id\":\"https:\/\/cistime-fasady.sk\/#\/schema\/person\/18a2e8eb3e0dbe04479779b3ac0c9865\",\"name\":\"RAKETING\",\"image\":{\"@type\":\"ImageObject\",\"inLanguage\":\"cs\",\"@id\":\"https:\/\/cistime-fasady.sk\/#\/schema\/person\/image\/\",\"url\":\"https:\/\/secure.gravatar.com\/avatar\/7c3caac6c6527a5588ed6ed3aa8a1560b2c5f42cf1b704448b0ba30756aecfbc?s=96&d=mm&r=g\",\"contentUrl\":\"https:\/\/secure.gravatar.com\/avatar\/7c3caac6c6527a5588ed6ed3aa8a1560b2c5f42cf1b704448b0ba30756aecfbc?s=96&d=mm&r=g\",\"caption\":\"RAKETING\"},\"sameAs\":[\"https:\/\/cistime-fasady.sk\"],\"url\":\"https:\/\/cistime-fasady.sk\/cz\/author\/test02\/\"}]}<\/script>\n<!-- \/ Yoast SEO plugin. -->","yoast_head_json":{"title":"Ako pripravi\u0165 svoj dom na zimu? | \u010cist\u00edme Fas\u00e1dy","robots":{"index":"index","follow":"follow","max-snippet":"max-snippet:-1","max-image-preview":"max-image-preview:large","max-video-preview":"max-video-preview:-1"},"canonical":"https:\/\/cistime-fasady.sk\/cz\/ako-pripravit-svoj-dom-na-zimu\/","og_locale":"cs_CZ","og_type":"article","og_title":"Ako pripravi\u0165 svoj dom na zimu? | \u010cist\u00edme Fas\u00e1dy","og_description":"Zima je tu \u010do nevidie\u0165. A\u00a0tak prich\u00e1dza \u010das nielen na ve\u013ek\u00e9 viano\u010dn\u00e9 upratovanie a n\u00e1kupy dar\u010dekov, ale tie\u017e je potrebn\u00e9 pripravi\u0165 na zimu aj exteri\u00e9r v\u00e1\u0161ho domu. Vysok\u00e1 vlhkos\u0165, d\u00e1\u017e\u010f, sneh i\u00a0mr\u00e1z dok\u00e1\u017eu na dome nap\u00e1cha\u0165 naozaj ve\u013ek\u00e9 \u0161kody, pokia\u013e starostlivosti o\u00a0exteri\u00e9r nevenujete dostatok pozornosti. Zazimovanie z\u00e1hrady, uskladnenie z\u00e1hradn\u00e9ho n\u00e1bytku \u010di kontrola krbu s\u00fa u\u00a0v\u00e4\u010d\u0161iny majite\u013eov rodinn\u00fdch domov samozrejmos\u0165ou. Av\u0161ak je tu jedna vec, na ktor\u00fa sa zvy\u010dajne zab\u00fada \u2013\u00a0\u010distenie fas\u00e1d.","og_url":"https:\/\/cistime-fasady.sk\/cz\/ako-pripravit-svoj-dom-na-zimu\/","og_site_name":"\u010cist\u00edme Fas\u00e1dy","article_publisher":"https:\/\/www.facebook.com\/cisteniefasadvalmax\/","article_published_time":"2020-10-15T12:51:00+00:00","article_modified_time":"2024-06-19T12:54:13+00:00","og_image":[{"width":2560,"height":1244,"url":"https:\/\/cistime-fasady.sk\/wp-content\/uploads\/2024\/06\/35-scaled.jpg","type":"image\/jpeg"}],"author":"RAKETING","twitter_card":"summary_large_image","twitter_misc":{"Napsal(a)":"RAKETING","Odhadovan\u00e1 doba \u010dten\u00ed":"2 minuty"},"schema":{"@context":"https:\/\/schema.org","@graph":[{"@type":"Article","@id":"https:\/\/cistime-fasady.sk\/ako-pripravit-svoj-dom-na-zimu\/#article","isPartOf":{"@id":"https:\/\/cistime-fasady.sk\/ako-pripravit-svoj-dom-na-zimu\/"},"author":{"name":"RAKETING","@id":"https:\/\/cistime-fasady.sk\/#\/schema\/person\/18a2e8eb3e0dbe04479779b3ac0c9865"},"headline":"Ako pripravi\u0165 svoj dom na zimu?","datePublished":"2020-10-15T12:51:00+00:00","dateModified":"2024-06-19T12:54:13+00:00","mainEntityOfPage":{"@id":"https:\/\/cistime-fasady.sk\/ako-pripravit-svoj-dom-na-zimu\/"},"wordCount":311,"publisher":{"@id":"https:\/\/cistime-fasady.sk\/#organization"},"image":{"@id":"https:\/\/cistime-fasady.sk\/ako-pripravit-svoj-dom-na-zimu\/#primaryimage"},"thumbnailUrl":"https:\/\/cistime-fasady.sk\/wp-content\/uploads\/2024\/06\/35-scaled.jpg","articleSection":["Nezaraden\u00e9"],"inLanguage":"cs"},{"@type":"WebPage","@id":"https:\/\/cistime-fasady.sk\/ako-pripravit-svoj-dom-na-zimu\/","url":"https:\/\/cistime-fasady.sk\/ako-pripravit-svoj-dom-na-zimu\/","name":"Ako pripravi\u0165 svoj dom na zimu? | \u010cist\u00edme Fas\u00e1dy","isPartOf":{"@id":"https:\/\/cistime-fasady.sk\/#website"},"primaryImageOfPage":{"@id":"https:\/\/cistime-fasady.sk\/ako-pripravit-svoj-dom-na-zimu\/#primaryimage"},"image":{"@id":"https:\/\/cistime-fasady.sk\/ako-pripravit-svoj-dom-na-zimu\/#primaryimage"},"thumbnailUrl":"https:\/\/cistime-fasady.sk\/wp-content\/uploads\/2024\/06\/35-scaled.jpg","datePublished":"2020-10-15T12:51:00+00:00","dateModified":"2024-06-19T12:54:13+00:00","breadcrumb":{"@id":"https:\/\/cistime-fasady.sk\/ako-pripravit-svoj-dom-na-zimu\/#breadcrumb"},"inLanguage":"cs","potentialAction":[{"@type":"ReadAction","target":["https:\/\/cistime-fasady.sk\/ako-pripravit-svoj-dom-na-zimu\/"]}]},{"@type":"ImageObject","inLanguage":"cs","@id":"https:\/\/cistime-fasady.sk\/ako-pripravit-svoj-dom-na-zimu\/#primaryimage","url":"https:\/\/cistime-fasady.sk\/wp-content\/uploads\/2024\/06\/35-scaled.jpg","contentUrl":"https:\/\/cistime-fasady.sk\/wp-content\/uploads\/2024\/06\/35-scaled.jpg","width":1920,"height":933,"caption":"35 scaled"},{"@type":"BreadcrumbList","@id":"https:\/\/cistime-fasady.sk\/ako-pripravit-svoj-dom-na-zimu\/#breadcrumb","itemListElement":[{"@type":"ListItem","position":1,"name":"Domovsk\u00e1 str\u00e1nka","item":"https:\/\/cistime-fasady.sk\/"},{"@type":"ListItem","position":2,"name":"Ako pripravi\u0165 svoj dom na zimu?"}]},{"@type":"WebSite","@id":"https:\/\/cistime-fasady.sk\/#website","url":"https:\/\/cistime-fasady.sk\/","name":"\u010cist\u00edme Fas\u00e1dy","description":"Profesion\u00e1lne \u010distenie fas\u00e1d","publisher":{"@id":"https:\/\/cistime-fasady.sk\/#organization"},"alternateName":"\u010cF","potentialAction":[{"@type":"SearchAction","target":{"@type":"EntryPoint","urlTemplate":"https:\/\/cistime-fasady.sk\/?s={search_term_string}"},"query-input":"required name=search_term_string"}],"inLanguage":"cs"},{"@type":"Organization","@id":"https:\/\/cistime-fasady.sk\/#organization","name":"Valmax s.r.o.","alternateName":"Valmax s.r.o.","url":"https:\/\/cistime-fasady.sk\/","logo":{"@type":"ImageObject","inLanguage":"cs","@id":"https:\/\/cistime-fasady.sk\/#\/schema\/logo\/image\/","url":"https:\/\/cistime-fasady.sk\/wp-content\/uploads\/2024\/03\/313207521_617400896841873_42847256823662438_n.jpg","contentUrl":"https:\/\/cistime-fasady.sk\/wp-content\/uploads\/2024\/03\/313207521_617400896841873_42847256823662438_n.jpg","width":971,"height":971,"caption":"Valmax s.r.o."},"image":{"@id":"https:\/\/cistime-fasady.sk\/#\/schema\/logo\/image\/"},"sameAs":["https:\/\/www.facebook.com\/cisteniefasadvalmax\/","https:\/\/www.instagram.com\/valmax_cisteniefasad\/"]},{"@type":"Person","@id":"https:\/\/cistime-fasady.sk\/#\/schema\/person\/18a2e8eb3e0dbe04479779b3ac0c9865","name":"RAKETING","image":{"@type":"ImageObject","inLanguage":"cs","@id":"https:\/\/cistime-fasady.sk\/#\/schema\/person\/image\/","url":"https:\/\/secure.gravatar.com\/avatar\/7c3caac6c6527a5588ed6ed3aa8a1560b2c5f42cf1b704448b0ba30756aecfbc?s=96&d=mm&r=g","contentUrl":"https:\/\/secure.gravatar.com\/avatar\/7c3caac6c6527a5588ed6ed3aa8a1560b2c5f42cf1b704448b0ba30756aecfbc?s=96&d=mm&r=g","caption":"RAKETING"},"sameAs":["https:\/\/cistime-fasady.sk"],"url":"https:\/\/cistime-fasady.sk\/cz\/author\/test02\/"}]}},"_links":{"self":[{"href":"https:\/\/cistime-fasady.sk\/cz\/wp-json\/wp\/v2\/posts\/1133","targetHints":{"allow":["GET"]}}],"collection":[{"href":"https:\/\/cistime-fasady.sk\/cz\/wp-json\/wp\/v2\/posts"}],"about":[{"href":"https:\/\/cistime-fasady.sk\/cz\/wp-json\/wp\/v2\/types\/post"}],"author":[{"embeddable":true,"href":"https:\/\/cistime-fasady.sk\/cz\/wp-json\/wp\/v2\/users\/1"}],"replies":[{"embeddable":true,"href":"https:\/\/cistime-fasady.sk\/cz\/wp-json\/wp\/v2\/comments?post=1133"}],"version-history":[{"count":1,"href":"https:\/\/cistime-fasady.sk\/cz\/wp-json\/wp\/v2\/posts\/1133\/revisions"}],"predecessor-version":[{"id":1134,"href":"https:\/\/cistime-fasady.sk\/cz\/wp-json\/wp\/v2\/posts\/1133\/revisions\/1134"}],"wp:featuredmedia":[{"embeddable":true,"href":"https:\/\/cistime-fasady.sk\/cz\/wp-json\/wp\/v2\/media\/949"}],"wp:attachment":[{"href":"https:\/\/cistime-fasady.sk\/cz\/wp-json\/wp\/v2\/media?parent=1133"}],"wp:term":[{"taxonomy":"category","embeddable":true,"href":"https:\/\/cistime-fasady.sk\/cz\/wp-json\/wp\/v2\/categories?post=1133"},{"taxonomy":"post_tag","embeddable":true,"href":"https:\/\/cistime-fasady.sk\/cz\/wp-json\/wp\/v2\/tags?post=1133"}],"curies":[{"name":"wp","href":"https:\/\/api.w.org\/{rel}","templated":true}]}}