{"id":1131,"date":"2020-11-15T14:46:00","date_gmt":"2020-11-15T13:46:00","guid":{"rendered":"https:\/\/cistime-fasady.sk\/?p=1131"},"modified":"2024-08-13T11:45:34","modified_gmt":"2024-08-13T09:45:34","slug":"fasadna-omietka-si-pred-zimou-zasluzi-specialnu-starostlivost","status":"publish","type":"post","link":"https:\/\/cistime-fasady.sk\/cz\/fasadna-omietka-si-pred-zimou-zasluzi-specialnu-starostlivost\/","title":{"rendered":"Fas\u00e1dna omietka si pred zimou zasl\u00fa\u017ei \u0161peci\u00e1lnu starostlivos\u0165"},"content":{"rendered":"<p><em>Zima sa nezadr\u017eate\u013ene bl\u00ed\u017ei a\u00a0majitelia rodinn\u00fdch domov pripravuj\u00fa svoj dom ako i\u00a0jeho okolie pr\u00e1ve na toto nadch\u00e1dzaj\u00face obdobie. Pred zimou toti\u017e treba zazimova\u0165 z\u00e1hradu, postara\u0165 sa o\u00a0dreven\u00e9 prvky v\u00a0exteri\u00e9ri, odlo\u017ei\u0165\u00a0<a href=\"https:\/\/www.pohodo.sk\/zahrada\">z\u00e1hradn\u00fd n\u00e1bytok<\/a>\u00a0a\u00a0aj\u00a0vn\u00fatri je toho dos\u0165 \u010do na pr\u00e1ci. Je tu v\u0161ak i\u00a0<strong><em><a href=\"https:\/\/cistime-fasady.sk\/cz\/fasadna-omietka\/\">fas\u00e1dna omietka<\/a><\/em><\/strong>, na ktor\u00fa sa \u010dastokr\u00e1t zab\u00fada, respekt\u00edve sa starostlivos\u0165 o\u00a0\u0148u pos\u00fava a\u017e na jar. Existuje v\u0161ak hne\u010f nieko\u013eko d\u00f4vodov, pre\u010do si fas\u00e1dna omietka zasl\u00fa\u017ei va\u0161u starostlivos\u0165 e\u0161te pred pr\u00edchodom zimy.<\/em><\/p>\n\n\n\n<div style=\"height:30px\" aria-hidden=\"true\" class=\"wp-block-spacer\"><\/div>\n\n\n\n<h2 class=\"wp-block-heading\"><strong>PRE\u010cO JE \u010cISTENIE FAS\u00c1D D\u00d4LE\u017dIT\u00c9 E\u0160TE PRED PR\u00cdCHODOM ZIMY?<\/strong><\/h2>\n\n\n\n<p>Naj\u010dastej\u0161\u00edm probl\u00e9mom, ktor\u00fd tr\u00e1pi majite\u013eov rodinn\u00fdch domov v\u00a0s\u00favislosti s\u00a0fas\u00e1dnou omietkou, s\u00fa plesne a\u00a0riasy tvoriace sa na jej povrchu. Ak sa aj v\u00e1m na fas\u00e1de domu tvoria plesne a\u00a0riasy, je d\u00f4le\u017eit\u00e9 vedie\u0165, \u017ee predstavuj\u00fa nielen estetick\u00fd probl\u00e9m, ale prin\u00e1\u0161aj\u00fa so sebou aj ur\u010dit\u00e9 zdravotn\u00e9 rizik\u00e1. Nu\u017e a\u00a0pr\u00e1ve zima je pre nich ide\u00e1lnym obdob\u00edm. Vlhko, tma \u010di chlad s\u00fa vlastne ide\u00e1lne podmienky na to, aby sa plesne a\u00a0riasy mohli rozmno\u017eova\u0165. A\u00a0to nielen na povrchu va\u0161ej fas\u00e1dy, ale aj v\u00a0h\u013abke jej p\u00f3rov.<\/p>\n\n\n\n<div style=\"height:30px\" aria-hidden=\"true\" class=\"wp-block-spacer\"><\/div>\n\n\n\n<h2 class=\"wp-block-heading\"><strong>AKO BUDE VYZERA\u0164 FAS\u00c1DNA OMIETKA NA JAR, AK JU TERAZ NEVY\u010cIST\u00cdTE?<\/strong><\/h2>\n\n\n\n<p>Ak v\u00a0takomto pr\u00edpade neprebehne\u00a0<strong><a href=\"https:\/\/cistime-fasady.sk\/cz\/cistenie-fasad\/\">\u010distenie fas\u00e1d<\/a><\/strong>\u00a0e\u0161te pred za\u010diatkom zimy, na jar u\u017e bude v\u00e1\u0161 dom vyzera\u0165 akoby zostarol o\u00a0cel\u00e9 mesiace. Fas\u00e1dna omietka bude u\u017e na prv\u00fd poh\u013ead vyzera\u0165 ove\u013ea hor\u0161ie ne\u017e teraz. A\u00a0navy\u0161e, v\u00a0jej p\u00f3roch sa bud\u00fa skr\u00fdva\u0165 zdravotn\u00e9 rizik\u00e1 ohrozuj\u00face v\u00e1s i\u00a0va\u0161u rodinu. Chcete stihn\u00fa\u0165 \u010distenie fas\u00e1d e\u0161te teraz?\u00a0<a href=\"https:\/\/cistime-fasady.sk\/cz\/kontakt\/\">Kontaktujte n\u00e1s<\/a>.<\/p>\n\n\n\n<div style=\"height:30px\" aria-hidden=\"true\" class=\"wp-block-spacer\"><\/div>\n\n\n\n<figure class=\"wp-block-gallery has-nested-images columns-default is-cropped wp-block-gallery-1 is-layout-flex wp-block-gallery-is-layout-flex\">\n<figure class=\"wp-block-image size-large\"><img fetchpriority=\"high\" decoding=\"async\" width=\"1024\" height=\"498\" data-id=\"951\" src=\"https:\/\/cistime-fasady.sk\/wp-content\/uploads\/2024\/06\/37-1024x498.jpg\" alt=\"\" class=\"wp-image-951\" srcset=\"https:\/\/cistime-fasady.sk\/wp-content\/uploads\/2024\/06\/37-1024x498.jpg 1024w, https:\/\/cistime-fasady.sk\/wp-content\/uploads\/2024\/06\/37-300x146.jpg 300w, https:\/\/cistime-fasady.sk\/wp-content\/uploads\/2024\/06\/37-768x373.jpg 768w, https:\/\/cistime-fasady.sk\/wp-content\/uploads\/2024\/06\/37-1536x747.jpg 1536w, https:\/\/cistime-fasady.sk\/wp-content\/uploads\/2024\/06\/37-2048x996.jpg 2048w, https:\/\/cistime-fasady.sk\/wp-content\/uploads\/2024\/06\/37-scaled.jpg 1920w\" sizes=\"(max-width: 1024px) 100vw, 1024px\" \/><\/figure>\n\n\n\n<figure class=\"wp-block-image size-large\"><img decoding=\"async\" width=\"1024\" height=\"498\" data-id=\"952\" src=\"https:\/\/cistime-fasady.sk\/wp-content\/uploads\/2024\/06\/38-1024x498.jpg\" alt=\"\" class=\"wp-image-952\" srcset=\"https:\/\/cistime-fasady.sk\/wp-content\/uploads\/2024\/06\/38-1024x498.jpg 1024w, https:\/\/cistime-fasady.sk\/wp-content\/uploads\/2024\/06\/38-300x146.jpg 300w, https:\/\/cistime-fasady.sk\/wp-content\/uploads\/2024\/06\/38-768x373.jpg 768w, https:\/\/cistime-fasady.sk\/wp-content\/uploads\/2024\/06\/38-1536x747.jpg 1536w, https:\/\/cistime-fasady.sk\/wp-content\/uploads\/2024\/06\/38-2048x996.jpg 2048w, https:\/\/cistime-fasady.sk\/wp-content\/uploads\/2024\/06\/38-scaled.jpg 1920w\" sizes=\"(max-width: 1024px) 100vw, 1024px\" \/><\/figure>\n<\/figure>\n\n\n\n<div style=\"height:30px\" aria-hidden=\"true\" class=\"wp-block-spacer\"><\/div>","protected":false},"excerpt":{"rendered":"<p>Zima sa nezadr\u017eate\u013ene bl\u00ed\u017ei a\u00a0majitelia rodinn\u00fdch domov pripravuj\u00fa svoj dom ako i\u00a0jeho okolie pr\u00e1ve na toto nadch\u00e1dzaj\u00face obdobie. Pred zimou toti\u017e treba zazimova\u0165 z\u00e1hradu, postara\u0165 sa o\u00a0dreven\u00e9 prvky v\u00a0exteri\u00e9ri, odlo\u017ei\u0165\u00a0z\u00e1hradn\u00fd n\u00e1bytok\u00a0a\u00a0aj\u00a0vn\u00fatri je toho dos\u0165 \u010do na pr\u00e1ci. Je tu v\u0161ak i\u00a0fas\u00e1dna omietka, na ktor\u00fa sa \u010dastokr\u00e1t zab\u00fada, respekt\u00edve sa starostlivos\u0165 o\u00a0\u0148u pos\u00fava a\u017e na jar. Existuje v\u0161ak hne\u010f nieko\u013eko d\u00f4vodov, pre\u010do si fas\u00e1dna omietka zasl\u00fa\u017ei va\u0161u starostlivos\u0165 e\u0161te pred pr\u00edchodom zimy.<\/p>","protected":false},"author":1,"featured_media":951,"comment_status":"closed","ping_status":"open","sticky":false,"template":"","format":"standard","meta":{"footnotes":""},"categories":[1],"tags":[],"class_list":["post-1131","post","type-post","status-publish","format-standard","has-post-thumbnail","hentry","category-nezaradene"],"yoast_head":"<!-- This site is optimized with the Yoast SEO plugin v23.1 - https:\/\/yoast.com\/wordpress\/plugins\/seo\/ -->\n<title>Fas\u00e1dna omietka si pred zimou zasl\u00fa\u017ei starostlivos\u0165 | \u010cist\u00edme Fas\u00e1dy<\/title>\n<meta name=\"robots\" content=\"index, follow, max-snippet:-1, max-image-preview:large, max-video-preview:-1\" \/>\n<link rel=\"canonical\" href=\"https:\/\/cistime-fasady.sk\/cz\/fasadna-omietka-si-pred-zimou-zasluzi-specialnu-starostlivost\/\" \/>\n<meta property=\"og:locale\" content=\"cs_CZ\" \/>\n<meta property=\"og:type\" content=\"article\" \/>\n<meta property=\"og:title\" content=\"Fas\u00e1dna omietka si pred zimou zasl\u00fa\u017ei starostlivos\u0165 | \u010cist\u00edme Fas\u00e1dy\" \/>\n<meta property=\"og:description\" content=\"Zima sa nezadr\u017eate\u013ene bl\u00ed\u017ei a\u00a0majitelia rodinn\u00fdch domov pripravuj\u00fa svoj dom ako i\u00a0jeho okolie pr\u00e1ve na toto nadch\u00e1dzaj\u00face obdobie. Pred zimou toti\u017e treba zazimova\u0165 z\u00e1hradu, postara\u0165 sa o\u00a0dreven\u00e9 prvky v\u00a0exteri\u00e9ri, odlo\u017ei\u0165\u00a0z\u00e1hradn\u00fd n\u00e1bytok\u00a0a\u00a0aj\u00a0vn\u00fatri je toho dos\u0165 \u010do na pr\u00e1ci. Je tu v\u0161ak i\u00a0fas\u00e1dna omietka, na ktor\u00fa sa \u010dastokr\u00e1t zab\u00fada, respekt\u00edve sa starostlivos\u0165 o\u00a0\u0148u pos\u00fava a\u017e na jar. Existuje v\u0161ak hne\u010f nieko\u013eko d\u00f4vodov, pre\u010do si fas\u00e1dna omietka zasl\u00fa\u017ei va\u0161u starostlivos\u0165 e\u0161te pred pr\u00edchodom zimy.\" \/>\n<meta property=\"og:url\" content=\"https:\/\/cistime-fasady.sk\/cz\/fasadna-omietka-si-pred-zimou-zasluzi-specialnu-starostlivost\/\" \/>\n<meta property=\"og:site_name\" content=\"\u010cist\u00edme Fas\u00e1dy\" \/>\n<meta property=\"article:publisher\" content=\"https:\/\/www.facebook.com\/cisteniefasadvalmax\/\" \/>\n<meta property=\"article:published_time\" content=\"2020-11-15T13:46:00+00:00\" \/>\n<meta property=\"article:modified_time\" content=\"2024-08-13T09:45:34+00:00\" \/>\n<meta property=\"og:image\" content=\"https:\/\/cistime-fasady.sk\/wp-content\/uploads\/2024\/06\/37-scaled.jpg\" \/>\n\t<meta property=\"og:image:width\" content=\"1920\" \/>\n\t<meta property=\"og:image:height\" content=\"933\" \/>\n\t<meta property=\"og:image:type\" content=\"image\/jpeg\" \/>\n<meta name=\"author\" content=\"RAKETING\" \/>\n<meta name=\"twitter:card\" content=\"summary_large_image\" \/>\n<meta name=\"twitter:label1\" content=\"Napsal(a)\" \/>\n\t<meta name=\"twitter:data1\" content=\"RAKETING\" \/>\n\t<meta name=\"twitter:label2\" content=\"Odhadovan\u00e1 doba \u010dten\u00ed\" \/>\n\t<meta name=\"twitter:data2\" content=\"2 minuty\" \/>\n<script type=\"application\/ld+json\" class=\"yoast-schema-graph\">{\"@context\":\"https:\/\/schema.org\",\"@graph\":[{\"@type\":\"Article\",\"@id\":\"https:\/\/cistime-fasady.sk\/fasadna-omietka-si-pred-zimou-zasluzi-specialnu-starostlivost\/#article\",\"isPartOf\":{\"@id\":\"https:\/\/cistime-fasady.sk\/fasadna-omietka-si-pred-zimou-zasluzi-specialnu-starostlivost\/\"},\"author\":{\"name\":\"RAKETING\",\"@id\":\"https:\/\/cistime-fasady.sk\/#\/schema\/person\/18a2e8eb3e0dbe04479779b3ac0c9865\"},\"headline\":\"Fas\u00e1dna omietka si pred zimou zasl\u00fa\u017ei \u0161peci\u00e1lnu starostlivos\u0165\",\"datePublished\":\"2020-11-15T13:46:00+00:00\",\"dateModified\":\"2024-08-13T09:45:34+00:00\",\"mainEntityOfPage\":{\"@id\":\"https:\/\/cistime-fasady.sk\/fasadna-omietka-si-pred-zimou-zasluzi-specialnu-starostlivost\/\"},\"wordCount\":336,\"publisher\":{\"@id\":\"https:\/\/cistime-fasady.sk\/#organization\"},\"image\":{\"@id\":\"https:\/\/cistime-fasady.sk\/fasadna-omietka-si-pred-zimou-zasluzi-specialnu-starostlivost\/#primaryimage\"},\"thumbnailUrl\":\"https:\/\/cistime-fasady.sk\/wp-content\/uploads\/2024\/06\/37-scaled.jpg\",\"articleSection\":[\"Nezaraden\u00e9\"],\"inLanguage\":\"cs\"},{\"@type\":\"WebPage\",\"@id\":\"https:\/\/cistime-fasady.sk\/fasadna-omietka-si-pred-zimou-zasluzi-specialnu-starostlivost\/\",\"url\":\"https:\/\/cistime-fasady.sk\/fasadna-omietka-si-pred-zimou-zasluzi-specialnu-starostlivost\/\",\"name\":\"Fas\u00e1dna omietka si pred zimou zasl\u00fa\u017ei starostlivos\u0165 | \u010cist\u00edme Fas\u00e1dy\",\"isPartOf\":{\"@id\":\"https:\/\/cistime-fasady.sk\/#website\"},\"primaryImageOfPage\":{\"@id\":\"https:\/\/cistime-fasady.sk\/fasadna-omietka-si-pred-zimou-zasluzi-specialnu-starostlivost\/#primaryimage\"},\"image\":{\"@id\":\"https:\/\/cistime-fasady.sk\/fasadna-omietka-si-pred-zimou-zasluzi-specialnu-starostlivost\/#primaryimage\"},\"thumbnailUrl\":\"https:\/\/cistime-fasady.sk\/wp-content\/uploads\/2024\/06\/37-scaled.jpg\",\"datePublished\":\"2020-11-15T13:46:00+00:00\",\"dateModified\":\"2024-08-13T09:45:34+00:00\",\"breadcrumb\":{\"@id\":\"https:\/\/cistime-fasady.sk\/fasadna-omietka-si-pred-zimou-zasluzi-specialnu-starostlivost\/#breadcrumb\"},\"inLanguage\":\"cs\",\"potentialAction\":[{\"@type\":\"ReadAction\",\"target\":[\"https:\/\/cistime-fasady.sk\/fasadna-omietka-si-pred-zimou-zasluzi-specialnu-starostlivost\/\"]}]},{\"@type\":\"ImageObject\",\"inLanguage\":\"cs\",\"@id\":\"https:\/\/cistime-fasady.sk\/fasadna-omietka-si-pred-zimou-zasluzi-specialnu-starostlivost\/#primaryimage\",\"url\":\"https:\/\/cistime-fasady.sk\/wp-content\/uploads\/2024\/06\/37-scaled.jpg\",\"contentUrl\":\"https:\/\/cistime-fasady.sk\/wp-content\/uploads\/2024\/06\/37-scaled.jpg\",\"width\":1920,\"height\":933,\"caption\":\"37 scaled\"},{\"@type\":\"BreadcrumbList\",\"@id\":\"https:\/\/cistime-fasady.sk\/fasadna-omietka-si-pred-zimou-zasluzi-specialnu-starostlivost\/#breadcrumb\",\"itemListElement\":[{\"@type\":\"ListItem\",\"position\":1,\"name\":\"Domovsk\u00e1 str\u00e1nka\",\"item\":\"https:\/\/cistime-fasady.sk\/\"},{\"@type\":\"ListItem\",\"position\":2,\"name\":\"Fas\u00e1dna omietka si pred zimou zasl\u00fa\u017ei \u0161peci\u00e1lnu starostlivos\u0165\"}]},{\"@type\":\"WebSite\",\"@id\":\"https:\/\/cistime-fasady.sk\/#website\",\"url\":\"https:\/\/cistime-fasady.sk\/\",\"name\":\"\u010cist\u00edme Fas\u00e1dy\",\"description\":\"Profesion\u00e1lne \u010distenie fas\u00e1d\",\"publisher\":{\"@id\":\"https:\/\/cistime-fasady.sk\/#organization\"},\"alternateName\":\"\u010cF\",\"potentialAction\":[{\"@type\":\"SearchAction\",\"target\":{\"@type\":\"EntryPoint\",\"urlTemplate\":\"https:\/\/cistime-fasady.sk\/?s={search_term_string}\"},\"query-input\":\"required name=search_term_string\"}],\"inLanguage\":\"cs\"},{\"@type\":\"Organization\",\"@id\":\"https:\/\/cistime-fasady.sk\/#organization\",\"name\":\"Valmax s.r.o.\",\"alternateName\":\"Valmax s.r.o.\",\"url\":\"https:\/\/cistime-fasady.sk\/\",\"logo\":{\"@type\":\"ImageObject\",\"inLanguage\":\"cs\",\"@id\":\"https:\/\/cistime-fasady.sk\/#\/schema\/logo\/image\/\",\"url\":\"https:\/\/cistime-fasady.sk\/wp-content\/uploads\/2024\/03\/313207521_617400896841873_42847256823662438_n.jpg\",\"contentUrl\":\"https:\/\/cistime-fasady.sk\/wp-content\/uploads\/2024\/03\/313207521_617400896841873_42847256823662438_n.jpg\",\"width\":971,\"height\":971,\"caption\":\"Valmax s.r.o.\"},\"image\":{\"@id\":\"https:\/\/cistime-fasady.sk\/#\/schema\/logo\/image\/\"},\"sameAs\":[\"https:\/\/www.facebook.com\/cisteniefasadvalmax\/\",\"https:\/\/www.instagram.com\/valmax_cisteniefasad\/\"]},{\"@type\":\"Person\",\"@id\":\"https:\/\/cistime-fasady.sk\/#\/schema\/person\/18a2e8eb3e0dbe04479779b3ac0c9865\",\"name\":\"RAKETING\",\"image\":{\"@type\":\"ImageObject\",\"inLanguage\":\"cs\",\"@id\":\"https:\/\/cistime-fasady.sk\/#\/schema\/person\/image\/\",\"url\":\"https:\/\/secure.gravatar.com\/avatar\/7c3caac6c6527a5588ed6ed3aa8a1560b2c5f42cf1b704448b0ba30756aecfbc?s=96&d=mm&r=g\",\"contentUrl\":\"https:\/\/secure.gravatar.com\/avatar\/7c3caac6c6527a5588ed6ed3aa8a1560b2c5f42cf1b704448b0ba30756aecfbc?s=96&d=mm&r=g\",\"caption\":\"RAKETING\"},\"sameAs\":[\"https:\/\/cistime-fasady.sk\"],\"url\":\"https:\/\/cistime-fasady.sk\/cz\/author\/test02\/\"}]}<\/script>\n<!-- \/ Yoast SEO plugin. -->","yoast_head_json":{"title":"Fas\u00e1dna omietka si pred zimou zasl\u00fa\u017ei starostlivos\u0165 | \u010cist\u00edme Fas\u00e1dy","robots":{"index":"index","follow":"follow","max-snippet":"max-snippet:-1","max-image-preview":"max-image-preview:large","max-video-preview":"max-video-preview:-1"},"canonical":"https:\/\/cistime-fasady.sk\/cz\/fasadna-omietka-si-pred-zimou-zasluzi-specialnu-starostlivost\/","og_locale":"cs_CZ","og_type":"article","og_title":"Fas\u00e1dna omietka si pred zimou zasl\u00fa\u017ei starostlivos\u0165 | \u010cist\u00edme Fas\u00e1dy","og_description":"Zima sa nezadr\u017eate\u013ene bl\u00ed\u017ei a\u00a0majitelia rodinn\u00fdch domov pripravuj\u00fa svoj dom ako i\u00a0jeho okolie pr\u00e1ve na toto nadch\u00e1dzaj\u00face obdobie. Pred zimou toti\u017e treba zazimova\u0165 z\u00e1hradu, postara\u0165 sa o\u00a0dreven\u00e9 prvky v\u00a0exteri\u00e9ri, odlo\u017ei\u0165\u00a0z\u00e1hradn\u00fd n\u00e1bytok\u00a0a\u00a0aj\u00a0vn\u00fatri je toho dos\u0165 \u010do na pr\u00e1ci. Je tu v\u0161ak i\u00a0fas\u00e1dna omietka, na ktor\u00fa sa \u010dastokr\u00e1t zab\u00fada, respekt\u00edve sa starostlivos\u0165 o\u00a0\u0148u pos\u00fava a\u017e na jar. Existuje v\u0161ak hne\u010f nieko\u013eko d\u00f4vodov, pre\u010do si fas\u00e1dna omietka zasl\u00fa\u017ei va\u0161u starostlivos\u0165 e\u0161te pred pr\u00edchodom zimy.","og_url":"https:\/\/cistime-fasady.sk\/cz\/fasadna-omietka-si-pred-zimou-zasluzi-specialnu-starostlivost\/","og_site_name":"\u010cist\u00edme Fas\u00e1dy","article_publisher":"https:\/\/www.facebook.com\/cisteniefasadvalmax\/","article_published_time":"2020-11-15T13:46:00+00:00","article_modified_time":"2024-08-13T09:45:34+00:00","og_image":[{"width":1920,"height":933,"url":"https:\/\/cistime-fasady.sk\/wp-content\/uploads\/2024\/06\/37-scaled.jpg","type":"image\/jpeg"}],"author":"RAKETING","twitter_card":"summary_large_image","twitter_misc":{"Napsal(a)":"RAKETING","Odhadovan\u00e1 doba \u010dten\u00ed":"2 minuty"},"schema":{"@context":"https:\/\/schema.org","@graph":[{"@type":"Article","@id":"https:\/\/cistime-fasady.sk\/fasadna-omietka-si-pred-zimou-zasluzi-specialnu-starostlivost\/#article","isPartOf":{"@id":"https:\/\/cistime-fasady.sk\/fasadna-omietka-si-pred-zimou-zasluzi-specialnu-starostlivost\/"},"author":{"name":"RAKETING","@id":"https:\/\/cistime-fasady.sk\/#\/schema\/person\/18a2e8eb3e0dbe04479779b3ac0c9865"},"headline":"Fas\u00e1dna omietka si pred zimou zasl\u00fa\u017ei \u0161peci\u00e1lnu starostlivos\u0165","datePublished":"2020-11-15T13:46:00+00:00","dateModified":"2024-08-13T09:45:34+00:00","mainEntityOfPage":{"@id":"https:\/\/cistime-fasady.sk\/fasadna-omietka-si-pred-zimou-zasluzi-specialnu-starostlivost\/"},"wordCount":336,"publisher":{"@id":"https:\/\/cistime-fasady.sk\/#organization"},"image":{"@id":"https:\/\/cistime-fasady.sk\/fasadna-omietka-si-pred-zimou-zasluzi-specialnu-starostlivost\/#primaryimage"},"thumbnailUrl":"https:\/\/cistime-fasady.sk\/wp-content\/uploads\/2024\/06\/37-scaled.jpg","articleSection":["Nezaraden\u00e9"],"inLanguage":"cs"},{"@type":"WebPage","@id":"https:\/\/cistime-fasady.sk\/fasadna-omietka-si-pred-zimou-zasluzi-specialnu-starostlivost\/","url":"https:\/\/cistime-fasady.sk\/fasadna-omietka-si-pred-zimou-zasluzi-specialnu-starostlivost\/","name":"Fas\u00e1dna omietka si pred zimou zasl\u00fa\u017ei starostlivos\u0165 | \u010cist\u00edme Fas\u00e1dy","isPartOf":{"@id":"https:\/\/cistime-fasady.sk\/#website"},"primaryImageOfPage":{"@id":"https:\/\/cistime-fasady.sk\/fasadna-omietka-si-pred-zimou-zasluzi-specialnu-starostlivost\/#primaryimage"},"image":{"@id":"https:\/\/cistime-fasady.sk\/fasadna-omietka-si-pred-zimou-zasluzi-specialnu-starostlivost\/#primaryimage"},"thumbnailUrl":"https:\/\/cistime-fasady.sk\/wp-content\/uploads\/2024\/06\/37-scaled.jpg","datePublished":"2020-11-15T13:46:00+00:00","dateModified":"2024-08-13T09:45:34+00:00","breadcrumb":{"@id":"https:\/\/cistime-fasady.sk\/fasadna-omietka-si-pred-zimou-zasluzi-specialnu-starostlivost\/#breadcrumb"},"inLanguage":"cs","potentialAction":[{"@type":"ReadAction","target":["https:\/\/cistime-fasady.sk\/fasadna-omietka-si-pred-zimou-zasluzi-specialnu-starostlivost\/"]}]},{"@type":"ImageObject","inLanguage":"cs","@id":"https:\/\/cistime-fasady.sk\/fasadna-omietka-si-pred-zimou-zasluzi-specialnu-starostlivost\/#primaryimage","url":"https:\/\/cistime-fasady.sk\/wp-content\/uploads\/2024\/06\/37-scaled.jpg","contentUrl":"https:\/\/cistime-fasady.sk\/wp-content\/uploads\/2024\/06\/37-scaled.jpg","width":1920,"height":933,"caption":"37 scaled"},{"@type":"BreadcrumbList","@id":"https:\/\/cistime-fasady.sk\/fasadna-omietka-si-pred-zimou-zasluzi-specialnu-starostlivost\/#breadcrumb","itemListElement":[{"@type":"ListItem","position":1,"name":"Domovsk\u00e1 str\u00e1nka","item":"https:\/\/cistime-fasady.sk\/"},{"@type":"ListItem","position":2,"name":"Fas\u00e1dna omietka si pred zimou zasl\u00fa\u017ei \u0161peci\u00e1lnu starostlivos\u0165"}]},{"@type":"WebSite","@id":"https:\/\/cistime-fasady.sk\/#website","url":"https:\/\/cistime-fasady.sk\/","name":"\u010cist\u00edme Fas\u00e1dy","description":"Profesion\u00e1lne \u010distenie fas\u00e1d","publisher":{"@id":"https:\/\/cistime-fasady.sk\/#organization"},"alternateName":"\u010cF","potentialAction":[{"@type":"SearchAction","target":{"@type":"EntryPoint","urlTemplate":"https:\/\/cistime-fasady.sk\/?s={search_term_string}"},"query-input":"required name=search_term_string"}],"inLanguage":"cs"},{"@type":"Organization","@id":"https:\/\/cistime-fasady.sk\/#organization","name":"Valmax s.r.o.","alternateName":"Valmax s.r.o.","url":"https:\/\/cistime-fasady.sk\/","logo":{"@type":"ImageObject","inLanguage":"cs","@id":"https:\/\/cistime-fasady.sk\/#\/schema\/logo\/image\/","url":"https:\/\/cistime-fasady.sk\/wp-content\/uploads\/2024\/03\/313207521_617400896841873_42847256823662438_n.jpg","contentUrl":"https:\/\/cistime-fasady.sk\/wp-content\/uploads\/2024\/03\/313207521_617400896841873_42847256823662438_n.jpg","width":971,"height":971,"caption":"Valmax s.r.o."},"image":{"@id":"https:\/\/cistime-fasady.sk\/#\/schema\/logo\/image\/"},"sameAs":["https:\/\/www.facebook.com\/cisteniefasadvalmax\/","https:\/\/www.instagram.com\/valmax_cisteniefasad\/"]},{"@type":"Person","@id":"https:\/\/cistime-fasady.sk\/#\/schema\/person\/18a2e8eb3e0dbe04479779b3ac0c9865","name":"RAKETING","image":{"@type":"ImageObject","inLanguage":"cs","@id":"https:\/\/cistime-fasady.sk\/#\/schema\/person\/image\/","url":"https:\/\/secure.gravatar.com\/avatar\/7c3caac6c6527a5588ed6ed3aa8a1560b2c5f42cf1b704448b0ba30756aecfbc?s=96&d=mm&r=g","contentUrl":"https:\/\/secure.gravatar.com\/avatar\/7c3caac6c6527a5588ed6ed3aa8a1560b2c5f42cf1b704448b0ba30756aecfbc?s=96&d=mm&r=g","caption":"RAKETING"},"sameAs":["https:\/\/cistime-fasady.sk"],"url":"https:\/\/cistime-fasady.sk\/cz\/author\/test02\/"}]}},"_links":{"self":[{"href":"https:\/\/cistime-fasady.sk\/cz\/wp-json\/wp\/v2\/posts\/1131","targetHints":{"allow":["GET"]}}],"collection":[{"href":"https:\/\/cistime-fasady.sk\/cz\/wp-json\/wp\/v2\/posts"}],"about":[{"href":"https:\/\/cistime-fasady.sk\/cz\/wp-json\/wp\/v2\/types\/post"}],"author":[{"embeddable":true,"href":"https:\/\/cistime-fasady.sk\/cz\/wp-json\/wp\/v2\/users\/1"}],"replies":[{"embeddable":true,"href":"https:\/\/cistime-fasady.sk\/cz\/wp-json\/wp\/v2\/comments?post=1131"}],"version-history":[{"count":1,"href":"https:\/\/cistime-fasady.sk\/cz\/wp-json\/wp\/v2\/posts\/1131\/revisions"}],"predecessor-version":[{"id":1132,"href":"https:\/\/cistime-fasady.sk\/cz\/wp-json\/wp\/v2\/posts\/1131\/revisions\/1132"}],"wp:featuredmedia":[{"embeddable":true,"href":"https:\/\/cistime-fasady.sk\/cz\/wp-json\/wp\/v2\/media\/951"}],"wp:attachment":[{"href":"https:\/\/cistime-fasady.sk\/cz\/wp-json\/wp\/v2\/media?parent=1131"}],"wp:term":[{"taxonomy":"category","embeddable":true,"href":"https:\/\/cistime-fasady.sk\/cz\/wp-json\/wp\/v2\/categories?post=1131"},{"taxonomy":"post_tag","embeddable":true,"href":"https:\/\/cistime-fasady.sk\/cz\/wp-json\/wp\/v2\/tags?post=1131"}],"curies":[{"name":"wp","href":"https:\/\/api.w.org\/{rel}","templated":true}]}}