{"id":1126,"date":"2020-12-10T14:37:00","date_gmt":"2020-12-10T13:37:00","guid":{"rendered":"https:\/\/cistime-fasady.sk\/?p=1126"},"modified":"2024-08-13T11:45:08","modified_gmt":"2024-08-13T09:45:08","slug":"ako-sa-starat-o-fasady-rodinnych-domov-pred-zimou-a-pocas-zimy","status":"publish","type":"post","link":"https:\/\/cistime-fasady.sk\/cz\/ako-sa-starat-o-fasady-rodinnych-domov-pred-zimou-a-pocas-zimy\/","title":{"rendered":"Ako sa stara\u0165 o fas\u00e1dy rodinn\u00fdch domov pred zimou a po\u010das zimy?"},"content":{"rendered":"<p><em><em><em><em>Zimn\u00e9 mesiace daj\u00fa va\u0161ej fas\u00e1de poriadne zabra\u0165. Chladn\u00e9 dni a\u00a0e\u0161te chladnej\u0161ie noci, vysok\u00e1 vlhkos\u0165, zr\u00e1\u017eky, sneh \u010di\u00a0tma. To v\u0161etko s\u00fa priam ide\u00e1lne podmienky pre vznik plesn\u00ed a\u00a0rias na va\u0161ej fas\u00e1de. Nu\u017e a v\u00a0pr\u00edpade, \u017ee ste plesne alebo riasy mali na svojej fas\u00e1de u\u017e pred zimou, po\u010das nej sa m\u00f4\u017ee ich rozmno\u017eovanie a\u017e nieko\u013ekon\u00e1sobne zr\u00fdchli\u0165. V\u00fdsledkom preto b\u00fdvaj\u00fa po zime zvy\u010dajne\u00a0<strong><em><a href=\"https:\/\/cistime-fasady.sk\/cz\/fasady-domov\/\">fas\u00e1dy rodinn\u00fdch domov<\/a><\/em><\/strong>, ktor\u00e9 vyzeraj\u00fa, akoby \u201ezostarli\u201c o\u00a0cel\u00e9 roky. Ako sa tomu d\u00e1 predch\u00e1dza\u0165?<\/em><\/em><\/em><\/em><\/p>\n\n\n\n<div style=\"height:30px\" aria-hidden=\"true\" class=\"wp-block-spacer\"><\/div>\n\n\n\n<h2 class=\"wp-block-heading\"><strong>\u010cISTENIE FAS\u00c1D ZABEZPE\u010cTE E\u0160TE PRED ZIMOU<\/strong><\/h2>\n\n\n\n<p>Pred zimou by ste ur\u010dite nemali zabudn\u00fa\u0165 na\u00a0<strong><em><a href=\"https:\/\/cistime-fasady.sk\/cz\/cistenie-fasad\/\">\u010distenie fas\u00e1d<\/a><\/em><\/strong>. Je d\u00f4le\u017eit\u00e9 z\u00a0fas\u00e1dy rodinn\u00fdch domov odstr\u00e1ni\u0165 v\u0161etky ne\u010distoty, ako s\u00fa napr\u00edklad prach, vt\u00e1\u010d\u00ed trus \u010di u\u017e spom\u00ednan\u00e9 plesne a\u00a0riasy. Ak sa rozhodnete pre profesion\u00e1lne \u010distenie fas\u00e1d, va\u0161a fas\u00e1da bude \u010dist\u00e1 nielen zvonku, ale i\u00a0v\u00a0h\u013abke p\u00f3rov. V\u010faka tomu zabr\u00e1nite v\u0161etk\u00fdm ne\u017eelan\u00fdm n\u00e1sledkom zimn\u00fdch mesiacov, o\u00a0ktor\u00fdch sme p\u00edsali vy\u0161\u0161ie. Navy\u0161e, ak d\u00f4kladne odstr\u00e1nite plesne a\u00a0riasy z\u00a0va\u0161ej fas\u00e1dy, zbav\u00edte sa i\u00a0zdravotn\u00e9ho rizika, ktor\u00e9 so sebou prin\u00e1\u0161aj\u00fa.<\/p>\n\n\n\n<p>Pri \u010disten\u00ed fas\u00e1d by malo by\u0165 samozrejmos\u0165ou, \u017ee po vy\u010disten\u00ed je na fas\u00e1du nanesen\u00fd ochrann\u00fd n\u00e1ter, ktor\u00fd ochr\u00e1ni va\u0161u fas\u00e1du nielen nasledovn\u00fa zimu, ale aj \u010fal\u0161\u00edch 5 rokov.<\/p>\n\n\n\n<div style=\"height:30px\" aria-hidden=\"true\" class=\"wp-block-spacer\"><\/div>\n\n\n\n<figure class=\"wp-block-gallery has-nested-images columns-default is-cropped wp-block-gallery-1 is-layout-flex wp-block-gallery-is-layout-flex\">\n<figure class=\"wp-block-image size-large\"><img fetchpriority=\"high\" decoding=\"async\" width=\"1024\" height=\"498\" data-id=\"955\" src=\"https:\/\/cistime-fasady.sk\/wp-content\/uploads\/2024\/06\/41-1024x498.jpg\" alt=\"\" class=\"wp-image-955\" srcset=\"https:\/\/cistime-fasady.sk\/wp-content\/uploads\/2024\/06\/41-1024x498.jpg 1024w, https:\/\/cistime-fasady.sk\/wp-content\/uploads\/2024\/06\/41-300x146.jpg 300w, https:\/\/cistime-fasady.sk\/wp-content\/uploads\/2024\/06\/41-768x373.jpg 768w, https:\/\/cistime-fasady.sk\/wp-content\/uploads\/2024\/06\/41-1536x747.jpg 1536w, https:\/\/cistime-fasady.sk\/wp-content\/uploads\/2024\/06\/41-2048x996.jpg 2048w, https:\/\/cistime-fasady.sk\/wp-content\/uploads\/2024\/06\/41-scaled.jpg 1920w\" sizes=\"(max-width: 1024px) 100vw, 1024px\" \/><\/figure>\n\n\n\n<figure class=\"wp-block-image size-large\"><img decoding=\"async\" width=\"1024\" height=\"498\" data-id=\"956\" src=\"https:\/\/cistime-fasady.sk\/wp-content\/uploads\/2024\/06\/42-1024x498.jpg\" alt=\"\" class=\"wp-image-956\" srcset=\"https:\/\/cistime-fasady.sk\/wp-content\/uploads\/2024\/06\/42-1024x498.jpg 1024w, https:\/\/cistime-fasady.sk\/wp-content\/uploads\/2024\/06\/42-300x146.jpg 300w, https:\/\/cistime-fasady.sk\/wp-content\/uploads\/2024\/06\/42-768x373.jpg 768w, https:\/\/cistime-fasady.sk\/wp-content\/uploads\/2024\/06\/42-1536x747.jpg 1536w, https:\/\/cistime-fasady.sk\/wp-content\/uploads\/2024\/06\/42-2048x996.jpg 2048w, https:\/\/cistime-fasady.sk\/wp-content\/uploads\/2024\/06\/42-scaled.jpg 1920w\" sizes=\"(max-width: 1024px) 100vw, 1024px\" \/><\/figure>\n<\/figure>\n\n\n\n<div style=\"height:30px\" aria-hidden=\"true\" class=\"wp-block-spacer\"><\/div>\n\n\n\n<h2 class=\"wp-block-heading\"><strong>NE\u010cAKAJTE NA JAR. KONTAKTUJTE N\u00c1S TERAZ A OBJEDNAJTE SI NA\u0160E SLU\u017dBY \u2013 STAR\u00c1ME SA O \u010cIST\u00c9 FAS\u00c1DY RODINN\u00ddCH DOMOV.<\/strong><\/h2>","protected":false},"excerpt":{"rendered":"<p>Zimn\u00e9 mesiace daj\u00fa va\u0161ej fas\u00e1de poriadne zabra\u0165. Chladn\u00e9 dni a\u00a0e\u0161te chladnej\u0161ie noci, vysok\u00e1 vlhkos\u0165, zr\u00e1\u017eky, sneh \u010di\u00a0tma. To v\u0161etko s\u00fa priam ide\u00e1lne podmienky pre vznik plesn\u00ed a\u00a0rias na va\u0161ej fas\u00e1de. Nu\u017e a v\u00a0pr\u00edpade, \u017ee ste plesne alebo riasy mali na svojej fas\u00e1de u\u017e pred zimou, po\u010das nej sa m\u00f4\u017ee ich rozmno\u017eovanie a\u017e nieko\u013ekon\u00e1sobne zr\u00fdchli\u0165. V\u00fdsledkom preto b\u00fdvaj\u00fa po zime zvy\u010dajne\u00a0fas\u00e1dy rodinn\u00fdch domov, ktor\u00e9 vyzeraj\u00fa, akoby \u201ezostarli\u201c o\u00a0cel\u00e9 roky. Ako sa tomu d\u00e1 predch\u00e1dza\u0165?<\/p>","protected":false},"author":1,"featured_media":955,"comment_status":"closed","ping_status":"open","sticky":false,"template":"","format":"standard","meta":{"footnotes":""},"categories":[1],"tags":[],"class_list":["post-1126","post","type-post","status-publish","format-standard","has-post-thumbnail","hentry","category-nezaradene"],"yoast_head":"<!-- This site is optimized with the Yoast SEO plugin v23.1 - https:\/\/yoast.com\/wordpress\/plugins\/seo\/ -->\n<title>Ako sa stara\u0165 o fas\u00e1dy rodinn\u00fdch domov v zime? | \u010cist\u00edme Fas\u00e1dy<\/title>\n<meta name=\"robots\" content=\"index, follow, max-snippet:-1, max-image-preview:large, max-video-preview:-1\" \/>\n<link rel=\"canonical\" href=\"https:\/\/cistime-fasady.sk\/cz\/ako-sa-starat-o-fasady-rodinnych-domov-pred-zimou-a-pocas-zimy\/\" \/>\n<meta property=\"og:locale\" content=\"cs_CZ\" \/>\n<meta property=\"og:type\" content=\"article\" \/>\n<meta property=\"og:title\" content=\"Ako sa stara\u0165 o fas\u00e1dy rodinn\u00fdch domov v zime? | \u010cist\u00edme Fas\u00e1dy\" \/>\n<meta property=\"og:description\" content=\"Zimn\u00e9 mesiace daj\u00fa va\u0161ej fas\u00e1de poriadne zabra\u0165. Chladn\u00e9 dni a\u00a0e\u0161te chladnej\u0161ie noci, vysok\u00e1 vlhkos\u0165, zr\u00e1\u017eky, sneh \u010di\u00a0tma. To v\u0161etko s\u00fa priam ide\u00e1lne podmienky pre vznik plesn\u00ed a\u00a0rias na va\u0161ej fas\u00e1de. Nu\u017e a v\u00a0pr\u00edpade, \u017ee ste plesne alebo riasy mali na svojej fas\u00e1de u\u017e pred zimou, po\u010das nej sa m\u00f4\u017ee ich rozmno\u017eovanie a\u017e nieko\u013ekon\u00e1sobne zr\u00fdchli\u0165. V\u00fdsledkom preto b\u00fdvaj\u00fa po zime zvy\u010dajne\u00a0fas\u00e1dy rodinn\u00fdch domov, ktor\u00e9 vyzeraj\u00fa, akoby \u201ezostarli\u201c o\u00a0cel\u00e9 roky. Ako sa tomu d\u00e1 predch\u00e1dza\u0165?\" \/>\n<meta property=\"og:url\" content=\"https:\/\/cistime-fasady.sk\/cz\/ako-sa-starat-o-fasady-rodinnych-domov-pred-zimou-a-pocas-zimy\/\" \/>\n<meta property=\"og:site_name\" content=\"\u010cist\u00edme Fas\u00e1dy\" \/>\n<meta property=\"article:publisher\" content=\"https:\/\/www.facebook.com\/cisteniefasadvalmax\/\" \/>\n<meta property=\"article:published_time\" content=\"2020-12-10T13:37:00+00:00\" \/>\n<meta property=\"article:modified_time\" content=\"2024-08-13T09:45:08+00:00\" \/>\n<meta property=\"og:image\" content=\"https:\/\/cistime-fasady.sk\/wp-content\/uploads\/2024\/06\/41-scaled.jpg\" \/>\n\t<meta property=\"og:image:width\" content=\"1920\" \/>\n\t<meta property=\"og:image:height\" content=\"933\" \/>\n\t<meta property=\"og:image:type\" content=\"image\/jpeg\" \/>\n<meta name=\"author\" content=\"RAKETING\" \/>\n<meta name=\"twitter:card\" content=\"summary_large_image\" \/>\n<meta name=\"twitter:label1\" content=\"Napsal(a)\" \/>\n\t<meta name=\"twitter:data1\" content=\"RAKETING\" \/>\n\t<meta name=\"twitter:label2\" content=\"Odhadovan\u00e1 doba \u010dten\u00ed\" \/>\n\t<meta name=\"twitter:data2\" content=\"2 minuty\" \/>\n<script type=\"application\/ld+json\" class=\"yoast-schema-graph\">{\"@context\":\"https:\/\/schema.org\",\"@graph\":[{\"@type\":\"Article\",\"@id\":\"https:\/\/cistime-fasady.sk\/ako-sa-starat-o-fasady-rodinnych-domov-pred-zimou-a-pocas-zimy\/#article\",\"isPartOf\":{\"@id\":\"https:\/\/cistime-fasady.sk\/ako-sa-starat-o-fasady-rodinnych-domov-pred-zimou-a-pocas-zimy\/\"},\"author\":{\"name\":\"RAKETING\",\"@id\":\"https:\/\/cistime-fasady.sk\/#\/schema\/person\/18a2e8eb3e0dbe04479779b3ac0c9865\"},\"headline\":\"Ako sa stara\u0165 o fas\u00e1dy rodinn\u00fdch domov pred zimou a po\u010das zimy?\",\"datePublished\":\"2020-12-10T13:37:00+00:00\",\"dateModified\":\"2024-08-13T09:45:08+00:00\",\"mainEntityOfPage\":{\"@id\":\"https:\/\/cistime-fasady.sk\/ako-sa-starat-o-fasady-rodinnych-domov-pred-zimou-a-pocas-zimy\/\"},\"wordCount\":304,\"publisher\":{\"@id\":\"https:\/\/cistime-fasady.sk\/#organization\"},\"image\":{\"@id\":\"https:\/\/cistime-fasady.sk\/ako-sa-starat-o-fasady-rodinnych-domov-pred-zimou-a-pocas-zimy\/#primaryimage\"},\"thumbnailUrl\":\"https:\/\/cistime-fasady.sk\/wp-content\/uploads\/2024\/06\/41-scaled.jpg\",\"articleSection\":[\"Nezaraden\u00e9\"],\"inLanguage\":\"cs\"},{\"@type\":\"WebPage\",\"@id\":\"https:\/\/cistime-fasady.sk\/ako-sa-starat-o-fasady-rodinnych-domov-pred-zimou-a-pocas-zimy\/\",\"url\":\"https:\/\/cistime-fasady.sk\/ako-sa-starat-o-fasady-rodinnych-domov-pred-zimou-a-pocas-zimy\/\",\"name\":\"Ako sa stara\u0165 o fas\u00e1dy rodinn\u00fdch domov v zime? | \u010cist\u00edme Fas\u00e1dy\",\"isPartOf\":{\"@id\":\"https:\/\/cistime-fasady.sk\/#website\"},\"primaryImageOfPage\":{\"@id\":\"https:\/\/cistime-fasady.sk\/ako-sa-starat-o-fasady-rodinnych-domov-pred-zimou-a-pocas-zimy\/#primaryimage\"},\"image\":{\"@id\":\"https:\/\/cistime-fasady.sk\/ako-sa-starat-o-fasady-rodinnych-domov-pred-zimou-a-pocas-zimy\/#primaryimage\"},\"thumbnailUrl\":\"https:\/\/cistime-fasady.sk\/wp-content\/uploads\/2024\/06\/41-scaled.jpg\",\"datePublished\":\"2020-12-10T13:37:00+00:00\",\"dateModified\":\"2024-08-13T09:45:08+00:00\",\"breadcrumb\":{\"@id\":\"https:\/\/cistime-fasady.sk\/ako-sa-starat-o-fasady-rodinnych-domov-pred-zimou-a-pocas-zimy\/#breadcrumb\"},\"inLanguage\":\"cs\",\"potentialAction\":[{\"@type\":\"ReadAction\",\"target\":[\"https:\/\/cistime-fasady.sk\/ako-sa-starat-o-fasady-rodinnych-domov-pred-zimou-a-pocas-zimy\/\"]}]},{\"@type\":\"ImageObject\",\"inLanguage\":\"cs\",\"@id\":\"https:\/\/cistime-fasady.sk\/ako-sa-starat-o-fasady-rodinnych-domov-pred-zimou-a-pocas-zimy\/#primaryimage\",\"url\":\"https:\/\/cistime-fasady.sk\/wp-content\/uploads\/2024\/06\/41-scaled.jpg\",\"contentUrl\":\"https:\/\/cistime-fasady.sk\/wp-content\/uploads\/2024\/06\/41-scaled.jpg\",\"width\":1920,\"height\":933,\"caption\":\"41 scaled\"},{\"@type\":\"BreadcrumbList\",\"@id\":\"https:\/\/cistime-fasady.sk\/ako-sa-starat-o-fasady-rodinnych-domov-pred-zimou-a-pocas-zimy\/#breadcrumb\",\"itemListElement\":[{\"@type\":\"ListItem\",\"position\":1,\"name\":\"Domovsk\u00e1 str\u00e1nka\",\"item\":\"https:\/\/cistime-fasady.sk\/\"},{\"@type\":\"ListItem\",\"position\":2,\"name\":\"Ako sa stara\u0165 o fas\u00e1dy rodinn\u00fdch domov pred zimou a po\u010das zimy?\"}]},{\"@type\":\"WebSite\",\"@id\":\"https:\/\/cistime-fasady.sk\/#website\",\"url\":\"https:\/\/cistime-fasady.sk\/\",\"name\":\"\u010cist\u00edme Fas\u00e1dy\",\"description\":\"Profesion\u00e1lne \u010distenie fas\u00e1d\",\"publisher\":{\"@id\":\"https:\/\/cistime-fasady.sk\/#organization\"},\"alternateName\":\"\u010cF\",\"potentialAction\":[{\"@type\":\"SearchAction\",\"target\":{\"@type\":\"EntryPoint\",\"urlTemplate\":\"https:\/\/cistime-fasady.sk\/?s={search_term_string}\"},\"query-input\":\"required name=search_term_string\"}],\"inLanguage\":\"cs\"},{\"@type\":\"Organization\",\"@id\":\"https:\/\/cistime-fasady.sk\/#organization\",\"name\":\"Valmax s.r.o.\",\"alternateName\":\"Valmax s.r.o.\",\"url\":\"https:\/\/cistime-fasady.sk\/\",\"logo\":{\"@type\":\"ImageObject\",\"inLanguage\":\"cs\",\"@id\":\"https:\/\/cistime-fasady.sk\/#\/schema\/logo\/image\/\",\"url\":\"https:\/\/cistime-fasady.sk\/wp-content\/uploads\/2024\/03\/313207521_617400896841873_42847256823662438_n.jpg\",\"contentUrl\":\"https:\/\/cistime-fasady.sk\/wp-content\/uploads\/2024\/03\/313207521_617400896841873_42847256823662438_n.jpg\",\"width\":971,\"height\":971,\"caption\":\"Valmax s.r.o.\"},\"image\":{\"@id\":\"https:\/\/cistime-fasady.sk\/#\/schema\/logo\/image\/\"},\"sameAs\":[\"https:\/\/www.facebook.com\/cisteniefasadvalmax\/\",\"https:\/\/www.instagram.com\/valmax_cisteniefasad\/\"]},{\"@type\":\"Person\",\"@id\":\"https:\/\/cistime-fasady.sk\/#\/schema\/person\/18a2e8eb3e0dbe04479779b3ac0c9865\",\"name\":\"RAKETING\",\"image\":{\"@type\":\"ImageObject\",\"inLanguage\":\"cs\",\"@id\":\"https:\/\/cistime-fasady.sk\/#\/schema\/person\/image\/\",\"url\":\"https:\/\/secure.gravatar.com\/avatar\/7c3caac6c6527a5588ed6ed3aa8a1560b2c5f42cf1b704448b0ba30756aecfbc?s=96&d=mm&r=g\",\"contentUrl\":\"https:\/\/secure.gravatar.com\/avatar\/7c3caac6c6527a5588ed6ed3aa8a1560b2c5f42cf1b704448b0ba30756aecfbc?s=96&d=mm&r=g\",\"caption\":\"RAKETING\"},\"sameAs\":[\"https:\/\/cistime-fasady.sk\"],\"url\":\"https:\/\/cistime-fasady.sk\/cz\/author\/test02\/\"}]}<\/script>\n<!-- \/ Yoast SEO plugin. -->","yoast_head_json":{"title":"Ako sa stara\u0165 o fas\u00e1dy rodinn\u00fdch domov v zime? | \u010cist\u00edme Fas\u00e1dy","robots":{"index":"index","follow":"follow","max-snippet":"max-snippet:-1","max-image-preview":"max-image-preview:large","max-video-preview":"max-video-preview:-1"},"canonical":"https:\/\/cistime-fasady.sk\/cz\/ako-sa-starat-o-fasady-rodinnych-domov-pred-zimou-a-pocas-zimy\/","og_locale":"cs_CZ","og_type":"article","og_title":"Ako sa stara\u0165 o fas\u00e1dy rodinn\u00fdch domov v zime? | \u010cist\u00edme Fas\u00e1dy","og_description":"Zimn\u00e9 mesiace daj\u00fa va\u0161ej fas\u00e1de poriadne zabra\u0165. Chladn\u00e9 dni a\u00a0e\u0161te chladnej\u0161ie noci, vysok\u00e1 vlhkos\u0165, zr\u00e1\u017eky, sneh \u010di\u00a0tma. To v\u0161etko s\u00fa priam ide\u00e1lne podmienky pre vznik plesn\u00ed a\u00a0rias na va\u0161ej fas\u00e1de. Nu\u017e a v\u00a0pr\u00edpade, \u017ee ste plesne alebo riasy mali na svojej fas\u00e1de u\u017e pred zimou, po\u010das nej sa m\u00f4\u017ee ich rozmno\u017eovanie a\u017e nieko\u013ekon\u00e1sobne zr\u00fdchli\u0165. V\u00fdsledkom preto b\u00fdvaj\u00fa po zime zvy\u010dajne\u00a0fas\u00e1dy rodinn\u00fdch domov, ktor\u00e9 vyzeraj\u00fa, akoby \u201ezostarli\u201c o\u00a0cel\u00e9 roky. Ako sa tomu d\u00e1 predch\u00e1dza\u0165?","og_url":"https:\/\/cistime-fasady.sk\/cz\/ako-sa-starat-o-fasady-rodinnych-domov-pred-zimou-a-pocas-zimy\/","og_site_name":"\u010cist\u00edme Fas\u00e1dy","article_publisher":"https:\/\/www.facebook.com\/cisteniefasadvalmax\/","article_published_time":"2020-12-10T13:37:00+00:00","article_modified_time":"2024-08-13T09:45:08+00:00","og_image":[{"width":1920,"height":933,"url":"https:\/\/cistime-fasady.sk\/wp-content\/uploads\/2024\/06\/41-scaled.jpg","type":"image\/jpeg"}],"author":"RAKETING","twitter_card":"summary_large_image","twitter_misc":{"Napsal(a)":"RAKETING","Odhadovan\u00e1 doba \u010dten\u00ed":"2 minuty"},"schema":{"@context":"https:\/\/schema.org","@graph":[{"@type":"Article","@id":"https:\/\/cistime-fasady.sk\/ako-sa-starat-o-fasady-rodinnych-domov-pred-zimou-a-pocas-zimy\/#article","isPartOf":{"@id":"https:\/\/cistime-fasady.sk\/ako-sa-starat-o-fasady-rodinnych-domov-pred-zimou-a-pocas-zimy\/"},"author":{"name":"RAKETING","@id":"https:\/\/cistime-fasady.sk\/#\/schema\/person\/18a2e8eb3e0dbe04479779b3ac0c9865"},"headline":"Ako sa stara\u0165 o fas\u00e1dy rodinn\u00fdch domov pred zimou a po\u010das zimy?","datePublished":"2020-12-10T13:37:00+00:00","dateModified":"2024-08-13T09:45:08+00:00","mainEntityOfPage":{"@id":"https:\/\/cistime-fasady.sk\/ako-sa-starat-o-fasady-rodinnych-domov-pred-zimou-a-pocas-zimy\/"},"wordCount":304,"publisher":{"@id":"https:\/\/cistime-fasady.sk\/#organization"},"image":{"@id":"https:\/\/cistime-fasady.sk\/ako-sa-starat-o-fasady-rodinnych-domov-pred-zimou-a-pocas-zimy\/#primaryimage"},"thumbnailUrl":"https:\/\/cistime-fasady.sk\/wp-content\/uploads\/2024\/06\/41-scaled.jpg","articleSection":["Nezaraden\u00e9"],"inLanguage":"cs"},{"@type":"WebPage","@id":"https:\/\/cistime-fasady.sk\/ako-sa-starat-o-fasady-rodinnych-domov-pred-zimou-a-pocas-zimy\/","url":"https:\/\/cistime-fasady.sk\/ako-sa-starat-o-fasady-rodinnych-domov-pred-zimou-a-pocas-zimy\/","name":"Ako sa stara\u0165 o fas\u00e1dy rodinn\u00fdch domov v zime? | \u010cist\u00edme Fas\u00e1dy","isPartOf":{"@id":"https:\/\/cistime-fasady.sk\/#website"},"primaryImageOfPage":{"@id":"https:\/\/cistime-fasady.sk\/ako-sa-starat-o-fasady-rodinnych-domov-pred-zimou-a-pocas-zimy\/#primaryimage"},"image":{"@id":"https:\/\/cistime-fasady.sk\/ako-sa-starat-o-fasady-rodinnych-domov-pred-zimou-a-pocas-zimy\/#primaryimage"},"thumbnailUrl":"https:\/\/cistime-fasady.sk\/wp-content\/uploads\/2024\/06\/41-scaled.jpg","datePublished":"2020-12-10T13:37:00+00:00","dateModified":"2024-08-13T09:45:08+00:00","breadcrumb":{"@id":"https:\/\/cistime-fasady.sk\/ako-sa-starat-o-fasady-rodinnych-domov-pred-zimou-a-pocas-zimy\/#breadcrumb"},"inLanguage":"cs","potentialAction":[{"@type":"ReadAction","target":["https:\/\/cistime-fasady.sk\/ako-sa-starat-o-fasady-rodinnych-domov-pred-zimou-a-pocas-zimy\/"]}]},{"@type":"ImageObject","inLanguage":"cs","@id":"https:\/\/cistime-fasady.sk\/ako-sa-starat-o-fasady-rodinnych-domov-pred-zimou-a-pocas-zimy\/#primaryimage","url":"https:\/\/cistime-fasady.sk\/wp-content\/uploads\/2024\/06\/41-scaled.jpg","contentUrl":"https:\/\/cistime-fasady.sk\/wp-content\/uploads\/2024\/06\/41-scaled.jpg","width":1920,"height":933,"caption":"41 scaled"},{"@type":"BreadcrumbList","@id":"https:\/\/cistime-fasady.sk\/ako-sa-starat-o-fasady-rodinnych-domov-pred-zimou-a-pocas-zimy\/#breadcrumb","itemListElement":[{"@type":"ListItem","position":1,"name":"Domovsk\u00e1 str\u00e1nka","item":"https:\/\/cistime-fasady.sk\/"},{"@type":"ListItem","position":2,"name":"Ako sa stara\u0165 o fas\u00e1dy rodinn\u00fdch domov pred zimou a po\u010das zimy?"}]},{"@type":"WebSite","@id":"https:\/\/cistime-fasady.sk\/#website","url":"https:\/\/cistime-fasady.sk\/","name":"\u010cist\u00edme Fas\u00e1dy","description":"Profesion\u00e1lne \u010distenie fas\u00e1d","publisher":{"@id":"https:\/\/cistime-fasady.sk\/#organization"},"alternateName":"\u010cF","potentialAction":[{"@type":"SearchAction","target":{"@type":"EntryPoint","urlTemplate":"https:\/\/cistime-fasady.sk\/?s={search_term_string}"},"query-input":"required name=search_term_string"}],"inLanguage":"cs"},{"@type":"Organization","@id":"https:\/\/cistime-fasady.sk\/#organization","name":"Valmax s.r.o.","alternateName":"Valmax s.r.o.","url":"https:\/\/cistime-fasady.sk\/","logo":{"@type":"ImageObject","inLanguage":"cs","@id":"https:\/\/cistime-fasady.sk\/#\/schema\/logo\/image\/","url":"https:\/\/cistime-fasady.sk\/wp-content\/uploads\/2024\/03\/313207521_617400896841873_42847256823662438_n.jpg","contentUrl":"https:\/\/cistime-fasady.sk\/wp-content\/uploads\/2024\/03\/313207521_617400896841873_42847256823662438_n.jpg","width":971,"height":971,"caption":"Valmax s.r.o."},"image":{"@id":"https:\/\/cistime-fasady.sk\/#\/schema\/logo\/image\/"},"sameAs":["https:\/\/www.facebook.com\/cisteniefasadvalmax\/","https:\/\/www.instagram.com\/valmax_cisteniefasad\/"]},{"@type":"Person","@id":"https:\/\/cistime-fasady.sk\/#\/schema\/person\/18a2e8eb3e0dbe04479779b3ac0c9865","name":"RAKETING","image":{"@type":"ImageObject","inLanguage":"cs","@id":"https:\/\/cistime-fasady.sk\/#\/schema\/person\/image\/","url":"https:\/\/secure.gravatar.com\/avatar\/7c3caac6c6527a5588ed6ed3aa8a1560b2c5f42cf1b704448b0ba30756aecfbc?s=96&d=mm&r=g","contentUrl":"https:\/\/secure.gravatar.com\/avatar\/7c3caac6c6527a5588ed6ed3aa8a1560b2c5f42cf1b704448b0ba30756aecfbc?s=96&d=mm&r=g","caption":"RAKETING"},"sameAs":["https:\/\/cistime-fasady.sk"],"url":"https:\/\/cistime-fasady.sk\/cz\/author\/test02\/"}]}},"_links":{"self":[{"href":"https:\/\/cistime-fasady.sk\/cz\/wp-json\/wp\/v2\/posts\/1126","targetHints":{"allow":["GET"]}}],"collection":[{"href":"https:\/\/cistime-fasady.sk\/cz\/wp-json\/wp\/v2\/posts"}],"about":[{"href":"https:\/\/cistime-fasady.sk\/cz\/wp-json\/wp\/v2\/types\/post"}],"author":[{"embeddable":true,"href":"https:\/\/cistime-fasady.sk\/cz\/wp-json\/wp\/v2\/users\/1"}],"replies":[{"embeddable":true,"href":"https:\/\/cistime-fasady.sk\/cz\/wp-json\/wp\/v2\/comments?post=1126"}],"version-history":[{"count":1,"href":"https:\/\/cistime-fasady.sk\/cz\/wp-json\/wp\/v2\/posts\/1126\/revisions"}],"predecessor-version":[{"id":1127,"href":"https:\/\/cistime-fasady.sk\/cz\/wp-json\/wp\/v2\/posts\/1126\/revisions\/1127"}],"wp:featuredmedia":[{"embeddable":true,"href":"https:\/\/cistime-fasady.sk\/cz\/wp-json\/wp\/v2\/media\/955"}],"wp:attachment":[{"href":"https:\/\/cistime-fasady.sk\/cz\/wp-json\/wp\/v2\/media?parent=1126"}],"wp:term":[{"taxonomy":"category","embeddable":true,"href":"https:\/\/cistime-fasady.sk\/cz\/wp-json\/wp\/v2\/categories?post=1126"},{"taxonomy":"post_tag","embeddable":true,"href":"https:\/\/cistime-fasady.sk\/cz\/wp-json\/wp\/v2\/tags?post=1126"}],"curies":[{"name":"wp","href":"https:\/\/api.w.org\/{rel}","templated":true}]}}