{"id":1118,"date":"2021-01-04T12:40:00","date_gmt":"2021-01-04T11:40:00","guid":{"rendered":"https:\/\/cistime-fasady.sk\/?p=1118"},"modified":"2024-06-19T14:23:52","modified_gmt":"2024-06-19T12:23:52","slug":"oprava-fasady-je-naozaj-nevyhnutna","status":"publish","type":"post","link":"https:\/\/cistime-fasady.sk\/cz\/oprava-fasady-je-naozaj-nevyhnutna\/","title":{"rendered":"Oprava fas\u00e1dy &#8211; je naozaj nevyhnutn\u00e1?"},"content":{"rendered":"<p><em><em><em><strong><em><a href=\"https:\/\/cistime-fasady.sk\/cz\/oprava-fasady-cena-za-m2\/\">Oprava fas\u00e1dy<\/a><\/em><\/strong>\u00a0je jednou z\u00a0t\u00fdch vec\u00ed, ktor\u00fdm sa takmer \u017eiaden majite\u013e rodinn\u00e9ho domu nevyhne. \u010c\u00edm lep\u0161ie sa v\u0161ak o\u00a0svoju fas\u00e1du star\u00e1te pravidelne, t\u00fdm nesk\u00f4r v\u00e1s oprava fas\u00e1dy \u010dak\u00e1. Ak jej v\u0161ak v\u00a0priebehu rokov nevenujete dostatok pozornosti, prv\u00e9 probl\u00e9my sa m\u00f4\u017eu objavi\u0165 u\u017e po prv\u00fdch piatich rokoch jej u\u017e\u00edvania. Ako v\u00a0takomto pr\u00edpade rozozna\u0165, \u010di s\u00fa probl\u00e9my z\u00e1va\u017en\u00e9 a\u00a0vy\u017eaduj\u00fa si radu a\u00a0pomoc odborn\u00edka alebo ich viete vyrie\u0161i\u0165 r\u00fdchlo a\u00a0jednoducho aj sami?<\/em><\/em><\/em><\/p>\n\n\n\n<div style=\"height:30px\" aria-hidden=\"true\" class=\"wp-block-spacer\"><\/div>\n\n\n\n<h2 class=\"wp-block-heading\"><strong>NIEKEDY STA\u010c\u00cd LEN \u010cISTENIE FAS\u00c1D<\/strong><\/h2>\n\n\n\n<p>Viete, ak\u00e1 je naj\u010dastej\u0161ia chyba, ktor\u00fa zvykn\u00fa majitelia robi\u0165, pokia\u013e ide o\u00a0fas\u00e1du ich domu? Naj\u010dastej\u0161ia chyba je, \u017ee sa majitelia p\u00fa\u0161\u0165aj\u00fa do opravy alebo prema\u013eovania fas\u00e1dy aj v\u00a0pr\u00edpade, \u017ee je fas\u00e1da iba zne\u010disten\u00e1, pr\u00edp. ich vy\u013eakaj\u00fa objavuj\u00face sa plesne a\u00a0riasy na fas\u00e1de. To v\u0161ak e\u0161te nie je d\u00f4vod na opravu fas\u00e1dy! Ak ide o\u00a0tak\u00e9to zne\u010distenie, zv\u00e4\u010d\u0161a \u00faplne sta\u010d\u00ed \u010distenie fas\u00e1d a\u00a0vy tak m\u00f4\u017eete u\u0161etri\u0165 a\u017e 70% n\u00e1kladov. Ur\u010dite sa v\u0161ak do \u010distenia fas\u00e1dy nep\u00fa\u0161\u0165ajte svojpomocne \u2013 pr\u00e1ve t\u00fdm by ste ju mohli po\u0161kodi\u0165.\u00a0<strong><a href=\"https:\/\/cistime-fasady.sk\/cz\/kontakt\/\">Zavolajte si rad\u0161ej na pomoc na\u0161u firmu.<\/a><\/strong><\/p>\n\n\n\n<div style=\"height:30px\" aria-hidden=\"true\" class=\"wp-block-spacer\"><\/div>\n\n\n\n<h2 class=\"wp-block-heading\"><strong>OPRAVA FAS\u00c1DY \u2013 KEDY POTREBUJEM POMOC ODBORN\u00cdKA?<\/strong><\/h2>\n\n\n\n<p>Ak sa na va\u0161ej fas\u00e1de u\u017e objavuj\u00fa aj praskliny a\u00a0trhliny, potom len\u00a0<strong><em><a href=\"https:\/\/cistime-fasady.sk\/cz\/cistenie-fasad\/\">\u010distenie fas\u00e1d<\/a><\/em><\/strong>\u00a0nesta\u010d\u00ed. Ako prv\u00e9 je potrebn\u00e9, aby ste sa pozreli na ve\u013ekos\u0165 t\u00fdchto trhl\u00edn. S\u00fa men\u0161ie ako 0,5 mm? Potom si s\u00a0nimi porad\u00edte aj svojpomocne, bude v\u00e1m sta\u010di\u0165 \u0161peci\u00e1lny penetra\u010dn\u00fd n\u00e1ter, ktor\u00fd je ur\u010den\u00fd pr\u00e1ve na opravu tak\u00fdchto men\u0161\u00edch po\u0161koden\u00ed. Ak s\u00fa ale trhliny v\u00e4\u010d\u0161ie ne\u017e 0,5 mm, odpor\u00fa\u010dame obr\u00e1ti\u0165 sa na odborn\u00edkov, ktor\u00fdch \u00falohou nie je len oprava fas\u00e1dy, ale tie\u017e zistenie, pre\u010do sa tak\u00e9to ve\u013ek\u00e9 trhliny na va\u0161ej fas\u00e1de tvoria.<\/p>\n\n\n\n<div style=\"height:30px\" aria-hidden=\"true\" class=\"wp-block-spacer\"><\/div>\n\n\n\n<figure class=\"wp-block-gallery has-nested-images columns-default is-cropped wp-block-gallery-1 is-layout-flex wp-block-gallery-is-layout-flex\">\n<figure class=\"wp-block-image size-large\"><img fetchpriority=\"high\" decoding=\"async\" width=\"1024\" height=\"768\" data-id=\"965\" src=\"https:\/\/cistime-fasady.sk\/wp-content\/uploads\/2024\/06\/51.jpg\" alt=\"\" class=\"wp-image-965\" srcset=\"https:\/\/cistime-fasady.sk\/wp-content\/uploads\/2024\/06\/51.jpg 1024w, https:\/\/cistime-fasady.sk\/wp-content\/uploads\/2024\/06\/51-300x225.jpg 300w, https:\/\/cistime-fasady.sk\/wp-content\/uploads\/2024\/06\/51-768x576.jpg 768w\" sizes=\"(max-width: 1024px) 100vw, 1024px\" \/><\/figure>\n\n\n\n<figure class=\"wp-block-image size-large\"><img decoding=\"async\" width=\"1024\" height=\"768\" data-id=\"966\" src=\"https:\/\/cistime-fasady.sk\/wp-content\/uploads\/2024\/06\/52.jpg\" alt=\"\" class=\"wp-image-966\" srcset=\"https:\/\/cistime-fasady.sk\/wp-content\/uploads\/2024\/06\/52.jpg 1024w, https:\/\/cistime-fasady.sk\/wp-content\/uploads\/2024\/06\/52-300x225.jpg 300w, https:\/\/cistime-fasady.sk\/wp-content\/uploads\/2024\/06\/52-768x576.jpg 768w\" sizes=\"(max-width: 1024px) 100vw, 1024px\" \/><\/figure>\n<\/figure>","protected":false},"excerpt":{"rendered":"<p>Oprava fas\u00e1dy\u00a0je jednou z\u00a0t\u00fdch vec\u00ed, ktor\u00fdm sa takmer \u017eiaden majite\u013e rodinn\u00e9ho domu nevyhne. \u010c\u00edm lep\u0161ie sa v\u0161ak o\u00a0svoju fas\u00e1du star\u00e1te pravidelne, t\u00fdm nesk\u00f4r v\u00e1s oprava fas\u00e1dy \u010dak\u00e1. Ak jej v\u0161ak v\u00a0priebehu rokov nevenujete dostatok pozornosti, prv\u00e9 probl\u00e9my sa m\u00f4\u017eu objavi\u0165 u\u017e po prv\u00fdch piatich rokoch jej u\u017e\u00edvania. Ako v\u00a0takomto pr\u00edpade rozozna\u0165, \u010di s\u00fa probl\u00e9my z\u00e1va\u017en\u00e9 a\u00a0vy\u017eaduj\u00fa si radu a\u00a0pomoc odborn\u00edka alebo ich viete vyrie\u0161i\u0165 r\u00fdchlo a\u00a0jednoducho aj sami?<\/p>","protected":false},"author":1,"featured_media":965,"comment_status":"closed","ping_status":"open","sticky":false,"template":"","format":"standard","meta":{"footnotes":""},"categories":[1],"tags":[],"class_list":["post-1118","post","type-post","status-publish","format-standard","has-post-thumbnail","hentry","category-nezaradene"],"yoast_head":"<!-- This site is optimized with the Yoast SEO plugin v23.1 - https:\/\/yoast.com\/wordpress\/plugins\/seo\/ -->\n<title>Oprava fas\u00e1dy - je naozaj nevyhnutn\u00e1? | \u010cist\u00edme Fas\u00e1dy<\/title>\n<meta name=\"robots\" content=\"index, follow, max-snippet:-1, max-image-preview:large, max-video-preview:-1\" \/>\n<link rel=\"canonical\" href=\"https:\/\/cistime-fasady.sk\/cz\/oprava-fasady-je-naozaj-nevyhnutna\/\" \/>\n<meta property=\"og:locale\" content=\"cs_CZ\" \/>\n<meta property=\"og:type\" content=\"article\" \/>\n<meta property=\"og:title\" content=\"Oprava fas\u00e1dy - je naozaj nevyhnutn\u00e1? | \u010cist\u00edme Fas\u00e1dy\" \/>\n<meta property=\"og:description\" content=\"Oprava fas\u00e1dy\u00a0je jednou z\u00a0t\u00fdch vec\u00ed, ktor\u00fdm sa takmer \u017eiaden majite\u013e rodinn\u00e9ho domu nevyhne. \u010c\u00edm lep\u0161ie sa v\u0161ak o\u00a0svoju fas\u00e1du star\u00e1te pravidelne, t\u00fdm nesk\u00f4r v\u00e1s oprava fas\u00e1dy \u010dak\u00e1. Ak jej v\u0161ak v\u00a0priebehu rokov nevenujete dostatok pozornosti, prv\u00e9 probl\u00e9my sa m\u00f4\u017eu objavi\u0165 u\u017e po prv\u00fdch piatich rokoch jej u\u017e\u00edvania. Ako v\u00a0takomto pr\u00edpade rozozna\u0165, \u010di s\u00fa probl\u00e9my z\u00e1va\u017en\u00e9 a\u00a0vy\u017eaduj\u00fa si radu a\u00a0pomoc odborn\u00edka alebo ich viete vyrie\u0161i\u0165 r\u00fdchlo a\u00a0jednoducho aj sami?\" \/>\n<meta property=\"og:url\" content=\"https:\/\/cistime-fasady.sk\/cz\/oprava-fasady-je-naozaj-nevyhnutna\/\" \/>\n<meta property=\"og:site_name\" content=\"\u010cist\u00edme Fas\u00e1dy\" \/>\n<meta property=\"article:publisher\" content=\"https:\/\/www.facebook.com\/cisteniefasadvalmax\/\" \/>\n<meta property=\"article:published_time\" content=\"2021-01-04T11:40:00+00:00\" \/>\n<meta property=\"article:modified_time\" content=\"2024-06-19T12:23:52+00:00\" \/>\n<meta property=\"og:image\" content=\"https:\/\/cistime-fasady.sk\/wp-content\/uploads\/2024\/06\/51.jpg\" \/>\n\t<meta property=\"og:image:width\" content=\"1024\" \/>\n\t<meta property=\"og:image:height\" content=\"768\" \/>\n\t<meta property=\"og:image:type\" content=\"image\/jpeg\" \/>\n<meta name=\"author\" content=\"RAKETING\" \/>\n<meta name=\"twitter:card\" content=\"summary_large_image\" \/>\n<meta name=\"twitter:label1\" content=\"Napsal(a)\" \/>\n\t<meta name=\"twitter:data1\" content=\"RAKETING\" \/>\n\t<meta name=\"twitter:label2\" content=\"Odhadovan\u00e1 doba \u010dten\u00ed\" \/>\n\t<meta name=\"twitter:data2\" content=\"3 minuty\" \/>\n<script type=\"application\/ld+json\" class=\"yoast-schema-graph\">{\"@context\":\"https:\/\/schema.org\",\"@graph\":[{\"@type\":\"Article\",\"@id\":\"https:\/\/cistime-fasady.sk\/oprava-fasady-je-naozaj-nevyhnutna\/#article\",\"isPartOf\":{\"@id\":\"https:\/\/cistime-fasady.sk\/oprava-fasady-je-naozaj-nevyhnutna\/\"},\"author\":{\"name\":\"RAKETING\",\"@id\":\"https:\/\/cistime-fasady.sk\/#\/schema\/person\/18a2e8eb3e0dbe04479779b3ac0c9865\"},\"headline\":\"Oprava fas\u00e1dy &#8211; je naozaj nevyhnutn\u00e1?\",\"datePublished\":\"2021-01-04T11:40:00+00:00\",\"dateModified\":\"2024-06-19T12:23:52+00:00\",\"mainEntityOfPage\":{\"@id\":\"https:\/\/cistime-fasady.sk\/oprava-fasady-je-naozaj-nevyhnutna\/\"},\"wordCount\":364,\"publisher\":{\"@id\":\"https:\/\/cistime-fasady.sk\/#organization\"},\"image\":{\"@id\":\"https:\/\/cistime-fasady.sk\/oprava-fasady-je-naozaj-nevyhnutna\/#primaryimage\"},\"thumbnailUrl\":\"https:\/\/cistime-fasady.sk\/wp-content\/uploads\/2024\/06\/51.jpg\",\"articleSection\":[\"Nezaraden\u00e9\"],\"inLanguage\":\"cs\"},{\"@type\":\"WebPage\",\"@id\":\"https:\/\/cistime-fasady.sk\/oprava-fasady-je-naozaj-nevyhnutna\/\",\"url\":\"https:\/\/cistime-fasady.sk\/oprava-fasady-je-naozaj-nevyhnutna\/\",\"name\":\"Oprava fas\u00e1dy - je naozaj nevyhnutn\u00e1? | \u010cist\u00edme Fas\u00e1dy\",\"isPartOf\":{\"@id\":\"https:\/\/cistime-fasady.sk\/#website\"},\"primaryImageOfPage\":{\"@id\":\"https:\/\/cistime-fasady.sk\/oprava-fasady-je-naozaj-nevyhnutna\/#primaryimage\"},\"image\":{\"@id\":\"https:\/\/cistime-fasady.sk\/oprava-fasady-je-naozaj-nevyhnutna\/#primaryimage\"},\"thumbnailUrl\":\"https:\/\/cistime-fasady.sk\/wp-content\/uploads\/2024\/06\/51.jpg\",\"datePublished\":\"2021-01-04T11:40:00+00:00\",\"dateModified\":\"2024-06-19T12:23:52+00:00\",\"breadcrumb\":{\"@id\":\"https:\/\/cistime-fasady.sk\/oprava-fasady-je-naozaj-nevyhnutna\/#breadcrumb\"},\"inLanguage\":\"cs\",\"potentialAction\":[{\"@type\":\"ReadAction\",\"target\":[\"https:\/\/cistime-fasady.sk\/oprava-fasady-je-naozaj-nevyhnutna\/\"]}]},{\"@type\":\"ImageObject\",\"inLanguage\":\"cs\",\"@id\":\"https:\/\/cistime-fasady.sk\/oprava-fasady-je-naozaj-nevyhnutna\/#primaryimage\",\"url\":\"https:\/\/cistime-fasady.sk\/wp-content\/uploads\/2024\/06\/51.jpg\",\"contentUrl\":\"https:\/\/cistime-fasady.sk\/wp-content\/uploads\/2024\/06\/51.jpg\",\"width\":1024,\"height\":768,\"caption\":\"51\"},{\"@type\":\"BreadcrumbList\",\"@id\":\"https:\/\/cistime-fasady.sk\/oprava-fasady-je-naozaj-nevyhnutna\/#breadcrumb\",\"itemListElement\":[{\"@type\":\"ListItem\",\"position\":1,\"name\":\"Domovsk\u00e1 str\u00e1nka\",\"item\":\"https:\/\/cistime-fasady.sk\/\"},{\"@type\":\"ListItem\",\"position\":2,\"name\":\"Oprava fas\u00e1dy &#8211; je naozaj nevyhnutn\u00e1?\"}]},{\"@type\":\"WebSite\",\"@id\":\"https:\/\/cistime-fasady.sk\/#website\",\"url\":\"https:\/\/cistime-fasady.sk\/\",\"name\":\"\u010cist\u00edme Fas\u00e1dy\",\"description\":\"Profesion\u00e1lne \u010distenie fas\u00e1d\",\"publisher\":{\"@id\":\"https:\/\/cistime-fasady.sk\/#organization\"},\"alternateName\":\"\u010cF\",\"potentialAction\":[{\"@type\":\"SearchAction\",\"target\":{\"@type\":\"EntryPoint\",\"urlTemplate\":\"https:\/\/cistime-fasady.sk\/?s={search_term_string}\"},\"query-input\":\"required name=search_term_string\"}],\"inLanguage\":\"cs\"},{\"@type\":\"Organization\",\"@id\":\"https:\/\/cistime-fasady.sk\/#organization\",\"name\":\"Valmax s.r.o.\",\"alternateName\":\"Valmax s.r.o.\",\"url\":\"https:\/\/cistime-fasady.sk\/\",\"logo\":{\"@type\":\"ImageObject\",\"inLanguage\":\"cs\",\"@id\":\"https:\/\/cistime-fasady.sk\/#\/schema\/logo\/image\/\",\"url\":\"https:\/\/cistime-fasady.sk\/wp-content\/uploads\/2024\/03\/313207521_617400896841873_42847256823662438_n.jpg\",\"contentUrl\":\"https:\/\/cistime-fasady.sk\/wp-content\/uploads\/2024\/03\/313207521_617400896841873_42847256823662438_n.jpg\",\"width\":971,\"height\":971,\"caption\":\"Valmax s.r.o.\"},\"image\":{\"@id\":\"https:\/\/cistime-fasady.sk\/#\/schema\/logo\/image\/\"},\"sameAs\":[\"https:\/\/www.facebook.com\/cisteniefasadvalmax\/\",\"https:\/\/www.instagram.com\/valmax_cisteniefasad\/\"]},{\"@type\":\"Person\",\"@id\":\"https:\/\/cistime-fasady.sk\/#\/schema\/person\/18a2e8eb3e0dbe04479779b3ac0c9865\",\"name\":\"RAKETING\",\"image\":{\"@type\":\"ImageObject\",\"inLanguage\":\"cs\",\"@id\":\"https:\/\/cistime-fasady.sk\/#\/schema\/person\/image\/\",\"url\":\"https:\/\/secure.gravatar.com\/avatar\/7c3caac6c6527a5588ed6ed3aa8a1560b2c5f42cf1b704448b0ba30756aecfbc?s=96&d=mm&r=g\",\"contentUrl\":\"https:\/\/secure.gravatar.com\/avatar\/7c3caac6c6527a5588ed6ed3aa8a1560b2c5f42cf1b704448b0ba30756aecfbc?s=96&d=mm&r=g\",\"caption\":\"RAKETING\"},\"sameAs\":[\"https:\/\/cistime-fasady.sk\"],\"url\":\"https:\/\/cistime-fasady.sk\/cz\/author\/test02\/\"}]}<\/script>\n<!-- \/ Yoast SEO plugin. -->","yoast_head_json":{"title":"Oprava fas\u00e1dy - je naozaj nevyhnutn\u00e1? | \u010cist\u00edme Fas\u00e1dy","robots":{"index":"index","follow":"follow","max-snippet":"max-snippet:-1","max-image-preview":"max-image-preview:large","max-video-preview":"max-video-preview:-1"},"canonical":"https:\/\/cistime-fasady.sk\/cz\/oprava-fasady-je-naozaj-nevyhnutna\/","og_locale":"cs_CZ","og_type":"article","og_title":"Oprava fas\u00e1dy - je naozaj nevyhnutn\u00e1? | \u010cist\u00edme Fas\u00e1dy","og_description":"Oprava fas\u00e1dy\u00a0je jednou z\u00a0t\u00fdch vec\u00ed, ktor\u00fdm sa takmer \u017eiaden majite\u013e rodinn\u00e9ho domu nevyhne. \u010c\u00edm lep\u0161ie sa v\u0161ak o\u00a0svoju fas\u00e1du star\u00e1te pravidelne, t\u00fdm nesk\u00f4r v\u00e1s oprava fas\u00e1dy \u010dak\u00e1. Ak jej v\u0161ak v\u00a0priebehu rokov nevenujete dostatok pozornosti, prv\u00e9 probl\u00e9my sa m\u00f4\u017eu objavi\u0165 u\u017e po prv\u00fdch piatich rokoch jej u\u017e\u00edvania. Ako v\u00a0takomto pr\u00edpade rozozna\u0165, \u010di s\u00fa probl\u00e9my z\u00e1va\u017en\u00e9 a\u00a0vy\u017eaduj\u00fa si radu a\u00a0pomoc odborn\u00edka alebo ich viete vyrie\u0161i\u0165 r\u00fdchlo a\u00a0jednoducho aj sami?","og_url":"https:\/\/cistime-fasady.sk\/cz\/oprava-fasady-je-naozaj-nevyhnutna\/","og_site_name":"\u010cist\u00edme Fas\u00e1dy","article_publisher":"https:\/\/www.facebook.com\/cisteniefasadvalmax\/","article_published_time":"2021-01-04T11:40:00+00:00","article_modified_time":"2024-06-19T12:23:52+00:00","og_image":[{"width":1024,"height":768,"url":"https:\/\/cistime-fasady.sk\/wp-content\/uploads\/2024\/06\/51.jpg","type":"image\/jpeg"}],"author":"RAKETING","twitter_card":"summary_large_image","twitter_misc":{"Napsal(a)":"RAKETING","Odhadovan\u00e1 doba \u010dten\u00ed":"3 minuty"},"schema":{"@context":"https:\/\/schema.org","@graph":[{"@type":"Article","@id":"https:\/\/cistime-fasady.sk\/oprava-fasady-je-naozaj-nevyhnutna\/#article","isPartOf":{"@id":"https:\/\/cistime-fasady.sk\/oprava-fasady-je-naozaj-nevyhnutna\/"},"author":{"name":"RAKETING","@id":"https:\/\/cistime-fasady.sk\/#\/schema\/person\/18a2e8eb3e0dbe04479779b3ac0c9865"},"headline":"Oprava fas\u00e1dy &#8211; je naozaj nevyhnutn\u00e1?","datePublished":"2021-01-04T11:40:00+00:00","dateModified":"2024-06-19T12:23:52+00:00","mainEntityOfPage":{"@id":"https:\/\/cistime-fasady.sk\/oprava-fasady-je-naozaj-nevyhnutna\/"},"wordCount":364,"publisher":{"@id":"https:\/\/cistime-fasady.sk\/#organization"},"image":{"@id":"https:\/\/cistime-fasady.sk\/oprava-fasady-je-naozaj-nevyhnutna\/#primaryimage"},"thumbnailUrl":"https:\/\/cistime-fasady.sk\/wp-content\/uploads\/2024\/06\/51.jpg","articleSection":["Nezaraden\u00e9"],"inLanguage":"cs"},{"@type":"WebPage","@id":"https:\/\/cistime-fasady.sk\/oprava-fasady-je-naozaj-nevyhnutna\/","url":"https:\/\/cistime-fasady.sk\/oprava-fasady-je-naozaj-nevyhnutna\/","name":"Oprava fas\u00e1dy - je naozaj nevyhnutn\u00e1? | \u010cist\u00edme Fas\u00e1dy","isPartOf":{"@id":"https:\/\/cistime-fasady.sk\/#website"},"primaryImageOfPage":{"@id":"https:\/\/cistime-fasady.sk\/oprava-fasady-je-naozaj-nevyhnutna\/#primaryimage"},"image":{"@id":"https:\/\/cistime-fasady.sk\/oprava-fasady-je-naozaj-nevyhnutna\/#primaryimage"},"thumbnailUrl":"https:\/\/cistime-fasady.sk\/wp-content\/uploads\/2024\/06\/51.jpg","datePublished":"2021-01-04T11:40:00+00:00","dateModified":"2024-06-19T12:23:52+00:00","breadcrumb":{"@id":"https:\/\/cistime-fasady.sk\/oprava-fasady-je-naozaj-nevyhnutna\/#breadcrumb"},"inLanguage":"cs","potentialAction":[{"@type":"ReadAction","target":["https:\/\/cistime-fasady.sk\/oprava-fasady-je-naozaj-nevyhnutna\/"]}]},{"@type":"ImageObject","inLanguage":"cs","@id":"https:\/\/cistime-fasady.sk\/oprava-fasady-je-naozaj-nevyhnutna\/#primaryimage","url":"https:\/\/cistime-fasady.sk\/wp-content\/uploads\/2024\/06\/51.jpg","contentUrl":"https:\/\/cistime-fasady.sk\/wp-content\/uploads\/2024\/06\/51.jpg","width":1024,"height":768,"caption":"51"},{"@type":"BreadcrumbList","@id":"https:\/\/cistime-fasady.sk\/oprava-fasady-je-naozaj-nevyhnutna\/#breadcrumb","itemListElement":[{"@type":"ListItem","position":1,"name":"Domovsk\u00e1 str\u00e1nka","item":"https:\/\/cistime-fasady.sk\/"},{"@type":"ListItem","position":2,"name":"Oprava fas\u00e1dy &#8211; je naozaj nevyhnutn\u00e1?"}]},{"@type":"WebSite","@id":"https:\/\/cistime-fasady.sk\/#website","url":"https:\/\/cistime-fasady.sk\/","name":"\u010cist\u00edme Fas\u00e1dy","description":"Profesion\u00e1lne \u010distenie fas\u00e1d","publisher":{"@id":"https:\/\/cistime-fasady.sk\/#organization"},"alternateName":"\u010cF","potentialAction":[{"@type":"SearchAction","target":{"@type":"EntryPoint","urlTemplate":"https:\/\/cistime-fasady.sk\/?s={search_term_string}"},"query-input":"required name=search_term_string"}],"inLanguage":"cs"},{"@type":"Organization","@id":"https:\/\/cistime-fasady.sk\/#organization","name":"Valmax s.r.o.","alternateName":"Valmax s.r.o.","url":"https:\/\/cistime-fasady.sk\/","logo":{"@type":"ImageObject","inLanguage":"cs","@id":"https:\/\/cistime-fasady.sk\/#\/schema\/logo\/image\/","url":"https:\/\/cistime-fasady.sk\/wp-content\/uploads\/2024\/03\/313207521_617400896841873_42847256823662438_n.jpg","contentUrl":"https:\/\/cistime-fasady.sk\/wp-content\/uploads\/2024\/03\/313207521_617400896841873_42847256823662438_n.jpg","width":971,"height":971,"caption":"Valmax s.r.o."},"image":{"@id":"https:\/\/cistime-fasady.sk\/#\/schema\/logo\/image\/"},"sameAs":["https:\/\/www.facebook.com\/cisteniefasadvalmax\/","https:\/\/www.instagram.com\/valmax_cisteniefasad\/"]},{"@type":"Person","@id":"https:\/\/cistime-fasady.sk\/#\/schema\/person\/18a2e8eb3e0dbe04479779b3ac0c9865","name":"RAKETING","image":{"@type":"ImageObject","inLanguage":"cs","@id":"https:\/\/cistime-fasady.sk\/#\/schema\/person\/image\/","url":"https:\/\/secure.gravatar.com\/avatar\/7c3caac6c6527a5588ed6ed3aa8a1560b2c5f42cf1b704448b0ba30756aecfbc?s=96&d=mm&r=g","contentUrl":"https:\/\/secure.gravatar.com\/avatar\/7c3caac6c6527a5588ed6ed3aa8a1560b2c5f42cf1b704448b0ba30756aecfbc?s=96&d=mm&r=g","caption":"RAKETING"},"sameAs":["https:\/\/cistime-fasady.sk"],"url":"https:\/\/cistime-fasady.sk\/cz\/author\/test02\/"}]}},"_links":{"self":[{"href":"https:\/\/cistime-fasady.sk\/cz\/wp-json\/wp\/v2\/posts\/1118","targetHints":{"allow":["GET"]}}],"collection":[{"href":"https:\/\/cistime-fasady.sk\/cz\/wp-json\/wp\/v2\/posts"}],"about":[{"href":"https:\/\/cistime-fasady.sk\/cz\/wp-json\/wp\/v2\/types\/post"}],"author":[{"embeddable":true,"href":"https:\/\/cistime-fasady.sk\/cz\/wp-json\/wp\/v2\/users\/1"}],"replies":[{"embeddable":true,"href":"https:\/\/cistime-fasady.sk\/cz\/wp-json\/wp\/v2\/comments?post=1118"}],"version-history":[{"count":1,"href":"https:\/\/cistime-fasady.sk\/cz\/wp-json\/wp\/v2\/posts\/1118\/revisions"}],"predecessor-version":[{"id":1119,"href":"https:\/\/cistime-fasady.sk\/cz\/wp-json\/wp\/v2\/posts\/1118\/revisions\/1119"}],"wp:featuredmedia":[{"embeddable":true,"href":"https:\/\/cistime-fasady.sk\/cz\/wp-json\/wp\/v2\/media\/965"}],"wp:attachment":[{"href":"https:\/\/cistime-fasady.sk\/cz\/wp-json\/wp\/v2\/media?parent=1118"}],"wp:term":[{"taxonomy":"category","embeddable":true,"href":"https:\/\/cistime-fasady.sk\/cz\/wp-json\/wp\/v2\/categories?post=1118"},{"taxonomy":"post_tag","embeddable":true,"href":"https:\/\/cistime-fasady.sk\/cz\/wp-json\/wp\/v2\/tags?post=1118"}],"curies":[{"name":"wp","href":"https:\/\/api.w.org\/{rel}","templated":true}]}}