{"id":1112,"date":"2021-02-16T12:30:00","date_gmt":"2021-02-16T11:30:00","guid":{"rendered":"https:\/\/cistime-fasady.sk\/?p=1112"},"modified":"2024-06-19T12:32:15","modified_gmt":"2024-06-19T10:32:15","slug":"trendy-pre-fasady-domov-v-roku-2021","status":"publish","type":"post","link":"https:\/\/cistime-fasady.sk\/cz\/trendy-pre-fasady-domov-v-roku-2021\/","title":{"rendered":"Trendy pre fas\u00e1dy domov v roku 2021"},"content":{"rendered":"<p><em><em>Pl\u00e1nujete tento rok stavbu rodinn\u00e9ho domu alebo rekon\u0161trukciu svojej fas\u00e1dy? Zauj\u00edma v\u00e1s, ako by mala vyzera\u0165\u00a0<strong><em><a href=\"http:\/\/cistime-fasady.sk\/cz\/moderna-fasada\/\">modern\u00e1 fas\u00e1da<\/a><\/em><\/strong>? Pozreli sme sa bli\u017e\u0161ie na aktu\u00e1lne trendy pre fas\u00e1dy domov na rok 2021.<\/em><\/em><\/p>\n\n\n\n<div style=\"height:30px\" aria-hidden=\"true\" class=\"wp-block-spacer\"><\/div>\n\n\n\n<h2 class=\"wp-block-heading\"><strong>POD\u013dA \u010cOHO SA UR\u010cUJ\u00da AKTU\u00c1LNE TRENDY?<\/strong><\/h2>\n\n\n\n<p>U\u017e tradi\u010dne ka\u017ed\u00fd rok vyhlasuje spolo\u010dnos\u0165 Pantone takzvan\u00e9 farby roka. Chcete vedie\u0165 ak\u00e9 s\u00fa farby roka 2021? Spolo\u010dnos\u0165 Pantone zvolila konkr\u00e9tne tieto dve \u2013 PANTONE 17-5104 Ultimate Grey a PANTONE 13-0647 Illuminating. Vybran\u00e9 farby v\u0161ak nie s\u00fa n\u00e1hodn\u00e9, ale maj\u00fa aj svoj v\u00fdznam. Tento rok boli vybran\u00e9 s\u00a0oh\u013eadom na aktu\u00e1lnu situ\u00e1ciu vo svete. Farba Ultimate Grey m\u00e1 symbolizova\u0165 vytrvalos\u0165, st\u00e1los\u0165 a\u00a0odolnos\u0165, pri\u010dom farba Illuminating m\u00e1 by\u0165 posolstvom \u0161\u0165astia podporovan\u00e9ho odvahou a\u00a0n\u00e1dejou.<\/p>\n\n\n\n<div style=\"height:30px\" aria-hidden=\"true\" class=\"wp-block-spacer\"><\/div>\n\n\n\n<h2 class=\"wp-block-heading\"><strong>\u010cO TO ZNAMEN\u00c1 PRE FAS\u00c1DY DOMOV?<\/strong><\/h2>\n\n\n\n<p>V\u00fdber spom\u00ednan\u00fdch dvoch farieb na rok 2021 znamen\u00e1 pre\u00a0<strong><em><a href=\"http:\/\/cistime-fasady.sk\/cz\/fasady-domov\/\">fas\u00e1dy domov<\/a><\/em><\/strong>\u00a0to, \u017ee aj na\u010falej bud\u00fa hra\u0165 hlavn\u00fa \u00falohu siv\u00e9 fas\u00e1dy domov, rovnako ako to bolo u\u017e nieko\u013eko rokov po sebe. Ak v\u0161ak budete chcie\u0165 siv\u00fa farbu trocha o\u017eivi\u0165, ide\u00e1lnou vo\u013ebou je citliv\u00e1 kombin\u00e1cia so \u017eltou farbou, ktor\u00fa m\u00f4\u017eete pou\u017ei\u0165 napr\u00edklad na okenn\u00e9 r\u00e1my \u010di dvere. Samozrejme, tak\u00e1to farebn\u00e1 kombin\u00e1cia si vy\u017eaduje ist\u00e9 estetick\u00e9 c\u00edtenie alebo pomoc sk\u00fasen\u00e9ho architekta.<\/p>\n\n\n\n<div style=\"height:30px\" aria-hidden=\"true\" class=\"wp-block-spacer\"><\/div>\n\n\n\n<figure class=\"wp-block-gallery has-nested-images columns-default is-cropped wp-block-gallery-1 is-layout-flex wp-block-gallery-is-layout-flex\">\n<figure class=\"wp-block-image size-large\"><img fetchpriority=\"high\" decoding=\"async\" width=\"1024\" height=\"768\" data-id=\"971\" src=\"https:\/\/cistime-fasady.sk\/wp-content\/uploads\/2024\/06\/57.jpg\" alt=\"\" class=\"wp-image-971\" srcset=\"https:\/\/cistime-fasady.sk\/wp-content\/uploads\/2024\/06\/57.jpg 1024w, https:\/\/cistime-fasady.sk\/wp-content\/uploads\/2024\/06\/57-300x225.jpg 300w, https:\/\/cistime-fasady.sk\/wp-content\/uploads\/2024\/06\/57-768x576.jpg 768w\" sizes=\"(max-width: 1024px) 100vw, 1024px\" \/><\/figure>\n\n\n\n<figure class=\"wp-block-image size-large\"><img decoding=\"async\" width=\"1024\" height=\"576\" data-id=\"972\" src=\"https:\/\/cistime-fasady.sk\/wp-content\/uploads\/2024\/06\/58.jpg\" alt=\"\" class=\"wp-image-972\" srcset=\"https:\/\/cistime-fasady.sk\/wp-content\/uploads\/2024\/06\/58.jpg 1024w, https:\/\/cistime-fasady.sk\/wp-content\/uploads\/2024\/06\/58-300x169.jpg 300w, https:\/\/cistime-fasady.sk\/wp-content\/uploads\/2024\/06\/58-768x432.jpg 768w\" sizes=\"(max-width: 1024px) 100vw, 1024px\" \/><\/figure>\n<\/figure>\n\n\n\n<div style=\"height:30px\" aria-hidden=\"true\" class=\"wp-block-spacer\"><\/div>\n\n\n\n<h2 class=\"wp-block-heading\"><strong>NA \u010cO BY STE NEMALI ZAB\u00daDA\u0164\u2026<\/strong><\/h2>\n\n\n\n<p>Nech u\u017e zvol\u00edte pre svoju fas\u00e1du farby pod\u013ea aktu\u00e1lnych trendoch alebo pod\u013ea svojej preferencie, jedna vec zost\u00e1va rovnak\u00e1. \u017diadna fas\u00e1da nebude vyzera\u0165 dobre, ak bude u\u017e na prv\u00fd poh\u013ead p\u00f4sobi\u0165\u00a0 zne\u010distene a\u00a0zanedbane. Preto by ste okrem spr\u00e1vneho v\u00fdberu fas\u00e1dnych farieb mali myslie\u0165 aj na pravideln\u00e9 \u010distenie fas\u00e1d domov. A\u00a0pr\u00e1ve na to sme tu my \u2013 ak chcete dokonal\u00fa \u010dist\u00fa fas\u00e1du,\u00a0<strong><em><a href=\"https:\/\/cistime-fasady.sk\/cz\/kontakt\/\">kontaktujte n\u00e1s<\/a><\/em><\/strong>.<\/p>","protected":false},"excerpt":{"rendered":"<p>Pl\u00e1nujete tento rok stavbu rodinn\u00e9ho domu alebo rekon\u0161trukciu svojej fas\u00e1dy? Zauj\u00edma v\u00e1s, ako by mala vyzera\u0165\u00a0modern\u00e1 fas\u00e1da? Pozreli sme sa bli\u017e\u0161ie na aktu\u00e1lne trendy pre fas\u00e1dy domov na rok 2021.<\/p>","protected":false},"author":1,"featured_media":971,"comment_status":"closed","ping_status":"open","sticky":false,"template":"","format":"standard","meta":{"footnotes":""},"categories":[1],"tags":[],"class_list":["post-1112","post","type-post","status-publish","format-standard","has-post-thumbnail","hentry","category-nezaradene"],"yoast_head":"<!-- This site is optimized with the Yoast SEO plugin v23.1 - https:\/\/yoast.com\/wordpress\/plugins\/seo\/ -->\n<title>Trendy pre fas\u00e1dy domov v roku 2021 | \u010cist\u00edme Fas\u00e1dy<\/title>\n<meta name=\"robots\" content=\"index, follow, max-snippet:-1, max-image-preview:large, max-video-preview:-1\" \/>\n<link rel=\"canonical\" href=\"https:\/\/cistime-fasady.sk\/cz\/trendy-pre-fasady-domov-v-roku-2021\/\" \/>\n<meta property=\"og:locale\" content=\"cs_CZ\" \/>\n<meta property=\"og:type\" content=\"article\" \/>\n<meta property=\"og:title\" content=\"Trendy pre fas\u00e1dy domov v roku 2021 | \u010cist\u00edme Fas\u00e1dy\" \/>\n<meta property=\"og:description\" content=\"Pl\u00e1nujete tento rok stavbu rodinn\u00e9ho domu alebo rekon\u0161trukciu svojej fas\u00e1dy? Zauj\u00edma v\u00e1s, ako by mala vyzera\u0165\u00a0modern\u00e1 fas\u00e1da? Pozreli sme sa bli\u017e\u0161ie na aktu\u00e1lne trendy pre fas\u00e1dy domov na rok 2021.\" \/>\n<meta property=\"og:url\" content=\"https:\/\/cistime-fasady.sk\/cz\/trendy-pre-fasady-domov-v-roku-2021\/\" \/>\n<meta property=\"og:site_name\" content=\"\u010cist\u00edme Fas\u00e1dy\" \/>\n<meta property=\"article:publisher\" content=\"https:\/\/www.facebook.com\/cisteniefasadvalmax\/\" \/>\n<meta property=\"article:published_time\" content=\"2021-02-16T11:30:00+00:00\" \/>\n<meta property=\"article:modified_time\" content=\"2024-06-19T10:32:15+00:00\" \/>\n<meta property=\"og:image\" content=\"https:\/\/cistime-fasady.sk\/wp-content\/uploads\/2024\/06\/57.jpg\" \/>\n\t<meta property=\"og:image:width\" content=\"1024\" \/>\n\t<meta property=\"og:image:height\" content=\"768\" \/>\n\t<meta property=\"og:image:type\" content=\"image\/jpeg\" \/>\n<meta name=\"author\" content=\"RAKETING\" \/>\n<meta name=\"twitter:card\" content=\"summary_large_image\" \/>\n<meta name=\"twitter:label1\" content=\"Napsal(a)\" \/>\n\t<meta name=\"twitter:data1\" content=\"RAKETING\" \/>\n\t<meta name=\"twitter:label2\" content=\"Odhadovan\u00e1 doba \u010dten\u00ed\" \/>\n\t<meta name=\"twitter:data2\" content=\"2 minuty\" \/>\n<script type=\"application\/ld+json\" class=\"yoast-schema-graph\">{\"@context\":\"https:\/\/schema.org\",\"@graph\":[{\"@type\":\"Article\",\"@id\":\"https:\/\/cistime-fasady.sk\/trendy-pre-fasady-domov-v-roku-2021\/#article\",\"isPartOf\":{\"@id\":\"https:\/\/cistime-fasady.sk\/trendy-pre-fasady-domov-v-roku-2021\/\"},\"author\":{\"name\":\"RAKETING\",\"@id\":\"https:\/\/cistime-fasady.sk\/#\/schema\/person\/18a2e8eb3e0dbe04479779b3ac0c9865\"},\"headline\":\"Trendy pre fas\u00e1dy domov v roku 2021\",\"datePublished\":\"2021-02-16T11:30:00+00:00\",\"dateModified\":\"2024-06-19T10:32:15+00:00\",\"mainEntityOfPage\":{\"@id\":\"https:\/\/cistime-fasady.sk\/trendy-pre-fasady-domov-v-roku-2021\/\"},\"wordCount\":327,\"publisher\":{\"@id\":\"https:\/\/cistime-fasady.sk\/#organization\"},\"image\":{\"@id\":\"https:\/\/cistime-fasady.sk\/trendy-pre-fasady-domov-v-roku-2021\/#primaryimage\"},\"thumbnailUrl\":\"https:\/\/cistime-fasady.sk\/wp-content\/uploads\/2024\/06\/57.jpg\",\"articleSection\":[\"Nezaraden\u00e9\"],\"inLanguage\":\"cs\"},{\"@type\":\"WebPage\",\"@id\":\"https:\/\/cistime-fasady.sk\/trendy-pre-fasady-domov-v-roku-2021\/\",\"url\":\"https:\/\/cistime-fasady.sk\/trendy-pre-fasady-domov-v-roku-2021\/\",\"name\":\"Trendy pre fas\u00e1dy domov v roku 2021 | \u010cist\u00edme Fas\u00e1dy\",\"isPartOf\":{\"@id\":\"https:\/\/cistime-fasady.sk\/#website\"},\"primaryImageOfPage\":{\"@id\":\"https:\/\/cistime-fasady.sk\/trendy-pre-fasady-domov-v-roku-2021\/#primaryimage\"},\"image\":{\"@id\":\"https:\/\/cistime-fasady.sk\/trendy-pre-fasady-domov-v-roku-2021\/#primaryimage\"},\"thumbnailUrl\":\"https:\/\/cistime-fasady.sk\/wp-content\/uploads\/2024\/06\/57.jpg\",\"datePublished\":\"2021-02-16T11:30:00+00:00\",\"dateModified\":\"2024-06-19T10:32:15+00:00\",\"breadcrumb\":{\"@id\":\"https:\/\/cistime-fasady.sk\/trendy-pre-fasady-domov-v-roku-2021\/#breadcrumb\"},\"inLanguage\":\"cs\",\"potentialAction\":[{\"@type\":\"ReadAction\",\"target\":[\"https:\/\/cistime-fasady.sk\/trendy-pre-fasady-domov-v-roku-2021\/\"]}]},{\"@type\":\"ImageObject\",\"inLanguage\":\"cs\",\"@id\":\"https:\/\/cistime-fasady.sk\/trendy-pre-fasady-domov-v-roku-2021\/#primaryimage\",\"url\":\"https:\/\/cistime-fasady.sk\/wp-content\/uploads\/2024\/06\/57.jpg\",\"contentUrl\":\"https:\/\/cistime-fasady.sk\/wp-content\/uploads\/2024\/06\/57.jpg\",\"width\":1024,\"height\":768,\"caption\":\"57\"},{\"@type\":\"BreadcrumbList\",\"@id\":\"https:\/\/cistime-fasady.sk\/trendy-pre-fasady-domov-v-roku-2021\/#breadcrumb\",\"itemListElement\":[{\"@type\":\"ListItem\",\"position\":1,\"name\":\"Domovsk\u00e1 str\u00e1nka\",\"item\":\"https:\/\/cistime-fasady.sk\/\"},{\"@type\":\"ListItem\",\"position\":2,\"name\":\"Trendy pre fas\u00e1dy domov v roku 2021\"}]},{\"@type\":\"WebSite\",\"@id\":\"https:\/\/cistime-fasady.sk\/#website\",\"url\":\"https:\/\/cistime-fasady.sk\/\",\"name\":\"\u010cist\u00edme Fas\u00e1dy\",\"description\":\"Profesion\u00e1lne \u010distenie fas\u00e1d\",\"publisher\":{\"@id\":\"https:\/\/cistime-fasady.sk\/#organization\"},\"alternateName\":\"\u010cF\",\"potentialAction\":[{\"@type\":\"SearchAction\",\"target\":{\"@type\":\"EntryPoint\",\"urlTemplate\":\"https:\/\/cistime-fasady.sk\/?s={search_term_string}\"},\"query-input\":\"required name=search_term_string\"}],\"inLanguage\":\"cs\"},{\"@type\":\"Organization\",\"@id\":\"https:\/\/cistime-fasady.sk\/#organization\",\"name\":\"Valmax s.r.o.\",\"alternateName\":\"Valmax s.r.o.\",\"url\":\"https:\/\/cistime-fasady.sk\/\",\"logo\":{\"@type\":\"ImageObject\",\"inLanguage\":\"cs\",\"@id\":\"https:\/\/cistime-fasady.sk\/#\/schema\/logo\/image\/\",\"url\":\"https:\/\/cistime-fasady.sk\/wp-content\/uploads\/2024\/03\/313207521_617400896841873_42847256823662438_n.jpg\",\"contentUrl\":\"https:\/\/cistime-fasady.sk\/wp-content\/uploads\/2024\/03\/313207521_617400896841873_42847256823662438_n.jpg\",\"width\":971,\"height\":971,\"caption\":\"Valmax s.r.o.\"},\"image\":{\"@id\":\"https:\/\/cistime-fasady.sk\/#\/schema\/logo\/image\/\"},\"sameAs\":[\"https:\/\/www.facebook.com\/cisteniefasadvalmax\/\",\"https:\/\/www.instagram.com\/valmax_cisteniefasad\/\"]},{\"@type\":\"Person\",\"@id\":\"https:\/\/cistime-fasady.sk\/#\/schema\/person\/18a2e8eb3e0dbe04479779b3ac0c9865\",\"name\":\"RAKETING\",\"image\":{\"@type\":\"ImageObject\",\"inLanguage\":\"cs\",\"@id\":\"https:\/\/cistime-fasady.sk\/#\/schema\/person\/image\/\",\"url\":\"https:\/\/secure.gravatar.com\/avatar\/7c3caac6c6527a5588ed6ed3aa8a1560b2c5f42cf1b704448b0ba30756aecfbc?s=96&d=mm&r=g\",\"contentUrl\":\"https:\/\/secure.gravatar.com\/avatar\/7c3caac6c6527a5588ed6ed3aa8a1560b2c5f42cf1b704448b0ba30756aecfbc?s=96&d=mm&r=g\",\"caption\":\"RAKETING\"},\"sameAs\":[\"https:\/\/cistime-fasady.sk\"],\"url\":\"https:\/\/cistime-fasady.sk\/cz\/author\/test02\/\"}]}<\/script>\n<!-- \/ Yoast SEO plugin. -->","yoast_head_json":{"title":"Trendy pre fas\u00e1dy domov v roku 2021 | \u010cist\u00edme Fas\u00e1dy","robots":{"index":"index","follow":"follow","max-snippet":"max-snippet:-1","max-image-preview":"max-image-preview:large","max-video-preview":"max-video-preview:-1"},"canonical":"https:\/\/cistime-fasady.sk\/cz\/trendy-pre-fasady-domov-v-roku-2021\/","og_locale":"cs_CZ","og_type":"article","og_title":"Trendy pre fas\u00e1dy domov v roku 2021 | \u010cist\u00edme Fas\u00e1dy","og_description":"Pl\u00e1nujete tento rok stavbu rodinn\u00e9ho domu alebo rekon\u0161trukciu svojej fas\u00e1dy? Zauj\u00edma v\u00e1s, ako by mala vyzera\u0165\u00a0modern\u00e1 fas\u00e1da? Pozreli sme sa bli\u017e\u0161ie na aktu\u00e1lne trendy pre fas\u00e1dy domov na rok 2021.","og_url":"https:\/\/cistime-fasady.sk\/cz\/trendy-pre-fasady-domov-v-roku-2021\/","og_site_name":"\u010cist\u00edme Fas\u00e1dy","article_publisher":"https:\/\/www.facebook.com\/cisteniefasadvalmax\/","article_published_time":"2021-02-16T11:30:00+00:00","article_modified_time":"2024-06-19T10:32:15+00:00","og_image":[{"width":1024,"height":768,"url":"https:\/\/cistime-fasady.sk\/wp-content\/uploads\/2024\/06\/57.jpg","type":"image\/jpeg"}],"author":"RAKETING","twitter_card":"summary_large_image","twitter_misc":{"Napsal(a)":"RAKETING","Odhadovan\u00e1 doba \u010dten\u00ed":"2 minuty"},"schema":{"@context":"https:\/\/schema.org","@graph":[{"@type":"Article","@id":"https:\/\/cistime-fasady.sk\/trendy-pre-fasady-domov-v-roku-2021\/#article","isPartOf":{"@id":"https:\/\/cistime-fasady.sk\/trendy-pre-fasady-domov-v-roku-2021\/"},"author":{"name":"RAKETING","@id":"https:\/\/cistime-fasady.sk\/#\/schema\/person\/18a2e8eb3e0dbe04479779b3ac0c9865"},"headline":"Trendy pre fas\u00e1dy domov v roku 2021","datePublished":"2021-02-16T11:30:00+00:00","dateModified":"2024-06-19T10:32:15+00:00","mainEntityOfPage":{"@id":"https:\/\/cistime-fasady.sk\/trendy-pre-fasady-domov-v-roku-2021\/"},"wordCount":327,"publisher":{"@id":"https:\/\/cistime-fasady.sk\/#organization"},"image":{"@id":"https:\/\/cistime-fasady.sk\/trendy-pre-fasady-domov-v-roku-2021\/#primaryimage"},"thumbnailUrl":"https:\/\/cistime-fasady.sk\/wp-content\/uploads\/2024\/06\/57.jpg","articleSection":["Nezaraden\u00e9"],"inLanguage":"cs"},{"@type":"WebPage","@id":"https:\/\/cistime-fasady.sk\/trendy-pre-fasady-domov-v-roku-2021\/","url":"https:\/\/cistime-fasady.sk\/trendy-pre-fasady-domov-v-roku-2021\/","name":"Trendy pre fas\u00e1dy domov v roku 2021 | \u010cist\u00edme Fas\u00e1dy","isPartOf":{"@id":"https:\/\/cistime-fasady.sk\/#website"},"primaryImageOfPage":{"@id":"https:\/\/cistime-fasady.sk\/trendy-pre-fasady-domov-v-roku-2021\/#primaryimage"},"image":{"@id":"https:\/\/cistime-fasady.sk\/trendy-pre-fasady-domov-v-roku-2021\/#primaryimage"},"thumbnailUrl":"https:\/\/cistime-fasady.sk\/wp-content\/uploads\/2024\/06\/57.jpg","datePublished":"2021-02-16T11:30:00+00:00","dateModified":"2024-06-19T10:32:15+00:00","breadcrumb":{"@id":"https:\/\/cistime-fasady.sk\/trendy-pre-fasady-domov-v-roku-2021\/#breadcrumb"},"inLanguage":"cs","potentialAction":[{"@type":"ReadAction","target":["https:\/\/cistime-fasady.sk\/trendy-pre-fasady-domov-v-roku-2021\/"]}]},{"@type":"ImageObject","inLanguage":"cs","@id":"https:\/\/cistime-fasady.sk\/trendy-pre-fasady-domov-v-roku-2021\/#primaryimage","url":"https:\/\/cistime-fasady.sk\/wp-content\/uploads\/2024\/06\/57.jpg","contentUrl":"https:\/\/cistime-fasady.sk\/wp-content\/uploads\/2024\/06\/57.jpg","width":1024,"height":768,"caption":"57"},{"@type":"BreadcrumbList","@id":"https:\/\/cistime-fasady.sk\/trendy-pre-fasady-domov-v-roku-2021\/#breadcrumb","itemListElement":[{"@type":"ListItem","position":1,"name":"Domovsk\u00e1 str\u00e1nka","item":"https:\/\/cistime-fasady.sk\/"},{"@type":"ListItem","position":2,"name":"Trendy pre fas\u00e1dy domov v roku 2021"}]},{"@type":"WebSite","@id":"https:\/\/cistime-fasady.sk\/#website","url":"https:\/\/cistime-fasady.sk\/","name":"\u010cist\u00edme Fas\u00e1dy","description":"Profesion\u00e1lne \u010distenie fas\u00e1d","publisher":{"@id":"https:\/\/cistime-fasady.sk\/#organization"},"alternateName":"\u010cF","potentialAction":[{"@type":"SearchAction","target":{"@type":"EntryPoint","urlTemplate":"https:\/\/cistime-fasady.sk\/?s={search_term_string}"},"query-input":"required name=search_term_string"}],"inLanguage":"cs"},{"@type":"Organization","@id":"https:\/\/cistime-fasady.sk\/#organization","name":"Valmax s.r.o.","alternateName":"Valmax s.r.o.","url":"https:\/\/cistime-fasady.sk\/","logo":{"@type":"ImageObject","inLanguage":"cs","@id":"https:\/\/cistime-fasady.sk\/#\/schema\/logo\/image\/","url":"https:\/\/cistime-fasady.sk\/wp-content\/uploads\/2024\/03\/313207521_617400896841873_42847256823662438_n.jpg","contentUrl":"https:\/\/cistime-fasady.sk\/wp-content\/uploads\/2024\/03\/313207521_617400896841873_42847256823662438_n.jpg","width":971,"height":971,"caption":"Valmax s.r.o."},"image":{"@id":"https:\/\/cistime-fasady.sk\/#\/schema\/logo\/image\/"},"sameAs":["https:\/\/www.facebook.com\/cisteniefasadvalmax\/","https:\/\/www.instagram.com\/valmax_cisteniefasad\/"]},{"@type":"Person","@id":"https:\/\/cistime-fasady.sk\/#\/schema\/person\/18a2e8eb3e0dbe04479779b3ac0c9865","name":"RAKETING","image":{"@type":"ImageObject","inLanguage":"cs","@id":"https:\/\/cistime-fasady.sk\/#\/schema\/person\/image\/","url":"https:\/\/secure.gravatar.com\/avatar\/7c3caac6c6527a5588ed6ed3aa8a1560b2c5f42cf1b704448b0ba30756aecfbc?s=96&d=mm&r=g","contentUrl":"https:\/\/secure.gravatar.com\/avatar\/7c3caac6c6527a5588ed6ed3aa8a1560b2c5f42cf1b704448b0ba30756aecfbc?s=96&d=mm&r=g","caption":"RAKETING"},"sameAs":["https:\/\/cistime-fasady.sk"],"url":"https:\/\/cistime-fasady.sk\/cz\/author\/test02\/"}]}},"_links":{"self":[{"href":"https:\/\/cistime-fasady.sk\/cz\/wp-json\/wp\/v2\/posts\/1112","targetHints":{"allow":["GET"]}}],"collection":[{"href":"https:\/\/cistime-fasady.sk\/cz\/wp-json\/wp\/v2\/posts"}],"about":[{"href":"https:\/\/cistime-fasady.sk\/cz\/wp-json\/wp\/v2\/types\/post"}],"author":[{"embeddable":true,"href":"https:\/\/cistime-fasady.sk\/cz\/wp-json\/wp\/v2\/users\/1"}],"replies":[{"embeddable":true,"href":"https:\/\/cistime-fasady.sk\/cz\/wp-json\/wp\/v2\/comments?post=1112"}],"version-history":[{"count":1,"href":"https:\/\/cistime-fasady.sk\/cz\/wp-json\/wp\/v2\/posts\/1112\/revisions"}],"predecessor-version":[{"id":1113,"href":"https:\/\/cistime-fasady.sk\/cz\/wp-json\/wp\/v2\/posts\/1112\/revisions\/1113"}],"wp:featuredmedia":[{"embeddable":true,"href":"https:\/\/cistime-fasady.sk\/cz\/wp-json\/wp\/v2\/media\/971"}],"wp:attachment":[{"href":"https:\/\/cistime-fasady.sk\/cz\/wp-json\/wp\/v2\/media?parent=1112"}],"wp:term":[{"taxonomy":"category","embeddable":true,"href":"https:\/\/cistime-fasady.sk\/cz\/wp-json\/wp\/v2\/categories?post=1112"},{"taxonomy":"post_tag","embeddable":true,"href":"https:\/\/cistime-fasady.sk\/cz\/wp-json\/wp\/v2\/tags?post=1112"}],"curies":[{"name":"wp","href":"https:\/\/api.w.org\/{rel}","templated":true}]}}