{"id":1102,"date":"2021-04-07T12:19:00","date_gmt":"2021-04-07T10:19:00","guid":{"rendered":"https:\/\/cistime-fasady.sk\/?p=1102"},"modified":"2024-06-19T12:21:34","modified_gmt":"2024-06-19T10:21:34","slug":"oprava-fasady-alebo-umyvanie-fasady","status":"publish","type":"post","link":"https:\/\/cistime-fasady.sk\/cz\/oprava-fasady-alebo-umyvanie-fasady\/","title":{"rendered":"Oprava fas\u00e1dy alebo um\u00fdvanie fas\u00e1dy?"},"content":{"rendered":"<p><em><em>Prich\u00e1dza jar, a\u00a0tak ste sa rozhodli, \u017ee je na\u010dase pusti\u0165 sa aj do \u010dinnost\u00ed, ktor\u00e9 ste doteraz dlho odkladali? Tr\u00e1pi v\u00e1s poh\u013ead na va\u0161u fas\u00e1du, no neviete, \u010di je nutn\u00e1\u00a0<strong><em><a href=\"http:\/\/cistime-fasady.sk\/cz\/oprava-fasady\/\">oprava fas\u00e1dy<\/a><\/em><\/strong>\u00a0alebo posta\u010d\u00ed len um\u00fdvanie fas\u00e1dy? Po\u010fme sa spolo\u010dne pozrie\u0165 na to, ktor\u00e1 mo\u017enos\u0165 je pre v\u00e1s vhodnej\u0161ia.<\/em><\/em><\/p>\n\n\n\n<div style=\"height:30px\" aria-hidden=\"true\" class=\"wp-block-spacer\"><\/div>\n\n\n\n<h2 class=\"wp-block-heading\"><strong>OPRAVA FAS\u00c1DY RODINN\u00c9HO DOMU<\/strong><\/h2>\n\n\n\n<p>Pozrite sa teda bli\u017e\u0161ie na va\u0161u fas\u00e1du, a\u00a0to doslova. V\u0161imli ste si na nej v\u00e4\u010d\u0161ie trhliny \u010di praskliny? Opad\u00e1va niekde fas\u00e1dna farba? Ak \u00e1no, potom bude oprava fas\u00e1dy pre v\u00e1s nevyhnutnos\u0165ou. No \u010do v\u00a0pr\u00edpade, ak ste pri bli\u017e\u0161om poh\u013eade nena\u0161li \u017eiadne po\u0161kodenia, iba ne\u010distotu, plesne alebo riasy?<\/p>\n\n\n\n<div style=\"height:30px\" aria-hidden=\"true\" class=\"wp-block-spacer\"><\/div>\n\n\n\n<figure class=\"wp-block-gallery has-nested-images columns-default is-cropped wp-block-gallery-1 is-layout-flex wp-block-gallery-is-layout-flex\">\n<figure class=\"wp-block-image size-large\"><img fetchpriority=\"high\" decoding=\"async\" width=\"1024\" height=\"768\" data-id=\"975\" src=\"https:\/\/cistime-fasady.sk\/wp-content\/uploads\/2024\/06\/61.jpg\" alt=\"\" class=\"wp-image-975\" srcset=\"https:\/\/cistime-fasady.sk\/wp-content\/uploads\/2024\/06\/61.jpg 1024w, https:\/\/cistime-fasady.sk\/wp-content\/uploads\/2024\/06\/61-300x225.jpg 300w, https:\/\/cistime-fasady.sk\/wp-content\/uploads\/2024\/06\/61-768x576.jpg 768w\" sizes=\"(max-width: 1024px) 100vw, 1024px\" \/><\/figure>\n\n\n\n<figure class=\"wp-block-image size-large\"><img decoding=\"async\" width=\"1024\" height=\"768\" data-id=\"976\" src=\"https:\/\/cistime-fasady.sk\/wp-content\/uploads\/2024\/06\/62.jpg\" alt=\"\" class=\"wp-image-976\" srcset=\"https:\/\/cistime-fasady.sk\/wp-content\/uploads\/2024\/06\/62.jpg 1024w, https:\/\/cistime-fasady.sk\/wp-content\/uploads\/2024\/06\/62-300x225.jpg 300w, https:\/\/cistime-fasady.sk\/wp-content\/uploads\/2024\/06\/62-768x576.jpg 768w\" sizes=\"(max-width: 1024px) 100vw, 1024px\" \/><\/figure>\n<\/figure>\n\n\n\n<div style=\"height:30px\" aria-hidden=\"true\" class=\"wp-block-spacer\"><\/div>\n\n\n\n<h2 class=\"wp-block-heading\"><strong>UM\u00ddVANIE FAS\u00c1DY DOMOV<\/strong><\/h2>\n\n\n\n<p>V&nbsp;pr\u00edpade, \u017ee va\u0161a fas\u00e1da nie je nikde vidite\u013ene po\u0161koden\u00e1, m\u00f4\u017eete za\u010da\u0165 prem\u00fd\u0161\u013ea\u0165 nad&nbsp;<strong><em><a href=\"http:\/\/cistime-fasady.sk\/cz\/umyvanie-fasady\/\">um\u00fdvan\u00edm fas\u00e1dy<\/a><\/em><\/strong>. Um\u00fdvanie fas\u00e1dy v\u00e1s bez probl\u00e9mov zbav\u00ed be\u017en\u00fdch ne\u010dist\u00f4t, ktor\u00e9 vznikaj\u00fa n\u00e1nosmi prachu alebo&nbsp;vplyvom po\u010dasia, ale pom\u00f4\u017ee v\u00e1m aj v&nbsp;pr\u00edpade, \u017ee sa na va\u0161ej fas\u00e1de u\u017e za\u010dali tvori\u0165 plesne a&nbsp;riasy. Sta\u010d\u00ed, ak sa obr\u00e1tite na profesion\u00e1lnu firmu.<\/p>\n\n\n\n<p>Hoci oprava fas\u00e1dy rodinn\u00e9ho domu alebo nov\u00e1 fas\u00e1dna farba m\u00f4\u017eu v\u00fdrazne za\u0165a\u017ei\u0165 v\u00e1\u0161 rodinn\u00fd rozpo\u010det, um\u00fdvanie fas\u00e1dy je cenovo ove\u013ea prijate\u013enej\u0161ie. Fas\u00e1dy domov v\u00e1m vy\u010dist\u00edme u\u017e od 3,8 eura za meter \u0161tvorcov\u00fd a&nbsp;vy tak nemus\u00edte ma\u0165 \u017eiadne starosti \u2013 o&nbsp;v\u0161etko sa postar\u00e1me.<\/p>\n\n\n\n<p><strong><a href=\"https:\/\/cistime-fasady.sk\/cz\/kontakt\/\">Kontaktujte n\u00e1s<\/a><\/strong>&nbsp;a&nbsp;u\u017eite si poh\u013ead na svoju \u201enov\u00fa\u201c fas\u00e1du u\u017e t\u00fato jar!<\/p>\n\n\n\n<p><\/p>","protected":false},"excerpt":{"rendered":"<p>Prich\u00e1dza jar, a\u00a0tak ste sa rozhodli, \u017ee je na\u010dase pusti\u0165 sa aj do \u010dinnost\u00ed, ktor\u00e9 ste doteraz dlho odkladali? Tr\u00e1pi v\u00e1s poh\u013ead na va\u0161u fas\u00e1du, no neviete, \u010di je nutn\u00e1\u00a0oprava fas\u00e1dy\u00a0alebo posta\u010d\u00ed len um\u00fdvanie fas\u00e1dy? Po\u010fme sa spolo\u010dne pozrie\u0165 na to, ktor\u00e1 mo\u017enos\u0165 je pre v\u00e1s vhodnej\u0161ia.<\/p>","protected":false},"author":1,"featured_media":975,"comment_status":"closed","ping_status":"open","sticky":false,"template":"","format":"standard","meta":{"footnotes":""},"categories":[1],"tags":[],"class_list":["post-1102","post","type-post","status-publish","format-standard","has-post-thumbnail","hentry","category-nezaradene"],"yoast_head":"<!-- This site is optimized with the Yoast SEO plugin v23.1 - https:\/\/yoast.com\/wordpress\/plugins\/seo\/ -->\n<title>Oprava fas\u00e1dy alebo um\u00fdvanie fas\u00e1dy? | \u010cist\u00edme Fas\u00e1dy<\/title>\n<meta name=\"robots\" content=\"index, follow, max-snippet:-1, max-image-preview:large, max-video-preview:-1\" \/>\n<link rel=\"canonical\" href=\"https:\/\/cistime-fasady.sk\/cz\/oprava-fasady-alebo-umyvanie-fasady\/\" \/>\n<meta property=\"og:locale\" content=\"cs_CZ\" \/>\n<meta property=\"og:type\" content=\"article\" \/>\n<meta property=\"og:title\" content=\"Oprava fas\u00e1dy alebo um\u00fdvanie fas\u00e1dy? | \u010cist\u00edme Fas\u00e1dy\" \/>\n<meta property=\"og:description\" content=\"Prich\u00e1dza jar, a\u00a0tak ste sa rozhodli, \u017ee je na\u010dase pusti\u0165 sa aj do \u010dinnost\u00ed, ktor\u00e9 ste doteraz dlho odkladali? Tr\u00e1pi v\u00e1s poh\u013ead na va\u0161u fas\u00e1du, no neviete, \u010di je nutn\u00e1\u00a0oprava fas\u00e1dy\u00a0alebo posta\u010d\u00ed len um\u00fdvanie fas\u00e1dy? Po\u010fme sa spolo\u010dne pozrie\u0165 na to, ktor\u00e1 mo\u017enos\u0165 je pre v\u00e1s vhodnej\u0161ia.\" \/>\n<meta property=\"og:url\" content=\"https:\/\/cistime-fasady.sk\/cz\/oprava-fasady-alebo-umyvanie-fasady\/\" \/>\n<meta property=\"og:site_name\" content=\"\u010cist\u00edme Fas\u00e1dy\" \/>\n<meta property=\"article:publisher\" content=\"https:\/\/www.facebook.com\/cisteniefasadvalmax\/\" \/>\n<meta property=\"article:published_time\" content=\"2021-04-07T10:19:00+00:00\" \/>\n<meta property=\"article:modified_time\" content=\"2024-06-19T10:21:34+00:00\" \/>\n<meta property=\"og:image\" content=\"https:\/\/cistime-fasady.sk\/wp-content\/uploads\/2024\/06\/61.jpg\" \/>\n\t<meta property=\"og:image:width\" content=\"1024\" \/>\n\t<meta property=\"og:image:height\" content=\"768\" \/>\n\t<meta property=\"og:image:type\" content=\"image\/jpeg\" \/>\n<meta name=\"author\" content=\"RAKETING\" \/>\n<meta name=\"twitter:card\" content=\"summary_large_image\" \/>\n<meta name=\"twitter:label1\" content=\"Napsal(a)\" \/>\n\t<meta name=\"twitter:data1\" content=\"RAKETING\" \/>\n\t<meta name=\"twitter:label2\" content=\"Odhadovan\u00e1 doba \u010dten\u00ed\" \/>\n\t<meta name=\"twitter:data2\" content=\"2 minuty\" \/>\n<script type=\"application\/ld+json\" class=\"yoast-schema-graph\">{\"@context\":\"https:\/\/schema.org\",\"@graph\":[{\"@type\":\"Article\",\"@id\":\"https:\/\/cistime-fasady.sk\/oprava-fasady-alebo-umyvanie-fasady\/#article\",\"isPartOf\":{\"@id\":\"https:\/\/cistime-fasady.sk\/oprava-fasady-alebo-umyvanie-fasady\/\"},\"author\":{\"name\":\"RAKETING\",\"@id\":\"https:\/\/cistime-fasady.sk\/#\/schema\/person\/18a2e8eb3e0dbe04479779b3ac0c9865\"},\"headline\":\"Oprava fas\u00e1dy alebo um\u00fdvanie fas\u00e1dy?\",\"datePublished\":\"2021-04-07T10:19:00+00:00\",\"dateModified\":\"2024-06-19T10:21:34+00:00\",\"mainEntityOfPage\":{\"@id\":\"https:\/\/cistime-fasady.sk\/oprava-fasady-alebo-umyvanie-fasady\/\"},\"wordCount\":322,\"publisher\":{\"@id\":\"https:\/\/cistime-fasady.sk\/#organization\"},\"image\":{\"@id\":\"https:\/\/cistime-fasady.sk\/oprava-fasady-alebo-umyvanie-fasady\/#primaryimage\"},\"thumbnailUrl\":\"https:\/\/cistime-fasady.sk\/wp-content\/uploads\/2024\/06\/61.jpg\",\"articleSection\":[\"Nezaraden\u00e9\"],\"inLanguage\":\"cs\"},{\"@type\":\"WebPage\",\"@id\":\"https:\/\/cistime-fasady.sk\/oprava-fasady-alebo-umyvanie-fasady\/\",\"url\":\"https:\/\/cistime-fasady.sk\/oprava-fasady-alebo-umyvanie-fasady\/\",\"name\":\"Oprava fas\u00e1dy alebo um\u00fdvanie fas\u00e1dy? | \u010cist\u00edme Fas\u00e1dy\",\"isPartOf\":{\"@id\":\"https:\/\/cistime-fasady.sk\/#website\"},\"primaryImageOfPage\":{\"@id\":\"https:\/\/cistime-fasady.sk\/oprava-fasady-alebo-umyvanie-fasady\/#primaryimage\"},\"image\":{\"@id\":\"https:\/\/cistime-fasady.sk\/oprava-fasady-alebo-umyvanie-fasady\/#primaryimage\"},\"thumbnailUrl\":\"https:\/\/cistime-fasady.sk\/wp-content\/uploads\/2024\/06\/61.jpg\",\"datePublished\":\"2021-04-07T10:19:00+00:00\",\"dateModified\":\"2024-06-19T10:21:34+00:00\",\"breadcrumb\":{\"@id\":\"https:\/\/cistime-fasady.sk\/oprava-fasady-alebo-umyvanie-fasady\/#breadcrumb\"},\"inLanguage\":\"cs\",\"potentialAction\":[{\"@type\":\"ReadAction\",\"target\":[\"https:\/\/cistime-fasady.sk\/oprava-fasady-alebo-umyvanie-fasady\/\"]}]},{\"@type\":\"ImageObject\",\"inLanguage\":\"cs\",\"@id\":\"https:\/\/cistime-fasady.sk\/oprava-fasady-alebo-umyvanie-fasady\/#primaryimage\",\"url\":\"https:\/\/cistime-fasady.sk\/wp-content\/uploads\/2024\/06\/61.jpg\",\"contentUrl\":\"https:\/\/cistime-fasady.sk\/wp-content\/uploads\/2024\/06\/61.jpg\",\"width\":1024,\"height\":768,\"caption\":\"61\"},{\"@type\":\"BreadcrumbList\",\"@id\":\"https:\/\/cistime-fasady.sk\/oprava-fasady-alebo-umyvanie-fasady\/#breadcrumb\",\"itemListElement\":[{\"@type\":\"ListItem\",\"position\":1,\"name\":\"Domovsk\u00e1 str\u00e1nka\",\"item\":\"https:\/\/cistime-fasady.sk\/\"},{\"@type\":\"ListItem\",\"position\":2,\"name\":\"Oprava fas\u00e1dy alebo um\u00fdvanie fas\u00e1dy?\"}]},{\"@type\":\"WebSite\",\"@id\":\"https:\/\/cistime-fasady.sk\/#website\",\"url\":\"https:\/\/cistime-fasady.sk\/\",\"name\":\"\u010cist\u00edme Fas\u00e1dy\",\"description\":\"Profesion\u00e1lne \u010distenie fas\u00e1d\",\"publisher\":{\"@id\":\"https:\/\/cistime-fasady.sk\/#organization\"},\"alternateName\":\"\u010cF\",\"potentialAction\":[{\"@type\":\"SearchAction\",\"target\":{\"@type\":\"EntryPoint\",\"urlTemplate\":\"https:\/\/cistime-fasady.sk\/?s={search_term_string}\"},\"query-input\":\"required name=search_term_string\"}],\"inLanguage\":\"cs\"},{\"@type\":\"Organization\",\"@id\":\"https:\/\/cistime-fasady.sk\/#organization\",\"name\":\"Valmax s.r.o.\",\"alternateName\":\"Valmax s.r.o.\",\"url\":\"https:\/\/cistime-fasady.sk\/\",\"logo\":{\"@type\":\"ImageObject\",\"inLanguage\":\"cs\",\"@id\":\"https:\/\/cistime-fasady.sk\/#\/schema\/logo\/image\/\",\"url\":\"https:\/\/cistime-fasady.sk\/wp-content\/uploads\/2024\/03\/313207521_617400896841873_42847256823662438_n.jpg\",\"contentUrl\":\"https:\/\/cistime-fasady.sk\/wp-content\/uploads\/2024\/03\/313207521_617400896841873_42847256823662438_n.jpg\",\"width\":971,\"height\":971,\"caption\":\"Valmax s.r.o.\"},\"image\":{\"@id\":\"https:\/\/cistime-fasady.sk\/#\/schema\/logo\/image\/\"},\"sameAs\":[\"https:\/\/www.facebook.com\/cisteniefasadvalmax\/\",\"https:\/\/www.instagram.com\/valmax_cisteniefasad\/\"]},{\"@type\":\"Person\",\"@id\":\"https:\/\/cistime-fasady.sk\/#\/schema\/person\/18a2e8eb3e0dbe04479779b3ac0c9865\",\"name\":\"RAKETING\",\"image\":{\"@type\":\"ImageObject\",\"inLanguage\":\"cs\",\"@id\":\"https:\/\/cistime-fasady.sk\/#\/schema\/person\/image\/\",\"url\":\"https:\/\/secure.gravatar.com\/avatar\/7c3caac6c6527a5588ed6ed3aa8a1560b2c5f42cf1b704448b0ba30756aecfbc?s=96&d=mm&r=g\",\"contentUrl\":\"https:\/\/secure.gravatar.com\/avatar\/7c3caac6c6527a5588ed6ed3aa8a1560b2c5f42cf1b704448b0ba30756aecfbc?s=96&d=mm&r=g\",\"caption\":\"RAKETING\"},\"sameAs\":[\"https:\/\/cistime-fasady.sk\"],\"url\":\"https:\/\/cistime-fasady.sk\/cz\/author\/test02\/\"}]}<\/script>\n<!-- \/ Yoast SEO plugin. -->","yoast_head_json":{"title":"Oprava fas\u00e1dy alebo um\u00fdvanie fas\u00e1dy? | \u010cist\u00edme Fas\u00e1dy","robots":{"index":"index","follow":"follow","max-snippet":"max-snippet:-1","max-image-preview":"max-image-preview:large","max-video-preview":"max-video-preview:-1"},"canonical":"https:\/\/cistime-fasady.sk\/cz\/oprava-fasady-alebo-umyvanie-fasady\/","og_locale":"cs_CZ","og_type":"article","og_title":"Oprava fas\u00e1dy alebo um\u00fdvanie fas\u00e1dy? | \u010cist\u00edme Fas\u00e1dy","og_description":"Prich\u00e1dza jar, a\u00a0tak ste sa rozhodli, \u017ee je na\u010dase pusti\u0165 sa aj do \u010dinnost\u00ed, ktor\u00e9 ste doteraz dlho odkladali? Tr\u00e1pi v\u00e1s poh\u013ead na va\u0161u fas\u00e1du, no neviete, \u010di je nutn\u00e1\u00a0oprava fas\u00e1dy\u00a0alebo posta\u010d\u00ed len um\u00fdvanie fas\u00e1dy? Po\u010fme sa spolo\u010dne pozrie\u0165 na to, ktor\u00e1 mo\u017enos\u0165 je pre v\u00e1s vhodnej\u0161ia.","og_url":"https:\/\/cistime-fasady.sk\/cz\/oprava-fasady-alebo-umyvanie-fasady\/","og_site_name":"\u010cist\u00edme Fas\u00e1dy","article_publisher":"https:\/\/www.facebook.com\/cisteniefasadvalmax\/","article_published_time":"2021-04-07T10:19:00+00:00","article_modified_time":"2024-06-19T10:21:34+00:00","og_image":[{"width":1024,"height":768,"url":"https:\/\/cistime-fasady.sk\/wp-content\/uploads\/2024\/06\/61.jpg","type":"image\/jpeg"}],"author":"RAKETING","twitter_card":"summary_large_image","twitter_misc":{"Napsal(a)":"RAKETING","Odhadovan\u00e1 doba \u010dten\u00ed":"2 minuty"},"schema":{"@context":"https:\/\/schema.org","@graph":[{"@type":"Article","@id":"https:\/\/cistime-fasady.sk\/oprava-fasady-alebo-umyvanie-fasady\/#article","isPartOf":{"@id":"https:\/\/cistime-fasady.sk\/oprava-fasady-alebo-umyvanie-fasady\/"},"author":{"name":"RAKETING","@id":"https:\/\/cistime-fasady.sk\/#\/schema\/person\/18a2e8eb3e0dbe04479779b3ac0c9865"},"headline":"Oprava fas\u00e1dy alebo um\u00fdvanie fas\u00e1dy?","datePublished":"2021-04-07T10:19:00+00:00","dateModified":"2024-06-19T10:21:34+00:00","mainEntityOfPage":{"@id":"https:\/\/cistime-fasady.sk\/oprava-fasady-alebo-umyvanie-fasady\/"},"wordCount":322,"publisher":{"@id":"https:\/\/cistime-fasady.sk\/#organization"},"image":{"@id":"https:\/\/cistime-fasady.sk\/oprava-fasady-alebo-umyvanie-fasady\/#primaryimage"},"thumbnailUrl":"https:\/\/cistime-fasady.sk\/wp-content\/uploads\/2024\/06\/61.jpg","articleSection":["Nezaraden\u00e9"],"inLanguage":"cs"},{"@type":"WebPage","@id":"https:\/\/cistime-fasady.sk\/oprava-fasady-alebo-umyvanie-fasady\/","url":"https:\/\/cistime-fasady.sk\/oprava-fasady-alebo-umyvanie-fasady\/","name":"Oprava fas\u00e1dy alebo um\u00fdvanie fas\u00e1dy? | \u010cist\u00edme Fas\u00e1dy","isPartOf":{"@id":"https:\/\/cistime-fasady.sk\/#website"},"primaryImageOfPage":{"@id":"https:\/\/cistime-fasady.sk\/oprava-fasady-alebo-umyvanie-fasady\/#primaryimage"},"image":{"@id":"https:\/\/cistime-fasady.sk\/oprava-fasady-alebo-umyvanie-fasady\/#primaryimage"},"thumbnailUrl":"https:\/\/cistime-fasady.sk\/wp-content\/uploads\/2024\/06\/61.jpg","datePublished":"2021-04-07T10:19:00+00:00","dateModified":"2024-06-19T10:21:34+00:00","breadcrumb":{"@id":"https:\/\/cistime-fasady.sk\/oprava-fasady-alebo-umyvanie-fasady\/#breadcrumb"},"inLanguage":"cs","potentialAction":[{"@type":"ReadAction","target":["https:\/\/cistime-fasady.sk\/oprava-fasady-alebo-umyvanie-fasady\/"]}]},{"@type":"ImageObject","inLanguage":"cs","@id":"https:\/\/cistime-fasady.sk\/oprava-fasady-alebo-umyvanie-fasady\/#primaryimage","url":"https:\/\/cistime-fasady.sk\/wp-content\/uploads\/2024\/06\/61.jpg","contentUrl":"https:\/\/cistime-fasady.sk\/wp-content\/uploads\/2024\/06\/61.jpg","width":1024,"height":768,"caption":"61"},{"@type":"BreadcrumbList","@id":"https:\/\/cistime-fasady.sk\/oprava-fasady-alebo-umyvanie-fasady\/#breadcrumb","itemListElement":[{"@type":"ListItem","position":1,"name":"Domovsk\u00e1 str\u00e1nka","item":"https:\/\/cistime-fasady.sk\/"},{"@type":"ListItem","position":2,"name":"Oprava fas\u00e1dy alebo um\u00fdvanie fas\u00e1dy?"}]},{"@type":"WebSite","@id":"https:\/\/cistime-fasady.sk\/#website","url":"https:\/\/cistime-fasady.sk\/","name":"\u010cist\u00edme Fas\u00e1dy","description":"Profesion\u00e1lne \u010distenie fas\u00e1d","publisher":{"@id":"https:\/\/cistime-fasady.sk\/#organization"},"alternateName":"\u010cF","potentialAction":[{"@type":"SearchAction","target":{"@type":"EntryPoint","urlTemplate":"https:\/\/cistime-fasady.sk\/?s={search_term_string}"},"query-input":"required name=search_term_string"}],"inLanguage":"cs"},{"@type":"Organization","@id":"https:\/\/cistime-fasady.sk\/#organization","name":"Valmax s.r.o.","alternateName":"Valmax s.r.o.","url":"https:\/\/cistime-fasady.sk\/","logo":{"@type":"ImageObject","inLanguage":"cs","@id":"https:\/\/cistime-fasady.sk\/#\/schema\/logo\/image\/","url":"https:\/\/cistime-fasady.sk\/wp-content\/uploads\/2024\/03\/313207521_617400896841873_42847256823662438_n.jpg","contentUrl":"https:\/\/cistime-fasady.sk\/wp-content\/uploads\/2024\/03\/313207521_617400896841873_42847256823662438_n.jpg","width":971,"height":971,"caption":"Valmax s.r.o."},"image":{"@id":"https:\/\/cistime-fasady.sk\/#\/schema\/logo\/image\/"},"sameAs":["https:\/\/www.facebook.com\/cisteniefasadvalmax\/","https:\/\/www.instagram.com\/valmax_cisteniefasad\/"]},{"@type":"Person","@id":"https:\/\/cistime-fasady.sk\/#\/schema\/person\/18a2e8eb3e0dbe04479779b3ac0c9865","name":"RAKETING","image":{"@type":"ImageObject","inLanguage":"cs","@id":"https:\/\/cistime-fasady.sk\/#\/schema\/person\/image\/","url":"https:\/\/secure.gravatar.com\/avatar\/7c3caac6c6527a5588ed6ed3aa8a1560b2c5f42cf1b704448b0ba30756aecfbc?s=96&d=mm&r=g","contentUrl":"https:\/\/secure.gravatar.com\/avatar\/7c3caac6c6527a5588ed6ed3aa8a1560b2c5f42cf1b704448b0ba30756aecfbc?s=96&d=mm&r=g","caption":"RAKETING"},"sameAs":["https:\/\/cistime-fasady.sk"],"url":"https:\/\/cistime-fasady.sk\/cz\/author\/test02\/"}]}},"_links":{"self":[{"href":"https:\/\/cistime-fasady.sk\/cz\/wp-json\/wp\/v2\/posts\/1102","targetHints":{"allow":["GET"]}}],"collection":[{"href":"https:\/\/cistime-fasady.sk\/cz\/wp-json\/wp\/v2\/posts"}],"about":[{"href":"https:\/\/cistime-fasady.sk\/cz\/wp-json\/wp\/v2\/types\/post"}],"author":[{"embeddable":true,"href":"https:\/\/cistime-fasady.sk\/cz\/wp-json\/wp\/v2\/users\/1"}],"replies":[{"embeddable":true,"href":"https:\/\/cistime-fasady.sk\/cz\/wp-json\/wp\/v2\/comments?post=1102"}],"version-history":[{"count":1,"href":"https:\/\/cistime-fasady.sk\/cz\/wp-json\/wp\/v2\/posts\/1102\/revisions"}],"predecessor-version":[{"id":1103,"href":"https:\/\/cistime-fasady.sk\/cz\/wp-json\/wp\/v2\/posts\/1102\/revisions\/1103"}],"wp:featuredmedia":[{"embeddable":true,"href":"https:\/\/cistime-fasady.sk\/cz\/wp-json\/wp\/v2\/media\/975"}],"wp:attachment":[{"href":"https:\/\/cistime-fasady.sk\/cz\/wp-json\/wp\/v2\/media?parent=1102"}],"wp:term":[{"taxonomy":"category","embeddable":true,"href":"https:\/\/cistime-fasady.sk\/cz\/wp-json\/wp\/v2\/categories?post=1102"},{"taxonomy":"post_tag","embeddable":true,"href":"https:\/\/cistime-fasady.sk\/cz\/wp-json\/wp\/v2\/tags?post=1102"}],"curies":[{"name":"wp","href":"https:\/\/api.w.org\/{rel}","templated":true}]}}