{"id":1098,"date":"2021-09-04T12:08:00","date_gmt":"2021-09-04T10:08:00","guid":{"rendered":"https:\/\/cistime-fasady.sk\/?p=1098"},"modified":"2024-06-19T12:14:17","modified_gmt":"2024-06-19T10:14:17","slug":"profesionalne-cistenie-fasad-sa-oplati-viete-preco","status":"publish","type":"post","link":"https:\/\/cistime-fasady.sk\/cz\/profesionalne-cistenie-fasad-sa-oplati-viete-preco\/","title":{"rendered":"Profesion\u00e1lne \u010distenie fas\u00e1d sa oplat\u00ed. Viete pre\u010do?"},"content":{"rendered":"<h2 class=\"wp-block-heading\"><strong>#1 \u010cISTENIE FAS\u00c1D M\u00d4\u017dE ZV\u00dd\u0160I\u0164 CENU VA\u0160EJ NEHNUTE\u013dNOSTI<\/strong><\/h2>\n\n\n\n<p>Rozhodli ste sa, \u017ee je \u010das preda\u0165 svoju nehnute\u013enos\u0165 a&nbsp;z\u00e1rove\u0148 chcete vyu\u017ei\u0165 ve\u013emi priazniv\u00fa moment\u00e1lnu situ\u00e1ciu na realitnom trhu? Je tu jedna vec, do ktorej by ste mali bez poch\u00fdb investova\u0165 e\u0161te pred t\u00fdm, ne\u017e zverejn\u00edte svoju ponuku na realitn\u00fdch port\u00e1loch. Je to \u010distenie fas\u00e1d. Pr\u00e1ve&nbsp;<strong><em><a href=\"https:\/\/cistime-fasady.sk\/cz\/cistenie-fasad\/\">\u010distenie fas\u00e1d<\/a><\/em><\/strong>&nbsp;v\u00e1m toti\u017e m\u00f4\u017ee zabezpe\u010di\u0165, \u017ee va\u0161i potenci\u00e1lni z\u00e1ujemci bud\u00fa ochotn\u00ed zaplati\u0165 vy\u0161\u0161iu sumu za va\u0161u nehnute\u013enos\u0165, ne\u017e keby ich u\u017e pri prvej prehliadke v\u00edtal zanedban\u00fd a&nbsp;zne\u010disten\u00fd dom. A&nbsp;v\u00e1s to pritom bude st\u00e1\u0165 len 3,8 eura za meter \u0161tvorcov\u00fd!<\/p>\n\n\n\n<div style=\"height:30px\" aria-hidden=\"true\" class=\"wp-block-spacer\"><\/div>\n\n\n\n<figure class=\"wp-block-gallery has-nested-images columns-default is-cropped wp-block-gallery-1 is-layout-flex wp-block-gallery-is-layout-flex\">\n<figure class=\"wp-block-image size-large\"><img fetchpriority=\"high\" decoding=\"async\" width=\"1024\" height=\"768\" data-id=\"979\" src=\"https:\/\/cistime-fasady.sk\/wp-content\/uploads\/2024\/06\/65.jpg\" alt=\"\" class=\"wp-image-979\" srcset=\"https:\/\/cistime-fasady.sk\/wp-content\/uploads\/2024\/06\/65.jpg 1024w, https:\/\/cistime-fasady.sk\/wp-content\/uploads\/2024\/06\/65-300x225.jpg 300w, https:\/\/cistime-fasady.sk\/wp-content\/uploads\/2024\/06\/65-768x576.jpg 768w\" sizes=\"(max-width: 1024px) 100vw, 1024px\" \/><\/figure>\n\n\n\n<figure class=\"wp-block-image size-large\"><img decoding=\"async\" width=\"1024\" height=\"768\" data-id=\"980\" src=\"https:\/\/cistime-fasady.sk\/wp-content\/uploads\/2024\/06\/66.jpg\" alt=\"\" class=\"wp-image-980\" srcset=\"https:\/\/cistime-fasady.sk\/wp-content\/uploads\/2024\/06\/66.jpg 1024w, https:\/\/cistime-fasady.sk\/wp-content\/uploads\/2024\/06\/66-300x225.jpg 300w, https:\/\/cistime-fasady.sk\/wp-content\/uploads\/2024\/06\/66-768x576.jpg 768w\" sizes=\"(max-width: 1024px) 100vw, 1024px\" \/><\/figure>\n<\/figure>\n\n\n\n<div style=\"height:30px\" aria-hidden=\"true\" class=\"wp-block-spacer\"><\/div>\n\n\n\n<h2 class=\"wp-block-heading\"><strong>#2 UM\u00ddVANIE FAS\u00c1DY V\u00c1M PRIL\u00c1KA NOV\u00ddCH Z\u00c1KAZN\u00cdKOV<\/strong><\/h2>\n\n\n\n<p>\u010ci u\u017e ide o&nbsp;re\u0161taur\u00e1ciu, bar alebo mal\u00fd lok\u00e1lny obchod\u00edk,&nbsp;<strong><em><a href=\"https:\/\/cistime-fasady.sk\/cz\/umyvanie-fasady\/\">um\u00fdvanie fas\u00e1dy<\/a><\/em><\/strong>&nbsp;by malo patri\u0165 k&nbsp;pravidelnej starostlivosti o&nbsp;v\u00e1\u0161 biznis. A&nbsp;to z&nbsp;toho ist\u00e9ho d\u00f4vodu, pre ktor\u00fd ur\u010dite nechcete ma\u0165 za\u0161pinen\u00e9 stoly na terase \u010di zapr\u00e1\u0161en\u00e9 okno v\u00fdkladu. Zanedban\u00fd podnik toti\u017e len \u0165a\u017eko pril\u00e1ka nov\u00fdch z\u00e1kazn\u00edkov a&nbsp;pr\u00e1ve na to by ste mali myslie\u0165. Ak v\u00e1\u0161 ak\u00fdko\u013evek komer\u010dn\u00fd priestor bude u\u017e na prv\u00fd poh\u013ead p\u00f4sobi\u0165 pr\u00edjemne a&nbsp;\u010disto, bez v\u00e1hania pritiahne viac z\u00e1kazn\u00edkov a&nbsp;spolu s&nbsp;t\u00fdm aj vy\u0161\u0161ie tr\u017eby. Investujte aspo\u0148 raz za 5 rokov do starostlivosti o&nbsp;exteri\u00e9r v\u00e1\u0161ho biznisu a&nbsp;uvid\u00edte t\u00fa zmenu!<\/p>\n\n\n\n<p><\/p>","protected":false},"excerpt":{"rendered":"<p>Rozhodli ste sa, \u017ee je \u010das preda\u0165 svoju nehnute\u013enos\u0165 a\u00a0z\u00e1rove\u0148 chcete vyu\u017ei\u0165 ve\u013emi priazniv\u00fa moment\u00e1lnu situ\u00e1ciu na realitnom trhu? Je tu jedna vec, do ktorej by ste mali bez poch\u00fdb investova\u0165 e\u0161te pred t\u00fdm, ne\u017e zverejn\u00edte svoju ponuku na realitn\u00fdch port\u00e1loch. Je to \u010distenie fas\u00e1d. Pr\u00e1ve\u00a0\u010distenie fas\u00e1d\u00a0v\u00e1m toti\u017e m\u00f4\u017ee zabezpe\u010di\u0165, \u017ee va\u0161i potenci\u00e1lni z\u00e1ujemci bud\u00fa ochotn\u00ed zaplati\u0165 vy\u0161\u0161iu sumu za va\u0161u nehnute\u013enos\u0165, ne\u017e keby ich u\u017e pri prvej prehliadke v\u00edtal zanedban\u00fd a\u00a0zne\u010disten\u00fd dom. A\u00a0v\u00e1s to pritom bude st\u00e1\u0165 len 3,8 eura za meter \u0161tvorcov\u00fd!<\/p>","protected":false},"author":1,"featured_media":979,"comment_status":"closed","ping_status":"open","sticky":false,"template":"","format":"standard","meta":{"footnotes":""},"categories":[1],"tags":[],"class_list":["post-1098","post","type-post","status-publish","format-standard","has-post-thumbnail","hentry","category-nezaradene"],"yoast_head":"<!-- This site is optimized with the Yoast SEO plugin v23.1 - https:\/\/yoast.com\/wordpress\/plugins\/seo\/ -->\n<title>Profesion\u00e1lne \u010distenie fas\u00e1d sa oplat\u00ed. Viete pre\u010do? | \u010cist\u00edme Fas\u00e1dy<\/title>\n<meta name=\"robots\" content=\"index, follow, max-snippet:-1, max-image-preview:large, max-video-preview:-1\" \/>\n<link rel=\"canonical\" href=\"https:\/\/cistime-fasady.sk\/cz\/profesionalne-cistenie-fasad-sa-oplati-viete-preco\/\" \/>\n<meta property=\"og:locale\" content=\"cs_CZ\" \/>\n<meta property=\"og:type\" content=\"article\" \/>\n<meta property=\"og:title\" content=\"Profesion\u00e1lne \u010distenie fas\u00e1d sa oplat\u00ed. Viete pre\u010do? | \u010cist\u00edme Fas\u00e1dy\" \/>\n<meta property=\"og:description\" content=\"Rozhodli ste sa, \u017ee je \u010das preda\u0165 svoju nehnute\u013enos\u0165 a\u00a0z\u00e1rove\u0148 chcete vyu\u017ei\u0165 ve\u013emi priazniv\u00fa moment\u00e1lnu situ\u00e1ciu na realitnom trhu? Je tu jedna vec, do ktorej by ste mali bez poch\u00fdb investova\u0165 e\u0161te pred t\u00fdm, ne\u017e zverejn\u00edte svoju ponuku na realitn\u00fdch port\u00e1loch. Je to \u010distenie fas\u00e1d. Pr\u00e1ve\u00a0\u010distenie fas\u00e1d\u00a0v\u00e1m toti\u017e m\u00f4\u017ee zabezpe\u010di\u0165, \u017ee va\u0161i potenci\u00e1lni z\u00e1ujemci bud\u00fa ochotn\u00ed zaplati\u0165 vy\u0161\u0161iu sumu za va\u0161u nehnute\u013enos\u0165, ne\u017e keby ich u\u017e pri prvej prehliadke v\u00edtal zanedban\u00fd a\u00a0zne\u010disten\u00fd dom. A\u00a0v\u00e1s to pritom bude st\u00e1\u0165 len 3,8 eura za meter \u0161tvorcov\u00fd!\" \/>\n<meta property=\"og:url\" content=\"https:\/\/cistime-fasady.sk\/cz\/profesionalne-cistenie-fasad-sa-oplati-viete-preco\/\" \/>\n<meta property=\"og:site_name\" content=\"\u010cist\u00edme Fas\u00e1dy\" \/>\n<meta property=\"article:publisher\" content=\"https:\/\/www.facebook.com\/cisteniefasadvalmax\/\" \/>\n<meta property=\"article:published_time\" content=\"2021-09-04T10:08:00+00:00\" \/>\n<meta property=\"article:modified_time\" content=\"2024-06-19T10:14:17+00:00\" \/>\n<meta property=\"og:image\" content=\"https:\/\/cistime-fasady.sk\/wp-content\/uploads\/2024\/06\/65.jpg\" \/>\n\t<meta property=\"og:image:width\" content=\"1024\" \/>\n\t<meta property=\"og:image:height\" content=\"768\" \/>\n\t<meta property=\"og:image:type\" content=\"image\/jpeg\" \/>\n<meta name=\"author\" content=\"RAKETING\" \/>\n<meta name=\"twitter:card\" content=\"summary_large_image\" \/>\n<meta name=\"twitter:label1\" content=\"Napsal(a)\" \/>\n\t<meta name=\"twitter:data1\" content=\"RAKETING\" \/>\n\t<meta name=\"twitter:label2\" content=\"Odhadovan\u00e1 doba \u010dten\u00ed\" \/>\n\t<meta name=\"twitter:data2\" content=\"2 minuty\" \/>\n<script type=\"application\/ld+json\" class=\"yoast-schema-graph\">{\"@context\":\"https:\/\/schema.org\",\"@graph\":[{\"@type\":\"Article\",\"@id\":\"https:\/\/cistime-fasady.sk\/profesionalne-cistenie-fasad-sa-oplati-viete-preco\/#article\",\"isPartOf\":{\"@id\":\"https:\/\/cistime-fasady.sk\/profesionalne-cistenie-fasad-sa-oplati-viete-preco\/\"},\"author\":{\"name\":\"RAKETING\",\"@id\":\"https:\/\/cistime-fasady.sk\/#\/schema\/person\/18a2e8eb3e0dbe04479779b3ac0c9865\"},\"headline\":\"Profesion\u00e1lne \u010distenie fas\u00e1d sa oplat\u00ed. Viete pre\u010do?\",\"datePublished\":\"2021-09-04T10:08:00+00:00\",\"dateModified\":\"2024-06-19T10:14:17+00:00\",\"mainEntityOfPage\":{\"@id\":\"https:\/\/cistime-fasady.sk\/profesionalne-cistenie-fasad-sa-oplati-viete-preco\/\"},\"wordCount\":298,\"publisher\":{\"@id\":\"https:\/\/cistime-fasady.sk\/#organization\"},\"image\":{\"@id\":\"https:\/\/cistime-fasady.sk\/profesionalne-cistenie-fasad-sa-oplati-viete-preco\/#primaryimage\"},\"thumbnailUrl\":\"https:\/\/cistime-fasady.sk\/wp-content\/uploads\/2024\/06\/65.jpg\",\"articleSection\":[\"Nezaraden\u00e9\"],\"inLanguage\":\"cs\"},{\"@type\":\"WebPage\",\"@id\":\"https:\/\/cistime-fasady.sk\/profesionalne-cistenie-fasad-sa-oplati-viete-preco\/\",\"url\":\"https:\/\/cistime-fasady.sk\/profesionalne-cistenie-fasad-sa-oplati-viete-preco\/\",\"name\":\"Profesion\u00e1lne \u010distenie fas\u00e1d sa oplat\u00ed. Viete pre\u010do? | \u010cist\u00edme Fas\u00e1dy\",\"isPartOf\":{\"@id\":\"https:\/\/cistime-fasady.sk\/#website\"},\"primaryImageOfPage\":{\"@id\":\"https:\/\/cistime-fasady.sk\/profesionalne-cistenie-fasad-sa-oplati-viete-preco\/#primaryimage\"},\"image\":{\"@id\":\"https:\/\/cistime-fasady.sk\/profesionalne-cistenie-fasad-sa-oplati-viete-preco\/#primaryimage\"},\"thumbnailUrl\":\"https:\/\/cistime-fasady.sk\/wp-content\/uploads\/2024\/06\/65.jpg\",\"datePublished\":\"2021-09-04T10:08:00+00:00\",\"dateModified\":\"2024-06-19T10:14:17+00:00\",\"breadcrumb\":{\"@id\":\"https:\/\/cistime-fasady.sk\/profesionalne-cistenie-fasad-sa-oplati-viete-preco\/#breadcrumb\"},\"inLanguage\":\"cs\",\"potentialAction\":[{\"@type\":\"ReadAction\",\"target\":[\"https:\/\/cistime-fasady.sk\/profesionalne-cistenie-fasad-sa-oplati-viete-preco\/\"]}]},{\"@type\":\"ImageObject\",\"inLanguage\":\"cs\",\"@id\":\"https:\/\/cistime-fasady.sk\/profesionalne-cistenie-fasad-sa-oplati-viete-preco\/#primaryimage\",\"url\":\"https:\/\/cistime-fasady.sk\/wp-content\/uploads\/2024\/06\/65.jpg\",\"contentUrl\":\"https:\/\/cistime-fasady.sk\/wp-content\/uploads\/2024\/06\/65.jpg\",\"width\":1024,\"height\":768,\"caption\":\"65\"},{\"@type\":\"BreadcrumbList\",\"@id\":\"https:\/\/cistime-fasady.sk\/profesionalne-cistenie-fasad-sa-oplati-viete-preco\/#breadcrumb\",\"itemListElement\":[{\"@type\":\"ListItem\",\"position\":1,\"name\":\"Domovsk\u00e1 str\u00e1nka\",\"item\":\"https:\/\/cistime-fasady.sk\/\"},{\"@type\":\"ListItem\",\"position\":2,\"name\":\"Profesion\u00e1lne \u010distenie fas\u00e1d sa oplat\u00ed. Viete pre\u010do?\"}]},{\"@type\":\"WebSite\",\"@id\":\"https:\/\/cistime-fasady.sk\/#website\",\"url\":\"https:\/\/cistime-fasady.sk\/\",\"name\":\"\u010cist\u00edme Fas\u00e1dy\",\"description\":\"Profesion\u00e1lne \u010distenie fas\u00e1d\",\"publisher\":{\"@id\":\"https:\/\/cistime-fasady.sk\/#organization\"},\"alternateName\":\"\u010cF\",\"potentialAction\":[{\"@type\":\"SearchAction\",\"target\":{\"@type\":\"EntryPoint\",\"urlTemplate\":\"https:\/\/cistime-fasady.sk\/?s={search_term_string}\"},\"query-input\":\"required name=search_term_string\"}],\"inLanguage\":\"cs\"},{\"@type\":\"Organization\",\"@id\":\"https:\/\/cistime-fasady.sk\/#organization\",\"name\":\"Valmax s.r.o.\",\"alternateName\":\"Valmax s.r.o.\",\"url\":\"https:\/\/cistime-fasady.sk\/\",\"logo\":{\"@type\":\"ImageObject\",\"inLanguage\":\"cs\",\"@id\":\"https:\/\/cistime-fasady.sk\/#\/schema\/logo\/image\/\",\"url\":\"https:\/\/cistime-fasady.sk\/wp-content\/uploads\/2024\/03\/313207521_617400896841873_42847256823662438_n.jpg\",\"contentUrl\":\"https:\/\/cistime-fasady.sk\/wp-content\/uploads\/2024\/03\/313207521_617400896841873_42847256823662438_n.jpg\",\"width\":971,\"height\":971,\"caption\":\"Valmax s.r.o.\"},\"image\":{\"@id\":\"https:\/\/cistime-fasady.sk\/#\/schema\/logo\/image\/\"},\"sameAs\":[\"https:\/\/www.facebook.com\/cisteniefasadvalmax\/\",\"https:\/\/www.instagram.com\/valmax_cisteniefasad\/\"]},{\"@type\":\"Person\",\"@id\":\"https:\/\/cistime-fasady.sk\/#\/schema\/person\/18a2e8eb3e0dbe04479779b3ac0c9865\",\"name\":\"RAKETING\",\"image\":{\"@type\":\"ImageObject\",\"inLanguage\":\"cs\",\"@id\":\"https:\/\/cistime-fasady.sk\/#\/schema\/person\/image\/\",\"url\":\"https:\/\/secure.gravatar.com\/avatar\/7c3caac6c6527a5588ed6ed3aa8a1560b2c5f42cf1b704448b0ba30756aecfbc?s=96&d=mm&r=g\",\"contentUrl\":\"https:\/\/secure.gravatar.com\/avatar\/7c3caac6c6527a5588ed6ed3aa8a1560b2c5f42cf1b704448b0ba30756aecfbc?s=96&d=mm&r=g\",\"caption\":\"RAKETING\"},\"sameAs\":[\"https:\/\/cistime-fasady.sk\"],\"url\":\"https:\/\/cistime-fasady.sk\/cz\/author\/test02\/\"}]}<\/script>\n<!-- \/ Yoast SEO plugin. -->","yoast_head_json":{"title":"Profesion\u00e1lne \u010distenie fas\u00e1d sa oplat\u00ed. Viete pre\u010do? | \u010cist\u00edme Fas\u00e1dy","robots":{"index":"index","follow":"follow","max-snippet":"max-snippet:-1","max-image-preview":"max-image-preview:large","max-video-preview":"max-video-preview:-1"},"canonical":"https:\/\/cistime-fasady.sk\/cz\/profesionalne-cistenie-fasad-sa-oplati-viete-preco\/","og_locale":"cs_CZ","og_type":"article","og_title":"Profesion\u00e1lne \u010distenie fas\u00e1d sa oplat\u00ed. Viete pre\u010do? | \u010cist\u00edme Fas\u00e1dy","og_description":"Rozhodli ste sa, \u017ee je \u010das preda\u0165 svoju nehnute\u013enos\u0165 a\u00a0z\u00e1rove\u0148 chcete vyu\u017ei\u0165 ve\u013emi priazniv\u00fa moment\u00e1lnu situ\u00e1ciu na realitnom trhu? Je tu jedna vec, do ktorej by ste mali bez poch\u00fdb investova\u0165 e\u0161te pred t\u00fdm, ne\u017e zverejn\u00edte svoju ponuku na realitn\u00fdch port\u00e1loch. Je to \u010distenie fas\u00e1d. Pr\u00e1ve\u00a0\u010distenie fas\u00e1d\u00a0v\u00e1m toti\u017e m\u00f4\u017ee zabezpe\u010di\u0165, \u017ee va\u0161i potenci\u00e1lni z\u00e1ujemci bud\u00fa ochotn\u00ed zaplati\u0165 vy\u0161\u0161iu sumu za va\u0161u nehnute\u013enos\u0165, ne\u017e keby ich u\u017e pri prvej prehliadke v\u00edtal zanedban\u00fd a\u00a0zne\u010disten\u00fd dom. A\u00a0v\u00e1s to pritom bude st\u00e1\u0165 len 3,8 eura za meter \u0161tvorcov\u00fd!","og_url":"https:\/\/cistime-fasady.sk\/cz\/profesionalne-cistenie-fasad-sa-oplati-viete-preco\/","og_site_name":"\u010cist\u00edme Fas\u00e1dy","article_publisher":"https:\/\/www.facebook.com\/cisteniefasadvalmax\/","article_published_time":"2021-09-04T10:08:00+00:00","article_modified_time":"2024-06-19T10:14:17+00:00","og_image":[{"width":1024,"height":768,"url":"https:\/\/cistime-fasady.sk\/wp-content\/uploads\/2024\/06\/65.jpg","type":"image\/jpeg"}],"author":"RAKETING","twitter_card":"summary_large_image","twitter_misc":{"Napsal(a)":"RAKETING","Odhadovan\u00e1 doba \u010dten\u00ed":"2 minuty"},"schema":{"@context":"https:\/\/schema.org","@graph":[{"@type":"Article","@id":"https:\/\/cistime-fasady.sk\/profesionalne-cistenie-fasad-sa-oplati-viete-preco\/#article","isPartOf":{"@id":"https:\/\/cistime-fasady.sk\/profesionalne-cistenie-fasad-sa-oplati-viete-preco\/"},"author":{"name":"RAKETING","@id":"https:\/\/cistime-fasady.sk\/#\/schema\/person\/18a2e8eb3e0dbe04479779b3ac0c9865"},"headline":"Profesion\u00e1lne \u010distenie fas\u00e1d sa oplat\u00ed. Viete pre\u010do?","datePublished":"2021-09-04T10:08:00+00:00","dateModified":"2024-06-19T10:14:17+00:00","mainEntityOfPage":{"@id":"https:\/\/cistime-fasady.sk\/profesionalne-cistenie-fasad-sa-oplati-viete-preco\/"},"wordCount":298,"publisher":{"@id":"https:\/\/cistime-fasady.sk\/#organization"},"image":{"@id":"https:\/\/cistime-fasady.sk\/profesionalne-cistenie-fasad-sa-oplati-viete-preco\/#primaryimage"},"thumbnailUrl":"https:\/\/cistime-fasady.sk\/wp-content\/uploads\/2024\/06\/65.jpg","articleSection":["Nezaraden\u00e9"],"inLanguage":"cs"},{"@type":"WebPage","@id":"https:\/\/cistime-fasady.sk\/profesionalne-cistenie-fasad-sa-oplati-viete-preco\/","url":"https:\/\/cistime-fasady.sk\/profesionalne-cistenie-fasad-sa-oplati-viete-preco\/","name":"Profesion\u00e1lne \u010distenie fas\u00e1d sa oplat\u00ed. Viete pre\u010do? | \u010cist\u00edme Fas\u00e1dy","isPartOf":{"@id":"https:\/\/cistime-fasady.sk\/#website"},"primaryImageOfPage":{"@id":"https:\/\/cistime-fasady.sk\/profesionalne-cistenie-fasad-sa-oplati-viete-preco\/#primaryimage"},"image":{"@id":"https:\/\/cistime-fasady.sk\/profesionalne-cistenie-fasad-sa-oplati-viete-preco\/#primaryimage"},"thumbnailUrl":"https:\/\/cistime-fasady.sk\/wp-content\/uploads\/2024\/06\/65.jpg","datePublished":"2021-09-04T10:08:00+00:00","dateModified":"2024-06-19T10:14:17+00:00","breadcrumb":{"@id":"https:\/\/cistime-fasady.sk\/profesionalne-cistenie-fasad-sa-oplati-viete-preco\/#breadcrumb"},"inLanguage":"cs","potentialAction":[{"@type":"ReadAction","target":["https:\/\/cistime-fasady.sk\/profesionalne-cistenie-fasad-sa-oplati-viete-preco\/"]}]},{"@type":"ImageObject","inLanguage":"cs","@id":"https:\/\/cistime-fasady.sk\/profesionalne-cistenie-fasad-sa-oplati-viete-preco\/#primaryimage","url":"https:\/\/cistime-fasady.sk\/wp-content\/uploads\/2024\/06\/65.jpg","contentUrl":"https:\/\/cistime-fasady.sk\/wp-content\/uploads\/2024\/06\/65.jpg","width":1024,"height":768,"caption":"65"},{"@type":"BreadcrumbList","@id":"https:\/\/cistime-fasady.sk\/profesionalne-cistenie-fasad-sa-oplati-viete-preco\/#breadcrumb","itemListElement":[{"@type":"ListItem","position":1,"name":"Domovsk\u00e1 str\u00e1nka","item":"https:\/\/cistime-fasady.sk\/"},{"@type":"ListItem","position":2,"name":"Profesion\u00e1lne \u010distenie fas\u00e1d sa oplat\u00ed. Viete pre\u010do?"}]},{"@type":"WebSite","@id":"https:\/\/cistime-fasady.sk\/#website","url":"https:\/\/cistime-fasady.sk\/","name":"\u010cist\u00edme Fas\u00e1dy","description":"Profesion\u00e1lne \u010distenie fas\u00e1d","publisher":{"@id":"https:\/\/cistime-fasady.sk\/#organization"},"alternateName":"\u010cF","potentialAction":[{"@type":"SearchAction","target":{"@type":"EntryPoint","urlTemplate":"https:\/\/cistime-fasady.sk\/?s={search_term_string}"},"query-input":"required name=search_term_string"}],"inLanguage":"cs"},{"@type":"Organization","@id":"https:\/\/cistime-fasady.sk\/#organization","name":"Valmax s.r.o.","alternateName":"Valmax s.r.o.","url":"https:\/\/cistime-fasady.sk\/","logo":{"@type":"ImageObject","inLanguage":"cs","@id":"https:\/\/cistime-fasady.sk\/#\/schema\/logo\/image\/","url":"https:\/\/cistime-fasady.sk\/wp-content\/uploads\/2024\/03\/313207521_617400896841873_42847256823662438_n.jpg","contentUrl":"https:\/\/cistime-fasady.sk\/wp-content\/uploads\/2024\/03\/313207521_617400896841873_42847256823662438_n.jpg","width":971,"height":971,"caption":"Valmax s.r.o."},"image":{"@id":"https:\/\/cistime-fasady.sk\/#\/schema\/logo\/image\/"},"sameAs":["https:\/\/www.facebook.com\/cisteniefasadvalmax\/","https:\/\/www.instagram.com\/valmax_cisteniefasad\/"]},{"@type":"Person","@id":"https:\/\/cistime-fasady.sk\/#\/schema\/person\/18a2e8eb3e0dbe04479779b3ac0c9865","name":"RAKETING","image":{"@type":"ImageObject","inLanguage":"cs","@id":"https:\/\/cistime-fasady.sk\/#\/schema\/person\/image\/","url":"https:\/\/secure.gravatar.com\/avatar\/7c3caac6c6527a5588ed6ed3aa8a1560b2c5f42cf1b704448b0ba30756aecfbc?s=96&d=mm&r=g","contentUrl":"https:\/\/secure.gravatar.com\/avatar\/7c3caac6c6527a5588ed6ed3aa8a1560b2c5f42cf1b704448b0ba30756aecfbc?s=96&d=mm&r=g","caption":"RAKETING"},"sameAs":["https:\/\/cistime-fasady.sk"],"url":"https:\/\/cistime-fasady.sk\/cz\/author\/test02\/"}]}},"_links":{"self":[{"href":"https:\/\/cistime-fasady.sk\/cz\/wp-json\/wp\/v2\/posts\/1098","targetHints":{"allow":["GET"]}}],"collection":[{"href":"https:\/\/cistime-fasady.sk\/cz\/wp-json\/wp\/v2\/posts"}],"about":[{"href":"https:\/\/cistime-fasady.sk\/cz\/wp-json\/wp\/v2\/types\/post"}],"author":[{"embeddable":true,"href":"https:\/\/cistime-fasady.sk\/cz\/wp-json\/wp\/v2\/users\/1"}],"replies":[{"embeddable":true,"href":"https:\/\/cistime-fasady.sk\/cz\/wp-json\/wp\/v2\/comments?post=1098"}],"version-history":[{"count":2,"href":"https:\/\/cistime-fasady.sk\/cz\/wp-json\/wp\/v2\/posts\/1098\/revisions"}],"predecessor-version":[{"id":1101,"href":"https:\/\/cistime-fasady.sk\/cz\/wp-json\/wp\/v2\/posts\/1098\/revisions\/1101"}],"wp:featuredmedia":[{"embeddable":true,"href":"https:\/\/cistime-fasady.sk\/cz\/wp-json\/wp\/v2\/media\/979"}],"wp:attachment":[{"href":"https:\/\/cistime-fasady.sk\/cz\/wp-json\/wp\/v2\/media?parent=1098"}],"wp:term":[{"taxonomy":"category","embeddable":true,"href":"https:\/\/cistime-fasady.sk\/cz\/wp-json\/wp\/v2\/categories?post=1098"},{"taxonomy":"post_tag","embeddable":true,"href":"https:\/\/cistime-fasady.sk\/cz\/wp-json\/wp\/v2\/tags?post=1098"}],"curies":[{"name":"wp","href":"https:\/\/api.w.org\/{rel}","templated":true}]}}