{"id":1071,"date":"2022-09-07T11:35:00","date_gmt":"2022-09-07T09:35:00","guid":{"rendered":"https:\/\/cistime-fasady.sk\/?p=1071"},"modified":"2024-08-13T12:36:39","modified_gmt":"2024-08-13T10:36:39","slug":"prichadza-idealne-obdobie-na-cistenie-fasad","status":"publish","type":"post","link":"https:\/\/cistime-fasady.sk\/cz\/prichadza-idealne-obdobie-na-cistenie-fasad\/","title":{"rendered":"Prich\u00e1dza ide\u00e1lne obdobie na \u010distenie fas\u00e1d"},"content":{"rendered":"<p><em><em>A&nbsp;je tu op\u00e4\u0165 jese\u0148! Ide\u00e1lny \u010das na \u010distenie fas\u00e1d. Ak pl\u00e1nujete ve\u013ek\u00e9 jesenn\u00e9 upratovanie, ur\u010dite nevynechajte ani svoju fas\u00e1du. Dni s\u00fa toti\u017e \u010doraz chladnej\u0161ie, menej slne\u010dn\u00e9 a&nbsp;spolu s&nbsp;\u010dastej\u0161\u00edmi preh\u00e1nkami sa vonku zvy\u0161uje aj vlhkos\u0165. To s\u00fa tie najlep\u0161ie podmienky pre vznik a&nbsp;rast rias a&nbsp;plesn\u00ed na va\u0161ej fas\u00e1de. Ak nechcete, aby po zime v\u00e1\u0161 dom vyzeral, \u017ee nepre\u0161lo len nieko\u013eko mesiacov, ale rovno cel\u00e9 roky, odpor\u00fa\u010dame, aby ste na&nbsp;<strong><em><a href=\"https:\/\/cistime-fasady.sk\/cz\/cistenie-fasad\/\">\u010distenie fas\u00e1d<\/a><\/em><\/strong>&nbsp;mysleli u\u017e teraz.<\/em><\/em><\/p>\n\n\n\n<div style=\"height:30px\" aria-hidden=\"true\" class=\"wp-block-spacer\"><\/div>\n\n\n\n<h2 class=\"wp-block-heading\"><strong>PRE\u010cO JE D\u00d4LE\u017dIT\u00c9 \u010cISTENIE FAS\u00c1D PRED ZIMOU?<\/strong><\/h2>\n\n\n\n<p>Ako sme u\u017e spom\u00ednali, zima je ide\u00e1lnym obdob\u00edm, kedy sa plesniam a&nbsp;riasam v\u00fdnimo\u010dne dar\u00ed. Moment\u00e1lne ich nemus\u00edte vidie\u0165 \u2013 m\u00f4\u017eu by\u0165 skryt\u00e9 v&nbsp;p\u00f3roch va\u0161ej fas\u00e1dy alebo ak ich u\u017e vid\u00edte aj na povrchu, v&nbsp;zime sa im bude dari\u0165 e\u0161te nieko\u013ekon\u00e1sobne lep\u0161ie. A&nbsp;nejde len o&nbsp;estetick\u00fd probl\u00e9m, preto\u017ee plesne a&nbsp;riasy prin\u00e1\u0161aj\u00fa aj zdravotn\u00e9 probl\u00e9my. Je tu v\u0161ak jednoduch\u00e9 rie\u0161enie \u2013 profesion\u00e1lne \u010distenie fas\u00e1d v\u00e1m pom\u00f4\u017ee vy\u010disti\u0165 fas\u00e1du do h\u013abky. Ak po \u010disten\u00ed nanesiete na svoju fas\u00e1du aj ochrann\u00fd n\u00e1ter, m\u00e1te najbli\u017e\u0161\u00edch 5 rokov bez starost\u00ed.<\/p>\n\n\n\n<div style=\"height:30px\" aria-hidden=\"true\" class=\"wp-block-spacer\"><\/div>\n\n\n\n<figure class=\"wp-block-gallery has-nested-images columns-default is-cropped wp-block-gallery-1 is-layout-flex wp-block-gallery-is-layout-flex\">\n<figure class=\"wp-block-image size-large\"><img fetchpriority=\"high\" decoding=\"async\" width=\"1024\" height=\"576\" data-id=\"989\" src=\"https:\/\/cistime-fasady.sk\/wp-content\/uploads\/2024\/06\/75.webp\" alt=\"\" class=\"wp-image-989\" srcset=\"https:\/\/cistime-fasady.sk\/wp-content\/uploads\/2024\/06\/75.webp 1024w, https:\/\/cistime-fasady.sk\/wp-content\/uploads\/2024\/06\/75-300x169.webp 300w, https:\/\/cistime-fasady.sk\/wp-content\/uploads\/2024\/06\/75-768x432.webp 768w\" sizes=\"(max-width: 1024px) 100vw, 1024px\" \/><\/figure>\n\n\n\n<figure class=\"wp-block-image size-large\"><img decoding=\"async\" width=\"1024\" height=\"768\" data-id=\"990\" src=\"https:\/\/cistime-fasady.sk\/wp-content\/uploads\/2024\/06\/76.webp\" alt=\"\" class=\"wp-image-990\" srcset=\"https:\/\/cistime-fasady.sk\/wp-content\/uploads\/2024\/06\/76.webp 1024w, https:\/\/cistime-fasady.sk\/wp-content\/uploads\/2024\/06\/76-300x225.webp 300w, https:\/\/cistime-fasady.sk\/wp-content\/uploads\/2024\/06\/76-768x576.webp 768w\" sizes=\"(max-width: 1024px) 100vw, 1024px\" \/><\/figure>\n<\/figure>\n\n\n\n<div style=\"height:30px\" aria-hidden=\"true\" class=\"wp-block-spacer\"><\/div>\n\n\n\n<h2 class=\"wp-block-heading\"><strong>AK CHCETE, ABY VA\u0160A FAS\u00c1DA VYZERALA OP\u00c4\u0164 AKO NOV\u00c1 A&nbsp;Z\u00c1ROVE\u0147 SA O&nbsp;\u0147U CHCETE PRED ZIMOU DOBRE POSTARA\u0164,&nbsp;<a href=\"https:\/\/cistime-fasady.sk\/cz\/kontakt\/\">KONTAKTUJTE N\u00c1S<\/a>.<\/strong><\/h2>\n\n\n\n<p>Nie ste si ist\u00fd, \u010di je \u010distenie fas\u00e1dy efekt\u00edvne? Pon\u00fakame v\u00e1m aj bezplatn\u00fa uk\u00e1\u017eku.<\/p>\n\n\n\n<p><\/p>","protected":false},"excerpt":{"rendered":"<p>A\u00a0je tu op\u00e4\u0165 jese\u0148! Ide\u00e1lny \u010das na \u010distenie fas\u00e1d. Ak pl\u00e1nujete ve\u013ek\u00e9 jesenn\u00e9 upratovanie, ur\u010dite nevynechajte ani svoju fas\u00e1du. Dni s\u00fa toti\u017e \u010doraz chladnej\u0161ie, menej slne\u010dn\u00e9 a\u00a0spolu s\u00a0\u010dastej\u0161\u00edmi preh\u00e1nkami sa vonku zvy\u0161uje aj vlhkos\u0165. To s\u00fa tie najlep\u0161ie podmienky pre vznik a\u00a0rast rias a\u00a0plesn\u00ed na va\u0161ej fas\u00e1de. Ak nechcete, aby po zime v\u00e1\u0161 dom vyzeral, \u017ee nepre\u0161lo len nieko\u013eko mesiacov, ale rovno cel\u00e9 roky, odpor\u00fa\u010dame, aby ste na\u00a0\u010distenie fas\u00e1d\u00a0mysleli u\u017e teraz.<\/p>","protected":false},"author":1,"featured_media":989,"comment_status":"closed","ping_status":"open","sticky":false,"template":"","format":"standard","meta":{"footnotes":""},"categories":[1],"tags":[],"class_list":["post-1071","post","type-post","status-publish","format-standard","has-post-thumbnail","hentry","category-nezaradene"],"yoast_head":"<!-- This site is optimized with the Yoast SEO plugin v23.1 - https:\/\/yoast.com\/wordpress\/plugins\/seo\/ -->\n<title>Prich\u00e1dza ide\u00e1lne obdobie na \u010distenie fas\u00e1d | \u010cist\u00edme Fas\u00e1dy<\/title>\n<meta name=\"robots\" content=\"index, follow, max-snippet:-1, max-image-preview:large, max-video-preview:-1\" \/>\n<link rel=\"canonical\" href=\"https:\/\/cistime-fasady.sk\/cz\/prichadza-idealne-obdobie-na-cistenie-fasad\/\" \/>\n<meta property=\"og:locale\" content=\"cs_CZ\" \/>\n<meta property=\"og:type\" content=\"article\" \/>\n<meta property=\"og:title\" content=\"Prich\u00e1dza ide\u00e1lne obdobie na \u010distenie fas\u00e1d | \u010cist\u00edme Fas\u00e1dy\" \/>\n<meta property=\"og:description\" content=\"A\u00a0je tu op\u00e4\u0165 jese\u0148! Ide\u00e1lny \u010das na \u010distenie fas\u00e1d. Ak pl\u00e1nujete ve\u013ek\u00e9 jesenn\u00e9 upratovanie, ur\u010dite nevynechajte ani svoju fas\u00e1du. Dni s\u00fa toti\u017e \u010doraz chladnej\u0161ie, menej slne\u010dn\u00e9 a\u00a0spolu s\u00a0\u010dastej\u0161\u00edmi preh\u00e1nkami sa vonku zvy\u0161uje aj vlhkos\u0165. To s\u00fa tie najlep\u0161ie podmienky pre vznik a\u00a0rast rias a\u00a0plesn\u00ed na va\u0161ej fas\u00e1de. Ak nechcete, aby po zime v\u00e1\u0161 dom vyzeral, \u017ee nepre\u0161lo len nieko\u013eko mesiacov, ale rovno cel\u00e9 roky, odpor\u00fa\u010dame, aby ste na\u00a0\u010distenie fas\u00e1d\u00a0mysleli u\u017e teraz.\" \/>\n<meta property=\"og:url\" content=\"https:\/\/cistime-fasady.sk\/cz\/prichadza-idealne-obdobie-na-cistenie-fasad\/\" \/>\n<meta property=\"og:site_name\" content=\"\u010cist\u00edme Fas\u00e1dy\" \/>\n<meta property=\"article:publisher\" content=\"https:\/\/www.facebook.com\/cisteniefasadvalmax\/\" \/>\n<meta property=\"article:published_time\" content=\"2022-09-07T09:35:00+00:00\" \/>\n<meta property=\"article:modified_time\" content=\"2024-08-13T10:36:39+00:00\" \/>\n<meta property=\"og:image\" content=\"https:\/\/cistime-fasady.sk\/wp-content\/uploads\/2024\/06\/75.webp\" \/>\n\t<meta property=\"og:image:width\" content=\"1024\" \/>\n\t<meta property=\"og:image:height\" content=\"576\" \/>\n\t<meta property=\"og:image:type\" content=\"image\/jpeg\" \/>\n<meta name=\"author\" content=\"RAKETING\" \/>\n<meta name=\"twitter:card\" content=\"summary_large_image\" \/>\n<meta name=\"twitter:label1\" content=\"Napsal(a)\" \/>\n\t<meta name=\"twitter:data1\" content=\"RAKETING\" \/>\n\t<meta name=\"twitter:label2\" content=\"Odhadovan\u00e1 doba \u010dten\u00ed\" \/>\n\t<meta name=\"twitter:data2\" content=\"2 minuty\" \/>\n<script type=\"application\/ld+json\" class=\"yoast-schema-graph\">{\"@context\":\"https:\/\/schema.org\",\"@graph\":[{\"@type\":\"Article\",\"@id\":\"https:\/\/cistime-fasady.sk\/prichadza-idealne-obdobie-na-cistenie-fasad\/#article\",\"isPartOf\":{\"@id\":\"https:\/\/cistime-fasady.sk\/prichadza-idealne-obdobie-na-cistenie-fasad\/\"},\"author\":{\"name\":\"RAKETING\",\"@id\":\"https:\/\/cistime-fasady.sk\/#\/schema\/person\/18a2e8eb3e0dbe04479779b3ac0c9865\"},\"headline\":\"Prich\u00e1dza ide\u00e1lne obdobie na \u010distenie fas\u00e1d\",\"datePublished\":\"2022-09-07T09:35:00+00:00\",\"dateModified\":\"2024-08-13T10:36:39+00:00\",\"mainEntityOfPage\":{\"@id\":\"https:\/\/cistime-fasady.sk\/prichadza-idealne-obdobie-na-cistenie-fasad\/\"},\"wordCount\":295,\"publisher\":{\"@id\":\"https:\/\/cistime-fasady.sk\/#organization\"},\"image\":{\"@id\":\"https:\/\/cistime-fasady.sk\/prichadza-idealne-obdobie-na-cistenie-fasad\/#primaryimage\"},\"thumbnailUrl\":\"https:\/\/cistime-fasady.sk\/wp-content\/uploads\/2024\/06\/75.webp\",\"articleSection\":[\"Nezaraden\u00e9\"],\"inLanguage\":\"cs\"},{\"@type\":\"WebPage\",\"@id\":\"https:\/\/cistime-fasady.sk\/prichadza-idealne-obdobie-na-cistenie-fasad\/\",\"url\":\"https:\/\/cistime-fasady.sk\/prichadza-idealne-obdobie-na-cistenie-fasad\/\",\"name\":\"Prich\u00e1dza ide\u00e1lne obdobie na \u010distenie fas\u00e1d | \u010cist\u00edme Fas\u00e1dy\",\"isPartOf\":{\"@id\":\"https:\/\/cistime-fasady.sk\/#website\"},\"primaryImageOfPage\":{\"@id\":\"https:\/\/cistime-fasady.sk\/prichadza-idealne-obdobie-na-cistenie-fasad\/#primaryimage\"},\"image\":{\"@id\":\"https:\/\/cistime-fasady.sk\/prichadza-idealne-obdobie-na-cistenie-fasad\/#primaryimage\"},\"thumbnailUrl\":\"https:\/\/cistime-fasady.sk\/wp-content\/uploads\/2024\/06\/75.webp\",\"datePublished\":\"2022-09-07T09:35:00+00:00\",\"dateModified\":\"2024-08-13T10:36:39+00:00\",\"breadcrumb\":{\"@id\":\"https:\/\/cistime-fasady.sk\/prichadza-idealne-obdobie-na-cistenie-fasad\/#breadcrumb\"},\"inLanguage\":\"cs\",\"potentialAction\":[{\"@type\":\"ReadAction\",\"target\":[\"https:\/\/cistime-fasady.sk\/prichadza-idealne-obdobie-na-cistenie-fasad\/\"]}]},{\"@type\":\"ImageObject\",\"inLanguage\":\"cs\",\"@id\":\"https:\/\/cistime-fasady.sk\/prichadza-idealne-obdobie-na-cistenie-fasad\/#primaryimage\",\"url\":\"https:\/\/cistime-fasady.sk\/wp-content\/uploads\/2024\/06\/75.webp\",\"contentUrl\":\"https:\/\/cistime-fasady.sk\/wp-content\/uploads\/2024\/06\/75.webp\",\"width\":1024,\"height\":576,\"caption\":\"75\"},{\"@type\":\"BreadcrumbList\",\"@id\":\"https:\/\/cistime-fasady.sk\/prichadza-idealne-obdobie-na-cistenie-fasad\/#breadcrumb\",\"itemListElement\":[{\"@type\":\"ListItem\",\"position\":1,\"name\":\"Domovsk\u00e1 str\u00e1nka\",\"item\":\"https:\/\/cistime-fasady.sk\/\"},{\"@type\":\"ListItem\",\"position\":2,\"name\":\"Prich\u00e1dza ide\u00e1lne obdobie na \u010distenie fas\u00e1d\"}]},{\"@type\":\"WebSite\",\"@id\":\"https:\/\/cistime-fasady.sk\/#website\",\"url\":\"https:\/\/cistime-fasady.sk\/\",\"name\":\"\u010cist\u00edme Fas\u00e1dy\",\"description\":\"Profesion\u00e1lne \u010distenie fas\u00e1d\",\"publisher\":{\"@id\":\"https:\/\/cistime-fasady.sk\/#organization\"},\"alternateName\":\"\u010cF\",\"potentialAction\":[{\"@type\":\"SearchAction\",\"target\":{\"@type\":\"EntryPoint\",\"urlTemplate\":\"https:\/\/cistime-fasady.sk\/?s={search_term_string}\"},\"query-input\":\"required name=search_term_string\"}],\"inLanguage\":\"cs\"},{\"@type\":\"Organization\",\"@id\":\"https:\/\/cistime-fasady.sk\/#organization\",\"name\":\"Valmax s.r.o.\",\"alternateName\":\"Valmax s.r.o.\",\"url\":\"https:\/\/cistime-fasady.sk\/\",\"logo\":{\"@type\":\"ImageObject\",\"inLanguage\":\"cs\",\"@id\":\"https:\/\/cistime-fasady.sk\/#\/schema\/logo\/image\/\",\"url\":\"https:\/\/cistime-fasady.sk\/wp-content\/uploads\/2024\/03\/313207521_617400896841873_42847256823662438_n.jpg\",\"contentUrl\":\"https:\/\/cistime-fasady.sk\/wp-content\/uploads\/2024\/03\/313207521_617400896841873_42847256823662438_n.jpg\",\"width\":971,\"height\":971,\"caption\":\"Valmax s.r.o.\"},\"image\":{\"@id\":\"https:\/\/cistime-fasady.sk\/#\/schema\/logo\/image\/\"},\"sameAs\":[\"https:\/\/www.facebook.com\/cisteniefasadvalmax\/\",\"https:\/\/www.instagram.com\/valmax_cisteniefasad\/\"]},{\"@type\":\"Person\",\"@id\":\"https:\/\/cistime-fasady.sk\/#\/schema\/person\/18a2e8eb3e0dbe04479779b3ac0c9865\",\"name\":\"RAKETING\",\"image\":{\"@type\":\"ImageObject\",\"inLanguage\":\"cs\",\"@id\":\"https:\/\/cistime-fasady.sk\/#\/schema\/person\/image\/\",\"url\":\"https:\/\/secure.gravatar.com\/avatar\/7c3caac6c6527a5588ed6ed3aa8a1560b2c5f42cf1b704448b0ba30756aecfbc?s=96&d=mm&r=g\",\"contentUrl\":\"https:\/\/secure.gravatar.com\/avatar\/7c3caac6c6527a5588ed6ed3aa8a1560b2c5f42cf1b704448b0ba30756aecfbc?s=96&d=mm&r=g\",\"caption\":\"RAKETING\"},\"sameAs\":[\"https:\/\/cistime-fasady.sk\"],\"url\":\"https:\/\/cistime-fasady.sk\/cz\/author\/test02\/\"}]}<\/script>\n<!-- \/ Yoast SEO plugin. -->","yoast_head_json":{"title":"Prich\u00e1dza ide\u00e1lne obdobie na \u010distenie fas\u00e1d | \u010cist\u00edme Fas\u00e1dy","robots":{"index":"index","follow":"follow","max-snippet":"max-snippet:-1","max-image-preview":"max-image-preview:large","max-video-preview":"max-video-preview:-1"},"canonical":"https:\/\/cistime-fasady.sk\/cz\/prichadza-idealne-obdobie-na-cistenie-fasad\/","og_locale":"cs_CZ","og_type":"article","og_title":"Prich\u00e1dza ide\u00e1lne obdobie na \u010distenie fas\u00e1d | \u010cist\u00edme Fas\u00e1dy","og_description":"A\u00a0je tu op\u00e4\u0165 jese\u0148! Ide\u00e1lny \u010das na \u010distenie fas\u00e1d. Ak pl\u00e1nujete ve\u013ek\u00e9 jesenn\u00e9 upratovanie, ur\u010dite nevynechajte ani svoju fas\u00e1du. Dni s\u00fa toti\u017e \u010doraz chladnej\u0161ie, menej slne\u010dn\u00e9 a\u00a0spolu s\u00a0\u010dastej\u0161\u00edmi preh\u00e1nkami sa vonku zvy\u0161uje aj vlhkos\u0165. To s\u00fa tie najlep\u0161ie podmienky pre vznik a\u00a0rast rias a\u00a0plesn\u00ed na va\u0161ej fas\u00e1de. Ak nechcete, aby po zime v\u00e1\u0161 dom vyzeral, \u017ee nepre\u0161lo len nieko\u013eko mesiacov, ale rovno cel\u00e9 roky, odpor\u00fa\u010dame, aby ste na\u00a0\u010distenie fas\u00e1d\u00a0mysleli u\u017e teraz.","og_url":"https:\/\/cistime-fasady.sk\/cz\/prichadza-idealne-obdobie-na-cistenie-fasad\/","og_site_name":"\u010cist\u00edme Fas\u00e1dy","article_publisher":"https:\/\/www.facebook.com\/cisteniefasadvalmax\/","article_published_time":"2022-09-07T09:35:00+00:00","article_modified_time":"2024-08-13T10:36:39+00:00","og_image":[{"width":1024,"height":576,"url":"https:\/\/cistime-fasady.sk\/wp-content\/uploads\/2024\/06\/75.webp","type":"image\/jpeg"}],"author":"RAKETING","twitter_card":"summary_large_image","twitter_misc":{"Napsal(a)":"RAKETING","Odhadovan\u00e1 doba \u010dten\u00ed":"2 minuty"},"schema":{"@context":"https:\/\/schema.org","@graph":[{"@type":"Article","@id":"https:\/\/cistime-fasady.sk\/prichadza-idealne-obdobie-na-cistenie-fasad\/#article","isPartOf":{"@id":"https:\/\/cistime-fasady.sk\/prichadza-idealne-obdobie-na-cistenie-fasad\/"},"author":{"name":"RAKETING","@id":"https:\/\/cistime-fasady.sk\/#\/schema\/person\/18a2e8eb3e0dbe04479779b3ac0c9865"},"headline":"Prich\u00e1dza ide\u00e1lne obdobie na \u010distenie fas\u00e1d","datePublished":"2022-09-07T09:35:00+00:00","dateModified":"2024-08-13T10:36:39+00:00","mainEntityOfPage":{"@id":"https:\/\/cistime-fasady.sk\/prichadza-idealne-obdobie-na-cistenie-fasad\/"},"wordCount":295,"publisher":{"@id":"https:\/\/cistime-fasady.sk\/#organization"},"image":{"@id":"https:\/\/cistime-fasady.sk\/prichadza-idealne-obdobie-na-cistenie-fasad\/#primaryimage"},"thumbnailUrl":"https:\/\/cistime-fasady.sk\/wp-content\/uploads\/2024\/06\/75.webp","articleSection":["Nezaraden\u00e9"],"inLanguage":"cs"},{"@type":"WebPage","@id":"https:\/\/cistime-fasady.sk\/prichadza-idealne-obdobie-na-cistenie-fasad\/","url":"https:\/\/cistime-fasady.sk\/prichadza-idealne-obdobie-na-cistenie-fasad\/","name":"Prich\u00e1dza ide\u00e1lne obdobie na \u010distenie fas\u00e1d | \u010cist\u00edme Fas\u00e1dy","isPartOf":{"@id":"https:\/\/cistime-fasady.sk\/#website"},"primaryImageOfPage":{"@id":"https:\/\/cistime-fasady.sk\/prichadza-idealne-obdobie-na-cistenie-fasad\/#primaryimage"},"image":{"@id":"https:\/\/cistime-fasady.sk\/prichadza-idealne-obdobie-na-cistenie-fasad\/#primaryimage"},"thumbnailUrl":"https:\/\/cistime-fasady.sk\/wp-content\/uploads\/2024\/06\/75.webp","datePublished":"2022-09-07T09:35:00+00:00","dateModified":"2024-08-13T10:36:39+00:00","breadcrumb":{"@id":"https:\/\/cistime-fasady.sk\/prichadza-idealne-obdobie-na-cistenie-fasad\/#breadcrumb"},"inLanguage":"cs","potentialAction":[{"@type":"ReadAction","target":["https:\/\/cistime-fasady.sk\/prichadza-idealne-obdobie-na-cistenie-fasad\/"]}]},{"@type":"ImageObject","inLanguage":"cs","@id":"https:\/\/cistime-fasady.sk\/prichadza-idealne-obdobie-na-cistenie-fasad\/#primaryimage","url":"https:\/\/cistime-fasady.sk\/wp-content\/uploads\/2024\/06\/75.webp","contentUrl":"https:\/\/cistime-fasady.sk\/wp-content\/uploads\/2024\/06\/75.webp","width":1024,"height":576,"caption":"75"},{"@type":"BreadcrumbList","@id":"https:\/\/cistime-fasady.sk\/prichadza-idealne-obdobie-na-cistenie-fasad\/#breadcrumb","itemListElement":[{"@type":"ListItem","position":1,"name":"Domovsk\u00e1 str\u00e1nka","item":"https:\/\/cistime-fasady.sk\/"},{"@type":"ListItem","position":2,"name":"Prich\u00e1dza ide\u00e1lne obdobie na \u010distenie fas\u00e1d"}]},{"@type":"WebSite","@id":"https:\/\/cistime-fasady.sk\/#website","url":"https:\/\/cistime-fasady.sk\/","name":"\u010cist\u00edme Fas\u00e1dy","description":"Profesion\u00e1lne \u010distenie fas\u00e1d","publisher":{"@id":"https:\/\/cistime-fasady.sk\/#organization"},"alternateName":"\u010cF","potentialAction":[{"@type":"SearchAction","target":{"@type":"EntryPoint","urlTemplate":"https:\/\/cistime-fasady.sk\/?s={search_term_string}"},"query-input":"required name=search_term_string"}],"inLanguage":"cs"},{"@type":"Organization","@id":"https:\/\/cistime-fasady.sk\/#organization","name":"Valmax s.r.o.","alternateName":"Valmax s.r.o.","url":"https:\/\/cistime-fasady.sk\/","logo":{"@type":"ImageObject","inLanguage":"cs","@id":"https:\/\/cistime-fasady.sk\/#\/schema\/logo\/image\/","url":"https:\/\/cistime-fasady.sk\/wp-content\/uploads\/2024\/03\/313207521_617400896841873_42847256823662438_n.jpg","contentUrl":"https:\/\/cistime-fasady.sk\/wp-content\/uploads\/2024\/03\/313207521_617400896841873_42847256823662438_n.jpg","width":971,"height":971,"caption":"Valmax s.r.o."},"image":{"@id":"https:\/\/cistime-fasady.sk\/#\/schema\/logo\/image\/"},"sameAs":["https:\/\/www.facebook.com\/cisteniefasadvalmax\/","https:\/\/www.instagram.com\/valmax_cisteniefasad\/"]},{"@type":"Person","@id":"https:\/\/cistime-fasady.sk\/#\/schema\/person\/18a2e8eb3e0dbe04479779b3ac0c9865","name":"RAKETING","image":{"@type":"ImageObject","inLanguage":"cs","@id":"https:\/\/cistime-fasady.sk\/#\/schema\/person\/image\/","url":"https:\/\/secure.gravatar.com\/avatar\/7c3caac6c6527a5588ed6ed3aa8a1560b2c5f42cf1b704448b0ba30756aecfbc?s=96&d=mm&r=g","contentUrl":"https:\/\/secure.gravatar.com\/avatar\/7c3caac6c6527a5588ed6ed3aa8a1560b2c5f42cf1b704448b0ba30756aecfbc?s=96&d=mm&r=g","caption":"RAKETING"},"sameAs":["https:\/\/cistime-fasady.sk"],"url":"https:\/\/cistime-fasady.sk\/cz\/author\/test02\/"}]}},"_links":{"self":[{"href":"https:\/\/cistime-fasady.sk\/cz\/wp-json\/wp\/v2\/posts\/1071","targetHints":{"allow":["GET"]}}],"collection":[{"href":"https:\/\/cistime-fasady.sk\/cz\/wp-json\/wp\/v2\/posts"}],"about":[{"href":"https:\/\/cistime-fasady.sk\/cz\/wp-json\/wp\/v2\/types\/post"}],"author":[{"embeddable":true,"href":"https:\/\/cistime-fasady.sk\/cz\/wp-json\/wp\/v2\/users\/1"}],"replies":[{"embeddable":true,"href":"https:\/\/cistime-fasady.sk\/cz\/wp-json\/wp\/v2\/comments?post=1071"}],"version-history":[{"count":4,"href":"https:\/\/cistime-fasady.sk\/cz\/wp-json\/wp\/v2\/posts\/1071\/revisions"}],"predecessor-version":[{"id":1683,"href":"https:\/\/cistime-fasady.sk\/cz\/wp-json\/wp\/v2\/posts\/1071\/revisions\/1683"}],"wp:featuredmedia":[{"embeddable":true,"href":"https:\/\/cistime-fasady.sk\/cz\/wp-json\/wp\/v2\/media\/989"}],"wp:attachment":[{"href":"https:\/\/cistime-fasady.sk\/cz\/wp-json\/wp\/v2\/media?parent=1071"}],"wp:term":[{"taxonomy":"category","embeddable":true,"href":"https:\/\/cistime-fasady.sk\/cz\/wp-json\/wp\/v2\/categories?post=1071"},{"taxonomy":"post_tag","embeddable":true,"href":"https:\/\/cistime-fasady.sk\/cz\/wp-json\/wp\/v2\/tags?post=1071"}],"curies":[{"name":"wp","href":"https:\/\/api.w.org\/{rel}","templated":true}]}}